{"id":1317,"date":"2024-04-15T15:28:33","date_gmt":"2024-04-15T18:28:33","guid":{"rendered":"https:\/\/tveventos.tv.br\/?p=1317"},"modified":"2024-04-15T15:28:36","modified_gmt":"2024-04-15T18:28:36","slug":"fruit-attraction-sera-aberta-na-terca-feira-dia-16-no-sao-paulo-expo","status":"publish","type":"post","link":"https:\/\/tveventos.tv.br\/?p=1317","title":{"rendered":"Fruit Attraction ser\u00e1 aberta na ter\u00e7a-feira, dia 16, no S\u00e3o Paulo Expo"},"content":{"rendered":"\n<p><em>Pela primeira vez no Brasil, a feira \u00e9 a marca mais tradicional da IFEMA MADRID que re\u00fane mais de 140 pa\u00edses em sua edi\u00e7\u00e3o europeia<\/em>.<\/p>\n\n\n\n<p>A Fruit Attraction S\u00e3o Paulo, uma das principais feiras internacionais do setor de frutas e vegetais do mundo, ser\u00e1 aberta na ter\u00e7a-feira, dia 16 de abril, e segue at\u00e9 o dia 18, no S\u00e3o Paulo Expo, na capital paulista. A solenidade de abertura ser\u00e1 no primeiro dia da feira, das 9h \u00e0s 10h, no mezanino (salas 208 ABC), com as presen\u00e7as do presidente de Abrafrutas (Associa\u00e7\u00e3o Brasileira dos Produtores e Exportadores de Frutas e Derivados), Guilherme Coelho, do presidente da Apex Brasil, Jorge Viana, al\u00e9m de executivos das empresas expositoras e entidades setoriais. Os convidados ser\u00e3o recebidos por Jaime Mart\u00edn, diretor de Expans\u00e3o Internacional da IFEMA MADRID e Maur\u00edcio Macedo, CEO da Fiera Milano Brasil, organizadoras do evento.<\/p>\n\n\n\n<p>Pela primeira vez no Brasil, a Fruit Attraction \u00e9 uma das marcas emblem\u00e1ticas da IFEMA MADRID, que oferece tradi\u00e7\u00e3o e expertise de sucesso. No ano passado, em sua 15\u00aa edi\u00e7\u00e3o, reuniu mais de 103 mil profissionais de 145 pa\u00edses e 2 mil expositores de todo o mundo, tornando-se uma das grandes refer\u00eancias no calend\u00e1rio de feiras global.<\/p>\n\n\n\n<p>No pa\u00eds, o evento dever\u00e1 alavancar ainda mais o setor de exporta\u00e7\u00e3o de frutas, que bateu recorde de faturamento em 2023, alcan\u00e7ando a marca de 1,2 bilh\u00e3o de d\u00f3lares, conforme dados da Abrafrutas. Segundo a organiza\u00e7\u00e3o do evento, no Brasil a estimativa \u00e9 reunir 9 mil visitantes de mais de 45 pa\u00edses e 300 expositores.<\/p>\n\n\n\n<p>\u201cSem d\u00favida, esse evento \u00e9 um dos projetos mais adequados para expandir a marca Fruit Attraction para o exterior, especialmente para um pa\u00eds t\u00e3o rico no setor hortofrut\u00edcola como o Brasil. A Fruit Attraction S\u00e3o Paulo tem um enorme potencial&#8221;, afirma Jaime Mart\u00edn, da IFEMA MADRID.<\/p>\n\n\n\n<p><br>\u201c\u00c9 uma satisfa\u00e7\u00e3o trazer esta feira para o Brasil, atrav\u00e9s da parceria com a IFEMA MADRID. Trata-se de uma marca consolidada na Europa e um dos principais eventos de frutas e hortali\u00e7as do mundo. Unimos a pujan\u00e7a da feira com o potencial brasileiro no setor. Isso nos d\u00e1 muito \u00e2nimo e a certeza de que esta ser\u00e1 a primeira de muitas outras edi\u00e7\u00f5es&#8221;, afirma Maur\u00edcio Macedo, da Fiera Milano Brasil.<\/p>\n\n\n\n<p>Na programa\u00e7\u00e3o de conte\u00fado, o <a href=\"https:\/\/s2404.imxsnd20.com\/link.php?code=bDpodHRwcyUzQSUyRiUyRnd3dy5pZmVtYS5lcyUyRmZydWl0LWF0dHJhY3Rpb24tc2FvLXBhdWxvJTJGcHJvZ3JhbWFjYW8tZG8tZnJ1aXQtZm9ydW0lMkY6MTY4MjU2ODExMzpyZWRhY2FvdHZldmVudG9zQGdtYWlsLmNvbTo1ZWY3MjA6NzY=\">Fruit F\u00f3rum<\/a> traz diversos temas relevantes para toda a ind\u00fastria, com indicadores de tend\u00eancias e oportunidades para quem j\u00e1 atua no setor frut\u00edcola ou deseja empreender. O evento tem como patrocinadores os governos da Bahia e do Maranh\u00e3o e o Porto de Suape.<\/p>\n\n\n\n<p>A presen\u00e7a internacional na Feira \u00e9 outro ponto alto para o p\u00fablico, expositores e profissionais do setor interessados nas oportunidades de neg\u00f3cios, uma vez que a IFEMA MADRID est\u00e1 trazendo uma boa parcela de expositores europeus. Al\u00e9m de pa\u00edses da Europa como Portugal, Gr\u00e9cia, Holanda, Fran\u00e7a, It\u00e1lia e Espanha, j\u00e1 foram confirmados expositores de Argentina, Chile, Uruguai, Estados Unidos, Egito e Nova Zel\u00e2ndia.<\/p>\n\n\n\n<p><br>Ao lado da ala internacional do evento, representantes de v\u00e1rios estados brasileiros tamb\u00e9m confirmaram presen\u00e7a, como Rio Grande do Norte, Maranh\u00e3o, Bahia, Pernambuco, Par\u00e1, S\u00e3o Paulo e Esp\u00edrito Santo. Todos s\u00e3o estados exportadores de frutas, com destaques para mangas, lim\u00f5es e limas, mel\u00f5es, uvas e melancias.<\/p>\n\n\n\n<p>\u00c1reas da Feira<\/p>\n\n\n\n<p>A Fruit Attraction S\u00e3o Paulo estar\u00e1 dividida nas seguintes \u00e1reas:<\/p>\n\n\n\n<ul class=\"wp-block-list\">\n<li>Produtos Frescos &#8211; Frutas e Legumes Frescos; Ervas arom\u00e1ticas e especiarias; Mercado Ecorg\u00e2nico; Produtos transformados (congelados, conservados, concentrado); Organiza\u00e7\u00f5es e Associa\u00e7\u00f5es; Estufas;<\/li>\n\n\n\n<li>Industria Auxiliar \u2013 Sementes; Fertilizantes, Agronutrientes e Fitossanit\u00e1rios; Produtos Pr\u00e9-Colheita; Transporte e Log\u00edstica; Embalagem &amp; Rotulagem; P\u00f3s-Colheita; Ponto de Venda.<\/li>\n\n\n\n<li>Tecnologia &#8211; Smart Agro (Aplicativos, IOT, Big Data, IA, ERPs, Rastreamento, Monitoramento, Automa\u00e7\u00e3o, Previs\u00e3o, Digitaliza\u00e7\u00e3o); Agricultura 4.0; Software e dispositivos aplicados ao setor; Tecnologias de Cadeia Fria e Automa\u00e7\u00e3o; Biotecnologia aplicada \u00e0 agrobiologia\/planta; Biotecnolog\u00eda.<\/li>\n\n\n\n<li>Log\u00edstica de Alimentos Frescos &#8211; Armazenamento na origem; Log\u00edstica e transporte at\u00e9 destino; Varejo; Solu\u00e7\u00f5es de armazenamento refrigerado; Com\u00e9rcio eletr\u00f4nico.<\/li>\n<\/ul>\n\n\n\n<p>Servi\u00e7o:<\/p>\n\n\n\n<p>Fruit Attraction S\u00e3o Paulo<\/p>\n\n\n\n<p>Data: 16 a 18 de abril de 2024<\/p>\n\n\n\n<p>Hor\u00e1rio: das 10h \u00e0s 18h<\/p>\n\n\n\n<p>Local: S\u00e3o Paulo Expo Exhibition &amp; Convention Center<\/p>\n\n\n\n<p>Endere\u00e7o: Rodovia dos Imigrantes, 1,5 km &#8211; Vila \u00c1gua Funda, S\u00e3o Paulo &#8211; SP<\/p>\n\n\n\n<p>Transporte gratuito com in\u00edcio 1 hora antes at\u00e9 1 hora depois do funcionamento da feira, partindo da esta\u00e7\u00e3o Santos-Imigrantes do metr\u00f4 (Linha 3 \u2013 Verde).<\/p>\n\n\n\n<p>Mais informa\u00e7\u00f5es <a href=\"https:\/\/s2404.imxsnd20.com\/link.php?code=bDpodHRwcyUzQSUyRiUyRnd3dy5pZmVtYS5lcyUyRmZydWl0LWF0dHJhY3Rpb24tc2FvLXBhdWxvJTJGOjE2ODI1NjgxMTM6cmVkYWNhb3R2ZXZlbnRvc0BnbWFpbC5jb206YWU5ZjFmOjc2\">neste link<\/a>.<\/p>\n\n\n\n<p>Sobre a IFEMA MADRID<\/p>\n\n\n\n<p>IFEMA MADRID \u00e9 o principal operador de feiras na Espanha e um dos mais importantes na Europa. Com mais de 500 eventos realizados a cada ano, seu calend\u00e1rio anual inclui feiras, congressos e eventos profissionais relacionados com praticamente todos os setores da economia. Anualmente, mais de 24 mil empresas espanholas e estrangeiras participam para gerar neg\u00f3cios e estabelecer rela\u00e7\u00f5es comerciais, atraindo cerca de 4 milh\u00f5es de visitantes. Com uma programa\u00e7\u00e3o intensa, que tamb\u00e9m engloba grandes eventos musicais, espet\u00e1culos, exposi\u00e7\u00f5es e eventos de lazer para o p\u00fablico em geral, a companhia consolidou-se como o segundo motor econ\u00f4mico da Regi\u00e3o de Madrid, com um impacto na Comunidade local de 5.104 milh\u00f5es de euros. Mais informa\u00e7\u00f5es: <a href=\"https:\/\/s2404.imxsnd20.com\/link.php?code=bDpodHRwcyUzQSUyRiUyRnd3dy5pZmVtYS5lcyUyRjoxNjgyNTY4MTEzOnJlZGFjYW90dmV2ZW50b3NAZ21haWwuY29tOjFmZmFkZTo3Ng==\">Link<br><\/a>&nbsp;<\/p>\n\n\n\n<p>Sobre a Fiera Milano Brasil<\/p>\n\n\n\n<p>A Fiera Milano Brasil \u00e9 a filial brasileira da Fiera Milano, um dos maiores players de feiras e congressos do mundo que a cada ano atraem aproximadamente 30 mil expositores e mais de cinco milh\u00f5es de visitantes. No Brasil, s\u00e3o realizadas sete feiras que representam os mais diversos segmentos da economia, como seguran\u00e7a, energias limpas e renov\u00e1veis, tubos e conex\u00f5es, cabos, sa\u00fade no trabalho, tecnologias em reabilita\u00e7\u00e3o, inclus\u00e3o e acessibilidade, entre outras. Entre as principais marcas do portf\u00f3lio est\u00e3o Exposec, Fisp, Fire Show, Congresso Ecoenergy, Reatech, Tubotech e wire Brasil. Mais informa\u00e7\u00f5es acesse <a href=\"https:\/\/s2404.imxsnd20.com\/link.php?code=bDpodHRwcyUzQSUyRiUyRnd3dy5maWVyYW1pbGFub2JyYXNpbC5jb20uYnI6MTY4MjU2ODExMzpyZWRhY2FvdHZldmVudG9zQGdtYWlsLmNvbTpjMjhiNzU6NzY=\">aqui<\/a>&nbsp;<\/p>\n\n\n\n<p><\/p>\n","protected":false},"excerpt":{"rendered":"<p>Pela primeira vez no Brasil, a feira \u00e9 a marca mais tradicional da IFEMA MADRID que re\u00fane mais de 140 pa\u00edses em sua edi\u00e7\u00e3o europeia. A Fruit Attraction S\u00e3o Paulo, uma das principais feiras internacionais do setor de frutas e vegetais do mundo, ser\u00e1 aberta na ter\u00e7a-feira, dia 16 de abril, e segue at\u00e9 o [&hellip;]<\/p>\n","protected":false},"author":2,"featured_media":1318,"comment_status":"open","ping_status":"open","sticky":false,"template":"","format":"standard","meta":{"footnotes":""},"categories":[1],"tags":[],"class_list":{"0":"post-1317","1":"post","2":"type-post","3":"status-publish","4":"format-standard","5":"has-post-thumbnail","7":"category-workshopsepalestras"},"_links":{"self":[{"href":"https:\/\/tveventos.tv.br\/index.php?rest_route=\/wp\/v2\/posts\/1317","targetHints":{"allow":["GET"]}}],"collection":[{"href":"https:\/\/tveventos.tv.br\/index.php?rest_route=\/wp\/v2\/posts"}],"about":[{"href":"https:\/\/tveventos.tv.br\/index.php?rest_route=\/wp\/v2\/types\/post"}],"author":[{"embeddable":true,"href":"https:\/\/tveventos.tv.br\/index.php?rest_route=\/wp\/v2\/users\/2"}],"replies":[{"embeddable":true,"href":"https:\/\/tveventos.tv.br\/index.php?rest_route=%2Fwp%2Fv2%2Fcomments&post=1317"}],"version-history":[{"count":1,"href":"https:\/\/tveventos.tv.br\/index.php?rest_route=\/wp\/v2\/posts\/1317\/revisions"}],"predecessor-version":[{"id":1319,"href":"https:\/\/tveventos.tv.br\/index.php?rest_route=\/wp\/v2\/posts\/1317\/revisions\/1319"}],"wp:featuredmedia":[{"embeddable":true,"href":"https:\/\/tveventos.tv.br\/index.php?rest_route=\/wp\/v2\/media\/1318"}],"wp:attachment":[{"href":"https:\/\/tveventos.tv.br\/index.php?rest_route=%2Fwp%2Fv2%2Fmedia&parent=1317"}],"wp:term":[{"taxonomy":"category","embeddable":true,"href":"https:\/\/tveventos.tv.br\/index.php?rest_route=%2Fwp%2Fv2%2Fcategories&post=1317"},{"taxonomy":"post_tag","embeddable":true,"href":"https:\/\/tveventos.tv.br\/index.php?rest_route=%2Fwp%2Fv2%2Ftags&post=1317"}],"curies":[{"name":"wp","href":"https:\/\/api.w.org\/{rel}","templated":true}]}}