{"id":1321,"date":"2024-04-15T16:01:04","date_gmt":"2024-04-15T19:01:04","guid":{"rendered":"https:\/\/tveventos.tv.br\/?p=1321"},"modified":"2024-04-15T16:32:26","modified_gmt":"2024-04-15T19:32:26","slug":"board-academy-promove-maior-imersao-para-conselheiros-da-america-latina","status":"publish","type":"post","link":"https:\/\/tveventos.tv.br\/?p=1321","title":{"rendered":"Board Academy promove maior imers\u00e3o para Conselheiros da Am\u00e9rica Latina"},"content":{"rendered":"\n<p>\u00a0<em>Board Day acontece no dia 17 de abril, no Teatro das Artes, em S\u00e3o Paulo, com a presen\u00e7a de palestrantes que se destacam em neg\u00f3cios e governan\u00e7a proativa no Brasil<\/em><\/p>\n\n\n\n<p>A Board Academy, EdTech que forma, desenvolve e certifica profissionais para atua\u00e7\u00e3o em conselhos empresariais, est\u00e1 com inscri\u00e7\u00f5es abertas para a segunda edi\u00e7\u00e3o do Board Day. Trata-se de um evento imersivo e presencial para atualiza\u00e7\u00e3o de conselheiros, para que eles fiquem posicionados \u00e0 frente da curva. Durante o maior evento da Am\u00e9rica Latina, que acontece no dia 17 abril, em S\u00e3o Paulo, os participantes ter\u00e3o a oportunidade de aprimorar suas habilidades por meio de conte\u00fados exclusivos e ter acesso aos melhores profissionais do mercado para troca de experi\u00eancias e <em>networking<\/em>.<\/p>\n\n\n\n<p>Entre os palestrantes confirmados est\u00e3o: Farias Souza, CEO da Board Academy; Jo\u00e3o Kepler, CVO da Bossa Invest; Giselle Estefano, diretora-executiva da R\u00e1dio e TV Band; Artur Nogueira, s\u00f3cio-fundador da Verso Advisors e comentarista econ\u00f4mico; Marcelo Toledo, founder e CEO da Klivo; e Marcelo Simonato, COO da Board Academy e diretor financeiro.<\/p>\n\n\n\n<p>&#8220;O Board Day \u00e9 ideal tanto para conselheiros iniciantes e intermedi\u00e1rios, quanto para os profissionais mais experientes. Todos ter\u00e3o a oportunidade de desenvolver habilidades t\u00e9cnicas, adquirir novos conhecimentos e abrir portas para oportunidades promissoras, benef\u00edcios que apenas um evento presencial e imersivo pode proporcionar&#8221;, afirma Farias Souza, CEO da BoardAcademy.<\/p>\n\n\n\n<p>Board Day 2024<\/p>\n\n\n\n<p>Dia: 17 de abril<\/p>\n\n\n\n<p>Hor\u00e1rio: das 8h \u00e0s 18h<\/p>\n\n\n\n<p>Local: Teatro das Artes &#8211; Av. Rebou\u00e7as, 3.970 \u2013 Pinheiros, loja 409, S\u00e3o Paulo \u2013 SP.<\/p>\n\n\n\n<p>Mais informa\u00e7\u00f5es e inscri\u00e7\u00f5es: <a href=\"https:\/\/boardbr.com\/board-day\/\">https:\/\/boardbr.com\/board-day\/<\/a>.<\/p>\n\n\n\n<p>Sobre a Board Academy<\/p>\n\n\n\n<p>Fundada em 2015 pelo administrador, executivo e membro conselheiro de grandes multinacionais, Farias Souza, a BoardAcademy \u00e9 uma EdTech de forma\u00e7\u00e3o e desenvolvimento de conselheiros consultivos, independentes, fiscais e de administra\u00e7\u00e3o de empresas. Chegou ao mercado para revolucionar o modelo com uma proposta disruptiva e, ao mesmo tempo, democratizar o acesso \u00e0s posi\u00e7\u00f5es nos conselhos empresariais. Para mais informa\u00e7\u00f5es, acesse: <a href=\"https:\/\/boardacademy.com.br\/\">https:\/\/boardacademy.com.br\/<\/a>.<\/p>\n","protected":false},"excerpt":{"rendered":"<p>\u00a0Board Day acontece no dia 17 de abril, no Teatro das Artes, em S\u00e3o Paulo, com a presen\u00e7a de palestrantes que se destacam em neg\u00f3cios e governan\u00e7a proativa no Brasil A Board Academy, EdTech que forma, desenvolve e certifica profissionais para atua\u00e7\u00e3o em conselhos empresariais, est\u00e1 com inscri\u00e7\u00f5es abertas para a segunda edi\u00e7\u00e3o do Board [&hellip;]<\/p>\n","protected":false},"author":2,"featured_media":1325,"comment_status":"open","ping_status":"open","sticky":false,"template":"","format":"standard","meta":{"footnotes":""},"categories":[1],"tags":[],"class_list":{"0":"post-1321","1":"post","2":"type-post","3":"status-publish","4":"format-standard","5":"has-post-thumbnail","7":"category-workshopsepalestras"},"_links":{"self":[{"href":"https:\/\/tveventos.tv.br\/index.php?rest_route=\/wp\/v2\/posts\/1321","targetHints":{"allow":["GET"]}}],"collection":[{"href":"https:\/\/tveventos.tv.br\/index.php?rest_route=\/wp\/v2\/posts"}],"about":[{"href":"https:\/\/tveventos.tv.br\/index.php?rest_route=\/wp\/v2\/types\/post"}],"author":[{"embeddable":true,"href":"https:\/\/tveventos.tv.br\/index.php?rest_route=\/wp\/v2\/users\/2"}],"replies":[{"embeddable":true,"href":"https:\/\/tveventos.tv.br\/index.php?rest_route=%2Fwp%2Fv2%2Fcomments&post=1321"}],"version-history":[{"count":2,"href":"https:\/\/tveventos.tv.br\/index.php?rest_route=\/wp\/v2\/posts\/1321\/revisions"}],"predecessor-version":[{"id":1326,"href":"https:\/\/tveventos.tv.br\/index.php?rest_route=\/wp\/v2\/posts\/1321\/revisions\/1326"}],"wp:featuredmedia":[{"embeddable":true,"href":"https:\/\/tveventos.tv.br\/index.php?rest_route=\/wp\/v2\/media\/1325"}],"wp:attachment":[{"href":"https:\/\/tveventos.tv.br\/index.php?rest_route=%2Fwp%2Fv2%2Fmedia&parent=1321"}],"wp:term":[{"taxonomy":"category","embeddable":true,"href":"https:\/\/tveventos.tv.br\/index.php?rest_route=%2Fwp%2Fv2%2Fcategories&post=1321"},{"taxonomy":"post_tag","embeddable":true,"href":"https:\/\/tveventos.tv.br\/index.php?rest_route=%2Fwp%2Fv2%2Ftags&post=1321"}],"curies":[{"name":"wp","href":"https:\/\/api.w.org\/{rel}","templated":true}]}}