{"id":1331,"date":"2024-04-16T13:17:06","date_gmt":"2024-04-16T16:17:06","guid":{"rendered":"https:\/\/tveventos.tv.br\/?p=1331"},"modified":"2024-04-16T13:17:09","modified_gmt":"2024-04-16T16:17:09","slug":"estao-abertas-as-inscricoes-para-a-8a-edicao-do-aberje-trends","status":"publish","type":"post","link":"https:\/\/tveventos.tv.br\/?p=1331","title":{"rendered":"Est\u00e3o abertas as inscri\u00e7\u00f5es para a 8\u00aa edi\u00e7\u00e3o do Aberje Trends"},"content":{"rendered":"\n<p><em>Tradicional evento de comunica\u00e7\u00e3o acontece no dia 25 de junho, no Teatro Bravos, e vai abordar a era da transi\u00e7\u00e3o social, cultural, energ\u00e9tica e demogr\u00e1fica que estamos vivendo e o papel da comunica\u00e7\u00e3o corporativa.<\/em><\/p>\n\n\n\n<p>Est\u00e3o abertas as inscri\u00e7\u00f5es para a 8\u00aa edi\u00e7\u00e3o do<a href=\"https:\/\/s2404.imxsnd20.com\/link.php?code=bDpodHRwcyUzQSUyRiUyRnd3dy5hYmVyamUuY29tLmJyJTJGdHJlbmRzOjIwODc1NzYyOTA6cmVkYWNhb3R2ZXZlbnRvc0BnbWFpbC5jb206ZmNmMjMyOjc2\"> Aberje Trends<\/a>, um dos principais eventos da comunica\u00e7\u00e3o corporativa do Brasil, promovido pela Aberje &#8211; Associa\u00e7\u00e3o Brasileira de Comunica\u00e7\u00e3o Empresarial, que acontece no dia 25 de junho, no Teatro Bravos, em S\u00e3o Paulo.<\/p>\n\n\n\n<p>Com o tema \u201cTransi\u00e7\u00f5es: Contextos, tecnologias e compet\u00eancias que v\u00e3o transformar ainda mais a comunica\u00e7\u00e3o empresarial\u201d, o evento tem como objetivo focar<strong> <\/strong>na era de transi\u00e7\u00e3o, social, cultural, energ\u00e9tica e demogr\u00e1fica que estamos vivendo.<\/p>\n\n\n\n<p><br>\u201cEste momento hist\u00f3rico se apresenta como um tempo desafiador para a comunica\u00e7\u00e3o corporativa e seu papel de estabelecer pontes entre marcas e pessoas. Neste contexto, a comunica\u00e7\u00e3o corporativa possui um papel primordial para acompanhar e promover essa transi\u00e7\u00e3o dentro das organiza\u00e7\u00f5es, assegurando o entendimento dos p\u00fablicos e potencializando os pap\u00e9is que podem ser desempenhados pelo setor empresarial\u201d, explica Douglas Cantu, gerente de eventos da Aberje.<\/p>\n\n\n\n<p>Previsto para receber at\u00e9 600 pessoas no dia, fazem parte do escopo apresenta\u00e7\u00f5es de cases, palestras e debates que v\u00e3o gerar conte\u00fado para profissionais de comunica\u00e7\u00e3o corporativa, que lidam todos os dias com os desafios desse momento, para estabelecer as pontes que apoiem essa era de transi\u00e7\u00e3o, que precisa ser feita a partir de balizas cient\u00edficas, \u00e9ticas, plurais, inovadoras e human\u00edsticas, focadas nos eixos da tr\u00edade ESG.<\/p>\n\n\n\n<p>Alguns dos palestrantes j\u00e1 confirmados, at\u00e9 o momento, s\u00e3o Shahar Silbershatz, CEO da Caliber; Adriana Moucherek, Diretora de Marketing, Comunica\u00e7\u00e3o, Trade e Intelig\u00eancia de Dados na Ajinomoto do Brasil; Bruno Rossini, Diretor de Comunica\u00e7\u00e3o e Rel. P\u00fablicas do QuintoAndar; Cristiana Brito, Diretora de Rela\u00e7\u00f5es Institucionais e Sustentabilidade para a Am\u00e9rica do Sul na BASF; Fabio Rua, Vice-Presidente de Rela\u00e7\u00f5es Governamentais, Comunica\u00e7\u00e3o e ESG da General Motors Am\u00e9rica do Sul; Paula Castro, Diretora Executiva de Sustentabilidade, Seguran\u00e7a, Sa\u00fade e Meio Ambiente da Bayer na Am\u00e9rica Latina e Parceira de Neg\u00f3cios de SSHE para Consumer Health; e Pedro Torres, L\u00edder global de Comunica\u00e7\u00e3o Corporativa e Marca Institucional na Gerdau; Rafael Sbarai, head de produto do Cartola Express da Globo.<\/p>\n\n\n\n<p>Uma das tradicionais mesas, que levam os CEOS a um determinado debate, tamb\u00e9m est\u00e1 confirmada para este ano. O tema \u201cComo se tornar um CEO Comunicador?\u201d leva em debate quais s\u00e3o as caracter\u00edsticas que forjam esse profissional, e como estes executivos est\u00e3o desenvolvendo esse lado e como as \u00e1reas de comunica\u00e7\u00e3o est\u00e3o intermediando essa rela\u00e7\u00e3o? Jerome Cadier, CEO da Latam Brasil, e Marco Dorna, presidente da Tetra Pak, j\u00e1 confirmaram presen\u00e7a.<\/p>\n\n\n\n<p>As inscri\u00e7\u00f5es podem ser feitas diretamente pelo site da<a href=\"https:\/\/s2404.imxsnd20.com\/link.php?code=bDpodHRwcyUzQSUyRiUyRnd3dy5hYmVyamUuY29tLmJyJTJGdHJlbmRzOjIwODc1NzYyOTA6cmVkYWNhb3R2ZXZlbnRvc0BnbWFpbC5jb206ZmNmMjMyOjc2\"> Aberje<\/a>, tanto para associados quanto para n\u00e3o associados. O primeiro lote encerra-se no dia 30\/04.<\/p>\n\n\n\n<p>Servi\u00e7o:<\/p>\n\n\n\n<p>8\u00aa Aberje Trends<\/p>\n\n\n\n<p>Data: 25 de junho<\/p>\n\n\n\n<p>Hor\u00e1rio: das 9h \u00e0s 18h<\/p>\n\n\n\n<p>Local: Teatro Bravo<\/p>\n\n\n\n<p>Endere\u00e7o: Rua Corop\u00e9, 88, Pinheiros\u2013SP<\/p>\n","protected":false},"excerpt":{"rendered":"<p>Tradicional evento de comunica\u00e7\u00e3o acontece no dia 25 de junho, no Teatro Bravos, e vai abordar a era da transi\u00e7\u00e3o social, cultural, energ\u00e9tica e demogr\u00e1fica que estamos vivendo e o papel da comunica\u00e7\u00e3o corporativa. Est\u00e3o abertas as inscri\u00e7\u00f5es para a 8\u00aa edi\u00e7\u00e3o do Aberje Trends, um dos principais eventos da comunica\u00e7\u00e3o corporativa do Brasil, promovido [&hellip;]<\/p>\n","protected":false},"author":2,"featured_media":1332,"comment_status":"open","ping_status":"open","sticky":false,"template":"","format":"standard","meta":{"footnotes":""},"categories":[1],"tags":[],"class_list":{"0":"post-1331","1":"post","2":"type-post","3":"status-publish","4":"format-standard","5":"has-post-thumbnail","7":"category-workshopsepalestras"},"_links":{"self":[{"href":"https:\/\/tveventos.tv.br\/index.php?rest_route=\/wp\/v2\/posts\/1331","targetHints":{"allow":["GET"]}}],"collection":[{"href":"https:\/\/tveventos.tv.br\/index.php?rest_route=\/wp\/v2\/posts"}],"about":[{"href":"https:\/\/tveventos.tv.br\/index.php?rest_route=\/wp\/v2\/types\/post"}],"author":[{"embeddable":true,"href":"https:\/\/tveventos.tv.br\/index.php?rest_route=\/wp\/v2\/users\/2"}],"replies":[{"embeddable":true,"href":"https:\/\/tveventos.tv.br\/index.php?rest_route=%2Fwp%2Fv2%2Fcomments&post=1331"}],"version-history":[{"count":1,"href":"https:\/\/tveventos.tv.br\/index.php?rest_route=\/wp\/v2\/posts\/1331\/revisions"}],"predecessor-version":[{"id":1333,"href":"https:\/\/tveventos.tv.br\/index.php?rest_route=\/wp\/v2\/posts\/1331\/revisions\/1333"}],"wp:featuredmedia":[{"embeddable":true,"href":"https:\/\/tveventos.tv.br\/index.php?rest_route=\/wp\/v2\/media\/1332"}],"wp:attachment":[{"href":"https:\/\/tveventos.tv.br\/index.php?rest_route=%2Fwp%2Fv2%2Fmedia&parent=1331"}],"wp:term":[{"taxonomy":"category","embeddable":true,"href":"https:\/\/tveventos.tv.br\/index.php?rest_route=%2Fwp%2Fv2%2Fcategories&post=1331"},{"taxonomy":"post_tag","embeddable":true,"href":"https:\/\/tveventos.tv.br\/index.php?rest_route=%2Fwp%2Fv2%2Ftags&post=1331"}],"curies":[{"name":"wp","href":"https:\/\/api.w.org\/{rel}","templated":true}]}}