{"id":1341,"date":"2024-04-16T14:55:34","date_gmt":"2024-04-16T17:55:34","guid":{"rendered":"https:\/\/tveventos.tv.br\/?p=1341"},"modified":"2024-04-16T14:55:38","modified_gmt":"2024-04-16T17:55:38","slug":"hrtech-fara-palestra-sobre-o-futuro-do-tema-diversidade-e-inclusao","status":"publish","type":"post","link":"https:\/\/tveventos.tv.br\/?p=1341","title":{"rendered":"HRtech far\u00e1 palestra sobre o futuro do tema diversidade e inclus\u00e3o"},"content":{"rendered":"\n<p class=\"has-text-align-center\"><em>Um dos maiores eventos de tecnologia e inova\u00e7\u00e3o do mundo acontecer\u00e1 no Rio de Janeiro entre os dias 15 e 18 de abril<\/em><\/p>\n\n\n\n<p>Entre os dias 15 e 18 de abril, o Rio de Janeiro ser\u00e1 palco do Web Summit, um dos maiores eventos de tecnologia e inova\u00e7\u00e3o do mundo, e pelo segundo ano consecutivo a HRTech Talent Academy marcar\u00e1 presen\u00e7a com palestras e roda de conversas com grandes nomes do mercado.<\/p>\n\n\n\n<p>Angelita Oliveira, Sales Director da Talent Academy e Founder Women in Sales, participar\u00e1 de diversas atividades, entre elas uma mesa redonda sobre maximiza\u00e7\u00e3o da performance de equipes por meio da lideran\u00e7a inclusiva, no dia 15 de abril, \u00e0s 14h15 no Museu do Amanh\u00e3. No dia 16, \u00e0s 11h50, a executiva estar\u00e1 no palco 6 do Pavilh\u00e3o 3 do Riocentro em um painel sobre diversidade, equidade e inclus\u00e3o, ao lado de Simone Berry (POCLab) e Tatiana Schibuola (UOL). Al\u00e9m disso, Angelita oferecer\u00e1 uma sess\u00e3o de mentoria com foco em lideran\u00e7a, empreendedorismo e contrata\u00e7\u00e3o, no dia 16 de abril, \u00e0s 15 horas, no Mentor Hours.<\/p>\n\n\n\n<p>J\u00e1 no dia 17 de abril, \u00e0s 10h15, Renata Betti, co-fundadora da Talent Academy e <em>Top Voice Linkedin<\/em>, realizar\u00e1 o pitch da startup no palco central do Pavilh\u00e3o 6, no <em>Breakout Startups<\/em>. &#8220;Estamos muito animados em participar novamente do Web Summit Rio e poder compartilhar nossa vis\u00e3o sobre o futuro da gest\u00e3o de pessoas. Acreditamos que a tecnologia e os dados s\u00e3o ferramentas poderosas para impulsionar o desenvolvimento dos colaboradores, l\u00edderes e das organiza\u00e7\u00f5es, e queremos mostrar como a Talent Academy est\u00e1 \u00e0 frente dessa transforma\u00e7\u00e3o&#8221;, afirma Betti.<\/p>\n\n\n\n<p><strong>Sobre a Talent Academy<\/strong><\/p>\n\n\n\n<p>HRtech premiada tr\u00eas vezes entre as Top 100 Open Startups do Brasil. Visando transformar a gest\u00e3o de pessoas nas organiza\u00e7\u00f5es, integram <em>people analytics<\/em> (tecnologia e ci\u00eancia de dados) com<em> people intelligence<\/em> (experi\u00eancia em interpreta\u00e7\u00e3o e aplica\u00e7\u00e3o) para oferecer solu\u00e7\u00f5es na forma de ferramentas digitais propriet\u00e1rias e programas de desenvolvimento personalizados, despertando o que as pessoas t\u00eam de melhor para criar empresas e culturas de alta performance. Para mais informa\u00e7\u00f5es, acesse: <a href=\"http:\/\/www.talentacademy.com.br\/\">www.talentacademy.com.br<\/a>.<\/p>\n","protected":false},"excerpt":{"rendered":"<p>Um dos maiores eventos de tecnologia e inova\u00e7\u00e3o do mundo acontecer\u00e1 no Rio de Janeiro entre os dias 15 e 18 de abril Entre os dias 15 e 18 de abril, o Rio de Janeiro ser\u00e1 palco do Web Summit, um dos maiores eventos de tecnologia e inova\u00e7\u00e3o do mundo, e pelo segundo ano consecutivo [&hellip;]<\/p>\n","protected":false},"author":2,"featured_media":1342,"comment_status":"open","ping_status":"open","sticky":false,"template":"","format":"standard","meta":{"footnotes":""},"categories":[1],"tags":[],"class_list":{"0":"post-1341","1":"post","2":"type-post","3":"status-publish","4":"format-standard","5":"has-post-thumbnail","7":"category-workshopsepalestras"},"_links":{"self":[{"href":"https:\/\/tveventos.tv.br\/index.php?rest_route=\/wp\/v2\/posts\/1341","targetHints":{"allow":["GET"]}}],"collection":[{"href":"https:\/\/tveventos.tv.br\/index.php?rest_route=\/wp\/v2\/posts"}],"about":[{"href":"https:\/\/tveventos.tv.br\/index.php?rest_route=\/wp\/v2\/types\/post"}],"author":[{"embeddable":true,"href":"https:\/\/tveventos.tv.br\/index.php?rest_route=\/wp\/v2\/users\/2"}],"replies":[{"embeddable":true,"href":"https:\/\/tveventos.tv.br\/index.php?rest_route=%2Fwp%2Fv2%2Fcomments&post=1341"}],"version-history":[{"count":1,"href":"https:\/\/tveventos.tv.br\/index.php?rest_route=\/wp\/v2\/posts\/1341\/revisions"}],"predecessor-version":[{"id":1343,"href":"https:\/\/tveventos.tv.br\/index.php?rest_route=\/wp\/v2\/posts\/1341\/revisions\/1343"}],"wp:featuredmedia":[{"embeddable":true,"href":"https:\/\/tveventos.tv.br\/index.php?rest_route=\/wp\/v2\/media\/1342"}],"wp:attachment":[{"href":"https:\/\/tveventos.tv.br\/index.php?rest_route=%2Fwp%2Fv2%2Fmedia&parent=1341"}],"wp:term":[{"taxonomy":"category","embeddable":true,"href":"https:\/\/tveventos.tv.br\/index.php?rest_route=%2Fwp%2Fv2%2Fcategories&post=1341"},{"taxonomy":"post_tag","embeddable":true,"href":"https:\/\/tveventos.tv.br\/index.php?rest_route=%2Fwp%2Fv2%2Ftags&post=1341"}],"curies":[{"name":"wp","href":"https:\/\/api.w.org\/{rel}","templated":true}]}}