{"id":1351,"date":"2024-04-17T15:27:25","date_gmt":"2024-04-17T18:27:25","guid":{"rendered":"https:\/\/tveventos.tv.br\/?p=1351"},"modified":"2024-04-17T15:27:27","modified_gmt":"2024-04-17T18:27:27","slug":"wtm-latin-america-entrega-premio-de-turismo-responsavel-a-22-projetos-associacoes-e-empresas-de-10-paises","status":"publish","type":"post","link":"https:\/\/tveventos.tv.br\/?p=1351","title":{"rendered":"WTM Latin America entrega Pr\u00eamio de Turismo Respons\u00e1vel a 22 projetos, associa\u00e7\u00f5es e empresas de 10 pa\u00edses"},"content":{"rendered":"\n<p><span id=\"docs-internal-guid-7ec81a27-7fff-7940-972b-5f404981dbab\"><p dir=\"ltr\" style=\"line-height: 1.38; text-align: justify; margin-top: 0pt; margin-bottom: 0pt;\"><span style=\"font-size: 12pt; font-family: Arial, sans-serif; color: rgb(34, 34, 34); font-variant-numeric: normal; font-variant-east-asian: normal; font-variant-alternates: normal; font-variant-position: normal; vertical-align: baseline;\">O segundo dia da WTM Latin America foi marcado pela entrega do Pr\u00eamio Turismo Respons\u00e1vel, criado para reconhecer os avan\u00e7os, abrir espa\u00e7o para a replica\u00e7\u00e3o de cases de sucesso e a constru\u00e7\u00e3o conjunta de um mundo mais sustent\u00e1vel.<\/span><\/p><p dir=\"ltr\" style=\"line-height: 1.38; text-align: justify; margin-top: 0pt; margin-bottom: 0pt;\"><span style=\"font-size: 12pt; font-family: Arial, sans-serif; color: rgb(34, 34, 34); font-variant-numeric: normal; font-variant-east-asian: normal; font-variant-alternates: normal; font-variant-position: normal; vertical-align: baseline;\">\u00a0<\/span><\/p><p dir=\"ltr\" style=\"line-height: 1.38; text-align: justify; margin-top: 0pt; margin-bottom: 0pt;\"><span style=\"font-size: 12pt; font-family: Arial, sans-serif; color: rgb(34, 34, 34); font-variant-numeric: normal; font-variant-east-asian: normal; font-variant-alternates: normal; font-variant-position: normal; vertical-align: baseline;\">No palco de um audit\u00f3rio lotado, Gustavo Pinto, especialista em turismo respons\u00e1vel e coordenador do pr\u00eamio, comemorou 158 projetos inscritos, um aumento de quase 200% na compara\u00e7\u00e3o com a edi\u00e7\u00e3o anterior. \u201cIsso prova que o turismo respons\u00e1vel est\u00e1 cada vez mais forte em nosso continente\u201d, pontuou o organizador do pr\u00eamio.<\/span><\/p><p dir=\"ltr\" style=\"line-height: 1.38; text-align: justify; margin-top: 0pt; margin-bottom: 0pt;\"><span style=\"font-size: 12pt; font-family: Arial, sans-serif; color: rgb(34, 34, 34); font-variant-numeric: normal; font-variant-east-asian: normal; font-variant-alternates: normal; font-variant-position: normal; vertical-align: baseline;\">A quarta edi\u00e7\u00e3o do Pr\u00eamio ficou marcada por um di\u00e1logo mais pr\u00f3ximo com a realidade latino-americana, conseguido com a inclus\u00e3o de novas categorias, como a que premia iniciativas para o turismo ind\u00edgena e\/ou em comunidades tradicionais e a que destaca cases de trabalho em rede. \u201cEsta \u00e9 a edi\u00e7\u00e3o mais latino-americana de todas e celebra a diversidade que temos em nosso continente. Todos os que est\u00e3o aqui s\u00e3o uma inspira\u00e7\u00e3o para o turismo\u201d, comentou Pablo Menend\u00e9z, consultor em turismo sustent\u00e1vel e parceiro na organiza\u00e7\u00e3o do pr\u00eamio.<\/span><\/p><p dir=\"ltr\" style=\"line-height: 1.38; text-align: justify; margin-top: 0pt; margin-bottom: 0pt;\"><span style=\"font-size: 12pt; font-family: Arial, sans-serif; color: rgb(34, 34, 34); font-variant-numeric: normal; font-variant-east-asian: normal; font-variant-alternates: normal; font-variant-position: normal; vertical-align: baseline;\">\u00a0<\/span><\/p><p dir=\"ltr\" style=\"line-height: 1.38; text-align: justify; margin-top: 0pt; margin-bottom: 0pt;\"><span style=\"font-size: 12pt; font-family: Arial, sans-serif; color: rgb(34, 34, 34); font-variant-numeric: normal; font-variant-east-asian: normal; font-variant-alternates: normal; font-variant-position: normal; vertical-align: baseline;\">Essa conquista se deu pela inclus\u00e3o de novas categorias \u2013 como a que premia iniciativas para o turismo ind\u00edgena e\/ou em comunidades tradicionais e a que destaca cases de trabalho em rede. \u201cO pr\u00eamio vem ganhando mais for\u00e7a e, neste ano, est\u00e1 com essa cara t\u00e3o latina, t\u00e3o nossa, e acredito que ele seja a maior representa\u00e7\u00e3o dessa chamada que a WTM est\u00e1 fazendo para que cada um seja a mudan\u00e7a rumo a um futuro mais sustent\u00e1vel e \u00e9tico para toda a nossa regi\u00e3o\u201d, afirma Bianca Pizzolito, head da WTM Latin America.<\/span><\/p><p dir=\"ltr\" style=\"line-height: 1.38; text-align: justify; margin-top: 0pt; margin-bottom: 0pt;\"><span style=\"font-size: 12pt; font-family: Arial, sans-serif; color: rgb(34, 34, 34); font-variant-numeric: normal; font-variant-east-asian: normal; font-variant-alternates: normal; font-variant-position: normal; vertical-align: baseline;\">\u00a0<\/span><\/p><p dir=\"ltr\" style=\"line-height: 1.38; text-align: justify; margin-top: 0pt; margin-bottom: 0pt;\"><span style=\"font-size: 12pt; font-family: Arial, sans-serif; color: rgb(34, 34, 34); font-variant-numeric: normal; font-variant-east-asian: normal; font-variant-alternates: normal; font-variant-position: normal; vertical-align: baseline;\">Ela defende que o turismo respons\u00e1vel n\u00e3o \u00e9 s\u00f3 uma tend\u00eancia, mas uma necessidade urgente em um mundo que enfrenta desafios ambientais, sociais e econ\u00f4micos cada vez mais complexos. \u201c\u00c9 fundamental reconhecer e valorizar as pr\u00e1ticas e projetos que promovem o turismo de forma respons\u00e1vel, respeitando o meio ambiente, as comunidades locais e a cultura. Os finalistas s\u00e3o os pioneiros desse compromisso, demonstram o impacto positivo e servem como exemplo\u201d, pontua Bianca.<\/span><\/p><p dir=\"ltr\" style=\"line-height: 1.38; text-align: justify; margin-top: 0pt; margin-bottom: 0pt;\"><span style=\"font-size: 12pt; font-family: Arial, sans-serif; color: rgb(34, 34, 34); font-variant-numeric: normal; font-variant-east-asian: normal; font-variant-alternates: normal; font-variant-position: normal; vertical-align: baseline;\">\u00a0<\/span><\/p><p dir=\"ltr\" style=\"line-height: 1.38; text-align: justify; margin-top: 0pt; margin-bottom: 0pt;\"><span style=\"font-size: 12pt; font-family: Arial, sans-serif; color: rgb(34, 34, 34); font-variant-numeric: normal; font-variant-east-asian: normal; font-variant-alternates: normal; font-variant-position: normal; vertical-align: baseline;\">A premia\u00e7\u00e3o contou com a participa\u00e7\u00e3o de Milton Zuanazzi, secret\u00e1rio nacional de Planejamento, Sustentabilidade e Competitividade no Turismo do Minist\u00e9rio do Turismo, que destacou o potencial do pr\u00eamio de inspirar outros profissionais do turismo brasileiro.<\/span><\/p><p dir=\"ltr\" style=\"line-height: 1.38; text-align: justify; margin-top: 0pt; margin-bottom: 0pt;\"><span style=\"font-size: 12pt; font-family: Arial, sans-serif; color: rgb(34, 34, 34); font-variant-numeric: normal; font-variant-east-asian: normal; font-variant-alternates: normal; font-variant-position: normal; vertical-align: baseline;\">\u00a0<\/span><\/p><p dir=\"ltr\" style=\"line-height: 1.38; text-align: justify; margin-top: 0pt; margin-bottom: 0pt;\"><span style=\"font-size: 12pt; font-family: Arial, sans-serif; color: rgb(34, 34, 34); font-variant-numeric: normal; font-variant-east-asian: normal; font-variant-alternates: normal; font-variant-position: normal; vertical-align: baseline;\">\u201cTemos de ser prim\u00e1rios no planejamento do futuro e seguir rumo ao turismo inspirado no s\u00e9culo 21, baseado na economia limpa, inspirado numa bioeconomia, inspirado naquilo que n\u00f3s podemos fazer, utilizando o m\u00ednimo poss\u00edvel dos recursos do planeta\u201d, disse.<\/span><\/p><p dir=\"ltr\" style=\"line-height: 1.38; text-align: justify; margin-top: 0pt; margin-bottom: 0pt;\"><span style=\"font-size: 12pt; font-family: Arial, sans-serif; color: rgb(34, 34, 34); font-variant-numeric: normal; font-variant-east-asian: normal; font-variant-alternates: normal; font-variant-position: normal; vertical-align: baseline;\">\u00a0<\/span><\/p><p dir=\"ltr\" style=\"line-height: 1.38; text-align: justify; margin-top: 0pt; margin-bottom: 0pt;\"><span style=\"font-size: 12pt; font-family: Arial, sans-serif; color: rgb(34, 34, 34); font-variant-numeric: normal; font-variant-east-asian: normal; font-variant-alternates: normal; font-variant-position: normal; vertical-align: baseline;\">Jaqueline Gil, diretora de Marketing Internacional, Neg\u00f3cios e Sustentabilidade da Embratur, lembrou que a promo\u00e7\u00e3o da Am\u00e9rica Latina no exterior est\u00e1 intrinsecamente ligada \u00e0 necessidade de avan\u00e7o na oferta de produtos e servi\u00e7os respons\u00e1veis.<\/span><\/p><p dir=\"ltr\" style=\"line-height: 1.38; text-align: justify; margin-top: 0pt; margin-bottom: 0pt;\"><span style=\"font-size: 12pt; font-family: Arial, sans-serif; color: rgb(34, 34, 34); font-variant-numeric: normal; font-variant-east-asian: normal; font-variant-alternates: normal; font-variant-position: normal; vertical-align: baseline;\">\u00a0<\/span><\/p><p dir=\"ltr\" style=\"line-height: 1.38; text-align: justify; margin-top: 0pt; margin-bottom: 0pt;\"><span style=\"font-size: 12pt; font-family: Arial, sans-serif; color: rgb(34, 34, 34); font-variant-numeric: normal; font-variant-east-asian: normal; font-variant-alternates: normal; font-variant-position: normal; vertical-align: baseline;\">\u201cNosso trabalho \u00e9 atrair pessoas de na\u00e7\u00f5es nas quais a pauta da sustentabilidade \u00e9 mais madura, ent\u00e3o \u00e9 uma alegria ver esses projetos acontecendo\u201d, disse.<\/span><\/p><p dir=\"ltr\" style=\"line-height: 1.38; text-align: justify; margin-top: 0pt; margin-bottom: 0pt;\"><span style=\"font-size: 12pt; font-family: Arial, sans-serif; color: rgb(34, 34, 34); font-variant-numeric: normal; font-variant-east-asian: normal; font-variant-alternates: normal; font-variant-position: normal; vertical-align: baseline;\">\u00a0<\/span><\/p><p dir=\"ltr\" style=\"line-height: 1.38; text-align: justify; margin-top: 0pt; margin-bottom: 0pt;\"><span style=\"font-size: 12pt; font-family: Arial, sans-serif; color: rgb(34, 34, 34); font-variant-numeric: normal; font-variant-east-asian: normal; font-variant-alternates: normal; font-variant-position: normal; vertical-align: baseline;\">\u201cN\u00e3o tem mais como falar de turismo sem incorpor\u00e1-lo aos princ\u00edpios e ao conceito de sustentabilidade. Se fizermos isso, estamos literalmente acabando com a nossa atividade\u201d, completou.<\/span><\/p><p dir=\"ltr\" style=\"line-height: 1.38; margin-top: 0pt; margin-bottom: 0pt;\"><span style=\"font-size: 12pt; font-family: Arial, sans-serif; color: rgb(34, 34, 34); font-variant-numeric: normal; font-variant-east-asian: normal; font-variant-alternates: normal; font-variant-position: normal; vertical-align: baseline;\">\u00a0<\/span><\/p><p dir=\"ltr\" style=\"line-height: 1.38; margin-top: 0pt; margin-bottom: 0pt;\"><span style=\"font-size: 12pt; font-family: Arial, sans-serif; color: rgb(34, 34, 34); font-weight: 700; font-variant-numeric: normal; font-variant-east-asian: normal; font-variant-alternates: normal; font-variant-position: normal; vertical-align: baseline;\">Conhe\u00e7a os vencedores da quarta edi\u00e7\u00e3o<\/span><\/p><p dir=\"ltr\" style=\"line-height: 1.38; text-align: justify; margin-top: 0pt; margin-bottom: 0pt;\"><span style=\"font-size: 12pt; font-family: Arial, sans-serif; color: rgb(34, 34, 34); font-variant-numeric: normal; font-variant-east-asian: normal; font-variant-alternates: normal; font-variant-position: normal; vertical-align: baseline;\">Os premiados foram selecionados um j\u00fari qualificado de 20 profissionais<\/span><span style=\"font-size: 12pt; font-family: Arial, sans-serif; font-variant-numeric: normal; font-variant-east-asian: normal; font-variant-alternates: normal; font-variant-position: normal; vertical-align: baseline;\">, al\u00e9m de especialistas das seis <\/span><span style=\"font-size: 12pt; font-family: Arial, sans-serif; color: rgb(34, 34, 34); font-variant-numeric: normal; font-variant-east-asian: normal; font-variant-alternates: normal; font-variant-position: normal; vertical-align: baseline;\">organiza\u00e7\u00f5es aliadas &#8211; Asociaci\u00f3n Colombiana de Turismo Responsable (Acotur); Adventure Travel Trade Association; Fundaci\u00f3n Paname\u00f1a de Turismo Sostenible, Instituto Vivejar; La Mano del Mono; World Indigenous Tourism Alliance (Winta) &#8211; de acordo com tr\u00eas quesitos: <\/span><span style=\"font-size: 12pt; font-family: Arial, sans-serif; font-variant-numeric: normal; font-variant-east-asian: normal; font-variant-alternates: normal; font-variant-position: normal; vertical-align: baseline;\">originalidade, potencial de replicabilidade e possibilidade mensura\u00e7\u00e3o dos impactos alcan\u00e7ados com a solu\u00e7\u00e3o proposta<\/span><span style=\"font-size: 12pt; font-family: Arial, sans-serif; color: rgb(34, 34, 34); font-variant-numeric: normal; font-variant-east-asian: normal; font-variant-alternates: normal; font-variant-position: normal; vertical-align: baseline;\">.<\/span><\/p><p dir=\"ltr\" style=\"line-height: 1.38; margin-top: 0pt; margin-bottom: 0pt;\"><span style=\"font-size: 12pt; font-family: Arial, sans-serif; color: rgb(34, 34, 34); font-variant-numeric: normal; font-variant-east-asian: normal; font-variant-alternates: normal; font-variant-position: normal; vertical-align: baseline;\">\u00a0<\/span><\/p><p dir=\"ltr\" style=\"line-height: 1.38; margin-top: 0pt; margin-bottom: 0pt;\"><span style=\"font-size: 12pt; font-family: Arial, sans-serif; color: rgb(34, 34, 34); font-weight: 700; font-variant-numeric: normal; font-variant-east-asian: normal; font-variant-alternates: normal; font-variant-position: normal; vertical-align: baseline;\">Melhores iniciativas para a conserva\u00e7\u00e3o da biodiversidade<\/span><\/p><p dir=\"ltr\" style=\"line-height: 1.38; margin-top: 0pt; margin-bottom: 0pt;\"><span style=\"font-size: 12pt; font-family: Arial, sans-serif; color: rgb(34, 34, 34); font-variant-numeric: normal; font-variant-east-asian: normal; font-variant-alternates: normal; font-variant-position: normal; vertical-align: baseline;\">Gold \u2013 Asociaci\u00f3n de Gu\u00edas de Turismo Comunitario Explorando el Valle (Guatemala)<\/span><\/p><p dir=\"ltr\" style=\"line-height: 1.38; margin-top: 0pt; margin-bottom: 0pt;\"><span style=\"font-size: 12pt; font-family: Arial, sans-serif; color: rgb(34, 34, 34); font-variant-numeric: normal; font-variant-east-asian: normal; font-variant-alternates: normal; font-variant-position: normal; vertical-align: baseline;\">Silver \u2013 Fundaci\u00f3n Agua y Tierra (Panam\u00e1)<\/span><\/p><p dir=\"ltr\" style=\"line-height: 1.38; margin-top: 0pt; margin-bottom: 0pt;\"><span style=\"font-size: 12pt; font-family: Arial, sans-serif; color: rgb(34, 34, 34); font-variant-numeric: normal; font-variant-east-asian: normal; font-variant-alternates: normal; font-variant-position: normal; vertical-align: baseline;\">Bronze \u2013 Raniforest Expeditions (Peru)<\/span><\/p><p dir=\"ltr\" style=\"line-height: 1.38; margin-top: 0pt; margin-bottom: 0pt;\"><span style=\"font-size: 12pt; font-family: Arial, sans-serif; color: rgb(34, 34, 34); font-variant-numeric: normal; font-variant-east-asian: normal; font-variant-alternates: normal; font-variant-position: normal; vertical-align: baseline;\">Bronze \u2013 Parque Nacional de Jericoacoara, Instituto Chico Mendes de Conserva\u00e7\u00e3o da Biodiversidade (Brasil)<\/span><\/p><p dir=\"ltr\" style=\"line-height: 1.38; margin-top: 0pt; margin-bottom: 0pt;\"><span style=\"font-size: 12pt; font-family: Arial, sans-serif; color: rgb(34, 34, 34); font-variant-numeric: normal; font-variant-east-asian: normal; font-variant-alternates: normal; font-variant-position: normal; vertical-align: baseline;\">\u00a0<\/span><\/p><p dir=\"ltr\" style=\"line-height: 1.38; margin-top: 0pt; margin-bottom: 0pt;\"><span style=\"font-size: 12pt; font-family: Arial, sans-serif; color: rgb(34, 34, 34); font-weight: 700; font-variant-numeric: normal; font-variant-east-asian: normal; font-variant-alternates: normal; font-variant-position: normal; vertical-align: baseline;\">Melhores iniciativas para promover a diversidade, equidade e a inclus\u00e3o no turismo<\/span><\/p><p dir=\"ltr\" style=\"line-height: 1.38; margin-top: 0pt; margin-bottom: 0pt;\"><span style=\"font-size: 12pt; font-family: Arial, sans-serif; color: rgb(34, 34, 34); font-variant-numeric: normal; font-variant-east-asian: normal; font-variant-alternates: normal; font-variant-position: normal; vertical-align: baseline;\">Gold \u2013 Mama Uma Travel (Equador)<\/span><\/p><p dir=\"ltr\" style=\"line-height: 1.38; margin-top: 0pt; margin-bottom: 0pt;\"><span style=\"font-size: 12pt; font-family: Arial, sans-serif; color: rgb(34, 34, 34); font-variant-numeric: normal; font-variant-east-asian: normal; font-variant-alternates: normal; font-variant-position: normal; vertical-align: baseline;\">Silver \u2013 Mujeres a la Cumbre (Chile)<\/span><\/p><p dir=\"ltr\" style=\"line-height: 1.38; margin-top: 0pt; margin-bottom: 0pt;\"><span style=\"font-size: 12pt; font-family: Arial, sans-serif; color: rgb(34, 34, 34); font-variant-numeric: normal; font-variant-east-asian: normal; font-variant-alternates: normal; font-variant-position: normal; vertical-align: baseline;\">Silver \u2013 San Luis Capital \u2013 Direcci\u00f3n de Turismo Municipal de SLP (M\u00e9xico)<\/span><\/p><p dir=\"ltr\" style=\"line-height: 1.38; margin-top: 0pt; margin-bottom: 0pt;\"><span style=\"font-size: 12pt; font-family: Arial, sans-serif; color: rgb(34, 34, 34); font-variant-numeric: normal; font-variant-east-asian: normal; font-variant-alternates: normal; font-variant-position: normal; vertical-align: baseline;\">Bronze \u2013 Grupo Cataratas (Brasil)<\/span><\/p><p dir=\"ltr\" style=\"line-height: 1.38; margin-top: 0pt; margin-bottom: 0pt;\"><span style=\"font-size: 12pt; font-family: Arial, sans-serif; color: rgb(34, 34, 34); font-variant-numeric: normal; font-variant-east-asian: normal; font-variant-alternates: normal; font-variant-position: normal; vertical-align: baseline;\">\u00a0<\/span><\/p><p dir=\"ltr\" style=\"line-height: 1.38; margin-top: 0pt; margin-bottom: 0pt;\"><span style=\"font-size: 12pt; font-family: Arial, sans-serif; color: rgb(34, 34, 34); font-weight: 700; font-variant-numeric: normal; font-variant-east-asian: normal; font-variant-alternates: normal; font-variant-position: normal; vertical-align: baseline;\">Melhores iniciativas para promover o impacto socioecon\u00f4mico e a constru\u00e7\u00e3o da paz atrav\u00e9s do turismo<\/span><\/p><p dir=\"ltr\" style=\"line-height: 1.38; margin-top: 0pt; margin-bottom: 0pt;\"><span style=\"font-size: 12pt; font-family: Arial, sans-serif; color: rgb(34, 34, 34); font-variant-numeric: normal; font-variant-east-asian: normal; font-variant-alternates: normal; font-variant-position: normal; vertical-align: baseline;\">Gold \u2013 Apata Colombia (Col\u00f4mbia)<\/span><\/p><p dir=\"ltr\" style=\"line-height: 1.38; margin-top: 0pt; margin-bottom: 0pt;\"><span style=\"font-size: 12pt; font-family: Arial, sans-serif; color: rgb(34, 34, 34); font-variant-numeric: normal; font-variant-east-asian: normal; font-variant-alternates: normal; font-variant-position: normal; vertical-align: baseline;\">Gold \u2013 Impulse Travel (Col\u00f4mbia)<\/span><\/p><p dir=\"ltr\" style=\"line-height: 1.38; margin-top: 0pt; margin-bottom: 0pt;\"><span style=\"font-size: 12pt; font-family: Arial, sans-serif; color: rgb(34, 34, 34); font-variant-numeric: normal; font-variant-east-asian: normal; font-variant-alternates: normal; font-variant-position: normal; vertical-align: baseline;\">Silver \u2013 Manakin Nature Tours (Col\u00f4mbia)<\/span><\/p><p dir=\"ltr\" style=\"line-height: 1.38; margin-top: 0pt; margin-bottom: 0pt;\"><span style=\"font-size: 12pt; font-family: Arial, sans-serif; color: rgb(34, 34, 34); font-variant-numeric: normal; font-variant-east-asian: normal; font-variant-alternates: normal; font-variant-position: normal; vertical-align: baseline;\">Bronze \u2013 Favela Santa Marta Tour (Brasil)<\/span><\/p><p dir=\"ltr\" style=\"line-height: 1.38; margin-top: 0pt; margin-bottom: 0pt;\"><span style=\"font-size: 12pt; font-family: Arial, sans-serif; color: rgb(34, 34, 34); font-variant-numeric: normal; font-variant-east-asian: normal; font-variant-alternates: normal; font-variant-position: normal; vertical-align: baseline;\">\u00a0<\/span><\/p><p dir=\"ltr\" style=\"line-height: 1.38; margin-top: 0pt; margin-bottom: 0pt;\"><span style=\"font-size: 12pt; font-family: Arial, sans-serif; color: rgb(34, 34, 34); font-variant-numeric: normal; font-variant-east-asian: normal; font-variant-alternates: normal; font-variant-position: normal; vertical-align: baseline;\">\u00a0<\/span><\/p><p dir=\"ltr\" style=\"line-height: 1.38; margin-top: 0pt; margin-bottom: 0pt;\"><span style=\"font-size: 12pt; font-family: Arial, sans-serif; color: rgb(34, 34, 34); font-weight: 700; font-variant-numeric: normal; font-variant-east-asian: normal; font-variant-alternates: normal; font-variant-position: normal; vertical-align: baseline;\">Melhores iniciativas de trabalho em rede para promover o turismo respons\u00e1vel nos destinos<\/span><\/p><p dir=\"ltr\" style=\"line-height: 1.38; margin-top: 0pt; margin-bottom: 0pt;\"><span style=\"font-size: 12pt; font-family: Arial, sans-serif; color: rgb(34, 34, 34); font-variant-numeric: normal; font-variant-east-asian: normal; font-variant-alternates: normal; font-variant-position: normal; vertical-align: baseline;\">Gold \u2013 Grande Reserva Mata Atl\u00e2ntica (Brasil)<\/span><\/p><p dir=\"ltr\" style=\"line-height: 1.38; margin-top: 0pt; margin-bottom: 0pt;\"><span style=\"font-size: 12pt; font-family: Arial, sans-serif; color: rgb(34, 34, 34); font-variant-numeric: normal; font-variant-east-asian: normal; font-variant-alternates: normal; font-variant-position: normal; vertical-align: baseline;\">Silver \u2013 Travolution International (Col\u00f4mbia)<\/span><\/p><p dir=\"ltr\" style=\"line-height: 1.38; margin-top: 0pt; margin-bottom: 0pt;\"><span style=\"font-size: 12pt; font-family: Arial, sans-serif; color: rgb(34, 34, 34); font-variant-numeric: normal; font-variant-east-asian: normal; font-variant-alternates: normal; font-variant-position: normal; vertical-align: baseline;\">Bronze \u2013 Camino del Mayab (M\u00e9xico)<\/span><\/p><p dir=\"ltr\" style=\"line-height: 1.38; margin-top: 0pt; margin-bottom: 0pt;\"><span style=\"font-size: 12pt; font-family: Arial, sans-serif; color: rgb(34, 34, 34); font-variant-numeric: normal; font-variant-east-asian: normal; font-variant-alternates: normal; font-variant-position: normal; vertical-align: baseline;\">\u00a0<\/span><\/p><p dir=\"ltr\" style=\"line-height: 1.38; margin-top: 0pt; margin-bottom: 0pt;\"><span style=\"font-size: 12pt; font-family: Arial, sans-serif; color: rgb(34, 34, 34); font-weight: 700; font-variant-numeric: normal; font-variant-east-asian: normal; font-variant-alternates: normal; font-variant-position: normal; vertical-align: baseline;\">Melhores iniciativas para o turismo ind\u00edgena e\/ou Comunidades Tradicionais<\/span><\/p><p dir=\"ltr\" style=\"line-height: 1.38; margin-top: 0pt; margin-bottom: 0pt;\"><span style=\"font-size: 12pt; font-family: Arial, sans-serif; color: rgb(34, 34, 34); font-variant-numeric: normal; font-variant-east-asian: normal; font-variant-alternates: normal; font-variant-position: normal; vertical-align: baseline;\">Gold \u2013 Budi Lafken Mapu (Chile)<\/span><\/p><p dir=\"ltr\" style=\"line-height: 1.38; margin-top: 0pt; margin-bottom: 0pt;\"><span style=\"font-size: 12pt; font-family: Arial, sans-serif; color: rgb(34, 34, 34); font-variant-numeric: normal; font-variant-east-asian: normal; font-variant-alternates: normal; font-variant-position: normal; vertical-align: baseline;\">Silver \u2013 Instituto Superior Ind\u00edgena Ra\u00fal Karai Correa (Argentina)<\/span><\/p><p dir=\"ltr\" style=\"line-height: 1.38; margin-top: 0pt; margin-bottom: 0pt;\"><span style=\"font-size: 12pt; font-family: Arial, sans-serif; color: rgb(34, 34, 34); font-variant-numeric: normal; font-variant-east-asian: normal; font-variant-alternates: normal; font-variant-position: normal; vertical-align: baseline;\">Silver \u2013 Guyana Tourism Authority (Guiana)<\/span><\/p><p dir=\"ltr\" style=\"line-height: 1.38; margin-top: 0pt; margin-bottom: 0pt;\"><span style=\"font-size: 12pt; font-family: Arial, sans-serif; color: rgb(34, 34, 34); font-variant-numeric: normal; font-variant-east-asian: normal; font-variant-alternates: normal; font-variant-position: normal; vertical-align: baseline;\">Bronze \u2013 Rutas Ancestrales Araucarias (Chile)<\/span><\/p><p dir=\"ltr\" style=\"line-height: 1.38; margin-top: 0pt; margin-bottom: 0pt;\"><span style=\"font-size: 12pt; font-family: Arial, sans-serif; color: rgb(34, 34, 34); font-variant-numeric: normal; font-variant-east-asian: normal; font-variant-alternates: normal; font-variant-position: normal; vertical-align: baseline;\">Bronze \u2013 Rota da Liberdade (Brasil)<\/span><\/p><p dir=\"ltr\" style=\"line-height: 1.38; margin-top: 0pt; margin-bottom: 0pt;\"><span style=\"font-size: 12pt; font-family: Arial, sans-serif; color: rgb(34, 34, 34); font-weight: 700; font-variant-numeric: normal; font-variant-east-asian: normal; font-variant-alternates: normal; font-variant-position: normal; vertical-align: baseline;\">\u00a0<\/span><\/p><p dir=\"ltr\" style=\"line-height: 1.38; margin-top: 0pt; margin-bottom: 0pt;\"><span style=\"font-size: 12pt; font-family: Arial, sans-serif; color: rgb(34, 34, 34); font-weight: 700; font-variant-numeric: normal; font-variant-east-asian: normal; font-variant-alternates: normal; font-variant-position: normal; vertical-align: baseline;\">Melhores iniciativas para a mitiga\u00e7\u00e3o das mudan\u00e7as clim\u00e1ticas<\/span><\/p><p dir=\"ltr\" style=\"line-height: 1.38; margin-top: 0pt; margin-bottom: 0pt;\"><span style=\"font-size: 12pt; font-family: Arial, sans-serif; color: rgb(34, 34, 34); font-variant-numeric: normal; font-variant-east-asian: normal; font-variant-alternates: normal; font-variant-position: normal; vertical-align: baseline;\">Gold \u2013 Say Hueque Argentina Journeys (Argentina)<\/span><\/p><p dir=\"ltr\" style=\"line-height: 1.38; margin-top: 0pt; margin-bottom: 0pt;\"><span style=\"font-size: 12pt; font-family: Arial, sans-serif; color: rgb(34, 34, 34); font-variant-numeric: normal; font-variant-east-asian: normal; font-variant-alternates: normal; font-variant-position: normal; vertical-align: baseline;\">Silver &#8211; Programa de Descarboniza\u00e7\u00e3o do Grupo Tau\u00e1 de Hot\u00e9is e Resorts (Brasil)<\/span><\/p><p dir=\"ltr\" style=\"line-height: 1.38; margin-top: 0pt; margin-bottom: 0pt;\"><span style=\"font-size: 12pt; font-family: Arial, sans-serif; color: rgb(34, 34, 34); font-variant-numeric: normal; font-variant-east-asian: normal; font-variant-alternates: normal; font-variant-position: normal; vertical-align: baseline;\">\u00a0<\/span><\/p><p dir=\"ltr\" style=\"line-height: 1.38; text-align: justify; margin-top: 0pt; margin-bottom: 0pt;\"><span style=\"font-size: 12pt; font-family: Arial, sans-serif; font-variant-numeric: normal; font-variant-east-asian: normal; font-variant-alternates: normal; font-variant-position: normal; vertical-align: baseline;\">Lan\u00e7ado em 2019 e com a primeira edi\u00e7\u00e3o entregue virtualmente em 2021, o Pr\u00eamio de Turismo Respons\u00e1vel j\u00e1 destacou dezenas de iniciativas executadas por empresas e associa\u00e7\u00f5es de diferentes portes da regi\u00e3o.<\/span><\/p><p dir=\"ltr\" style=\"line-height: 1.38; text-align: justify; margin-top: 0pt; margin-bottom: 0pt;\"><span style=\"font-size: 12pt; font-family: Arial, sans-serif; color: rgb(34, 34, 34); font-variant-numeric: normal; font-variant-east-asian: normal; font-variant-alternates: normal; font-variant-position: normal; text-decoration-line: line-through; text-decoration-skip-ink: none; vertical-align: baseline;\">\u00a0<\/span><\/p><p dir=\"ltr\" style=\"line-height: 1.38; text-align: justify; margin-top: 0pt; margin-bottom: 0pt;\"><span style=\"font-size: 12pt; font-family: Arial, sans-serif; color: rgb(34, 34, 34); font-variant-numeric: normal; font-variant-east-asian: normal; font-variant-alternates: normal; font-variant-position: normal; vertical-align: baseline;\">A WTM Latin America 2024 come\u00e7ou segunda (15) e segue at\u00e9 quarta (17), no Expo Center Norte, em S\u00e3o Paulo. Gratuito e obrigat\u00f3rio para a visita\u00e7\u00e3o, o credenciamento j\u00e1 est\u00e1 dispon\u00edvel pelo site, a partir de p\u00e1ginas em portugu\u00eas, ingl\u00eas ou espanhol.<\/span><\/p><p dir=\"ltr\" style=\"line-height: 1.38; text-align: justify; margin-top: 0pt; margin-bottom: 0pt;\"><span style=\"font-size: 12pt; font-family: Arial, sans-serif; color: rgb(34, 34, 34); font-weight: 700; font-variant-numeric: normal; font-variant-east-asian: normal; font-variant-alternates: normal; font-variant-position: normal; vertical-align: baseline;\">\u00a0<\/span><\/p><p dir=\"ltr\" style=\"line-height: 1.38; text-align: justify; margin-top: 0pt; margin-bottom: 0pt;\"><span style=\"font-size: 12pt; font-family: Arial, sans-serif; font-weight: 700; font-variant-numeric: normal; font-variant-east-asian: normal; font-variant-alternates: normal; font-variant-position: normal; vertical-align: baseline;\">Sobre a WTM Latin America<\/span><\/p><span style=\"font-size: 12pt; font-family: Arial, sans-serif; font-variant-numeric: normal; font-variant-east-asian: normal; font-variant-alternates: normal; font-variant-position: normal; vertical-align: baseline;\">A WTM Latin America \u00e9 realizada, anualmente, em S\u00e3o Paulo e atrai mais de 27 mil profissionais de turismo durante os tr\u00eas dias de evento. O evento oferece conte\u00fado qualificado aliado a networking e oportunidades de neg\u00f3cios. Em sua mais recente edi\u00e7\u00e3o, em 2023, a WTM Latin America manteve seu foco na gera\u00e7\u00e3o efetiva de neg\u00f3cios, e conseguiu a marca\u00e7\u00e3o antecipada de seis mil reuni\u00f5es que foram realizadas entre compradores, agentes de viagens e expositores. Os conte\u00fados da WTM Latin America est\u00e3o dispon\u00edveis em <\/span><span style=\"font-size: 12pt; font-family: Arial, sans-serif; color: rgb(34, 34, 34); font-variant-numeric: normal; font-variant-east-asian: normal; font-variant-alternates: normal; font-variant-position: normal; vertical-align: baseline;\">ingl\u00eas<\/span><span style=\"font-size: 12pt; font-family: Arial, sans-serif; font-variant-numeric: normal; font-variant-east-asian: normal; font-variant-alternates: normal; font-variant-position: normal; vertical-align: baseline;\">, <\/span><span style=\"font-size: 12pt; font-family: Arial, sans-serif; color: rgb(34, 34, 34); font-variant-numeric: normal; font-variant-east-asian: normal; font-variant-alternates: normal; font-variant-position: normal; vertical-align: baseline;\">espanhol<\/span><span style=\"font-size: 12pt; font-family: Arial, sans-serif; font-variant-numeric: normal; font-variant-east-asian: normal; font-variant-alternates: normal; font-variant-position: normal; vertical-align: baseline;\"> e <\/span><a href=\"https:\/\/s2404.imxsnd29.com\/link.php?code=bDpodHRwcyUzQSUyRiUyRmh1Yi53dG0uY29tJTJGcHQlMkZjYXRlZ29yeSUyRnByZXNzLXJlbGVhc2VzLXB0JTJGJTNGdXRtX3NvdXJjZSUzRFByZXNzX1JlbGVhc2UlMjZ1dG1fbWVkaXVtJTNEU29jaWFsJTI2dXRtX2NhbXBhaWduJTNEUHJlc3NfcmVsZWFzZV9yZWxlYXNlX2NvbXVuaWNhaHViX3BvcnQ6MzQ5NzA3MDIwMDpyZWRhY2F%0DvdHZldmVudG9zQGdtYWlsLmNvbTpiMjEwYTc6Nzc=\"><span style=\"font-size: 12pt; font-family: Arial, sans-serif; color: rgb(17, 85, 204); font-variant-numeric: normal; font-variant-east-asian: normal; font-variant-alternates: normal; font-variant-position: normal; text-decoration-line: underline; text-decoration-skip-ink: none; vertical-align: baseline;\">portugu\u00eas<\/span><\/a><span style=\"font-size: 12pt; font-family: Arial, sans-serif; font-variant-numeric: normal; font-variant-east-asian: normal; font-variant-alternates: normal; font-variant-position: normal; vertical-align: baseline;\">.<\/span><\/span><\/p>\n","protected":false},"excerpt":{"rendered":"<p>O segundo dia da WTM Latin America foi marcado pela entrega do Pr\u00eamio Turismo Respons\u00e1vel, criado para reconhecer os avan\u00e7os, abrir espa\u00e7o para a replica\u00e7\u00e3o de cases de sucesso e a constru\u00e7\u00e3o conjunta de um mundo mais sustent\u00e1vel. \u00a0 No palco de um audit\u00f3rio lotado, Gustavo Pinto, especialista em turismo respons\u00e1vel e coordenador do pr\u00eamio, [&hellip;]<\/p>\n","protected":false},"author":2,"featured_media":1353,"comment_status":"open","ping_status":"open","sticky":false,"template":"","format":"standard","meta":{"footnotes":""},"categories":[1],"tags":[],"class_list":{"0":"post-1351","1":"post","2":"type-post","3":"status-publish","4":"format-standard","5":"has-post-thumbnail","7":"category-workshopsepalestras"},"_links":{"self":[{"href":"https:\/\/tveventos.tv.br\/index.php?rest_route=\/wp\/v2\/posts\/1351","targetHints":{"allow":["GET"]}}],"collection":[{"href":"https:\/\/tveventos.tv.br\/index.php?rest_route=\/wp\/v2\/posts"}],"about":[{"href":"https:\/\/tveventos.tv.br\/index.php?rest_route=\/wp\/v2\/types\/post"}],"author":[{"embeddable":true,"href":"https:\/\/tveventos.tv.br\/index.php?rest_route=\/wp\/v2\/users\/2"}],"replies":[{"embeddable":true,"href":"https:\/\/tveventos.tv.br\/index.php?rest_route=%2Fwp%2Fv2%2Fcomments&post=1351"}],"version-history":[{"count":1,"href":"https:\/\/tveventos.tv.br\/index.php?rest_route=\/wp\/v2\/posts\/1351\/revisions"}],"predecessor-version":[{"id":1354,"href":"https:\/\/tveventos.tv.br\/index.php?rest_route=\/wp\/v2\/posts\/1351\/revisions\/1354"}],"wp:featuredmedia":[{"embeddable":true,"href":"https:\/\/tveventos.tv.br\/index.php?rest_route=\/wp\/v2\/media\/1353"}],"wp:attachment":[{"href":"https:\/\/tveventos.tv.br\/index.php?rest_route=%2Fwp%2Fv2%2Fmedia&parent=1351"}],"wp:term":[{"taxonomy":"category","embeddable":true,"href":"https:\/\/tveventos.tv.br\/index.php?rest_route=%2Fwp%2Fv2%2Fcategories&post=1351"},{"taxonomy":"post_tag","embeddable":true,"href":"https:\/\/tveventos.tv.br\/index.php?rest_route=%2Fwp%2Fv2%2Ftags&post=1351"}],"curies":[{"name":"wp","href":"https:\/\/api.w.org\/{rel}","templated":true}]}}