{"id":1363,"date":"2024-04-17T15:58:07","date_gmt":"2024-04-17T18:58:07","guid":{"rendered":"https:\/\/tveventos.tv.br\/?p=1363"},"modified":"2024-04-17T15:58:10","modified_gmt":"2024-04-17T18:58:10","slug":"57a-fit-0-16","status":"publish","type":"post","link":"https:\/\/tveventos.tv.br\/?p=1363","title":{"rendered":"\u00a057\u00aa FIT 0\/16"},"content":{"rendered":"\n<p><strong>A <\/strong>57\u00aa FIT 0\/16 \u2013 Feira Internacional do Setor Infantojuvenil e Beb\u00ea \u00e9 o maior e mais tradicional evento do setor e re\u00fane as marcas expositoras mais procuradas pelos principais lojistas\/varejistas, tanto nacionais quanto internacionais, que t\u00eam como objetivo explorar a m\u00e1gica de vestir os pequenos com as melhores roupas e acess\u00f3rios, que refletem a personalidade desde os primeiros momentos de suas vidas at\u00e9 a fase vibrante da adolesc\u00eancia.<\/p>\n\n\n\n<p>Junte-se a n\u00f3s, nos dias 23 a 25 de Abril das 10h \u00e0s 19h, no prestigiado Expo Center Norte.Endere\u00e7o: Rua Jos\u00e9 Bernardo Pinto, 333 \u2013 Vila Guilherme, S\u00e3o Paulo \u2013 SP.<\/p>\n","protected":false},"excerpt":{"rendered":"<p>A 57\u00aa FIT 0\/16 \u2013 Feira Internacional do Setor Infantojuvenil e Beb\u00ea \u00e9 o maior e mais tradicional evento do setor e re\u00fane as marcas expositoras mais procuradas pelos principais lojistas\/varejistas, tanto nacionais quanto internacionais, que t\u00eam como objetivo explorar a m\u00e1gica de vestir os pequenos com as melhores roupas e acess\u00f3rios, que refletem a [&hellip;]<\/p>\n","protected":false},"author":2,"featured_media":1364,"comment_status":"open","ping_status":"open","sticky":false,"template":"","format":"standard","meta":{"footnotes":""},"categories":[25],"tags":[],"class_list":{"0":"post-1363","1":"post","2":"type-post","3":"status-publish","4":"format-standard","5":"has-post-thumbnail","7":"category-calendariodeeventos"},"_links":{"self":[{"href":"https:\/\/tveventos.tv.br\/index.php?rest_route=\/wp\/v2\/posts\/1363","targetHints":{"allow":["GET"]}}],"collection":[{"href":"https:\/\/tveventos.tv.br\/index.php?rest_route=\/wp\/v2\/posts"}],"about":[{"href":"https:\/\/tveventos.tv.br\/index.php?rest_route=\/wp\/v2\/types\/post"}],"author":[{"embeddable":true,"href":"https:\/\/tveventos.tv.br\/index.php?rest_route=\/wp\/v2\/users\/2"}],"replies":[{"embeddable":true,"href":"https:\/\/tveventos.tv.br\/index.php?rest_route=%2Fwp%2Fv2%2Fcomments&post=1363"}],"version-history":[{"count":1,"href":"https:\/\/tveventos.tv.br\/index.php?rest_route=\/wp\/v2\/posts\/1363\/revisions"}],"predecessor-version":[{"id":1365,"href":"https:\/\/tveventos.tv.br\/index.php?rest_route=\/wp\/v2\/posts\/1363\/revisions\/1365"}],"wp:featuredmedia":[{"embeddable":true,"href":"https:\/\/tveventos.tv.br\/index.php?rest_route=\/wp\/v2\/media\/1364"}],"wp:attachment":[{"href":"https:\/\/tveventos.tv.br\/index.php?rest_route=%2Fwp%2Fv2%2Fmedia&parent=1363"}],"wp:term":[{"taxonomy":"category","embeddable":true,"href":"https:\/\/tveventos.tv.br\/index.php?rest_route=%2Fwp%2Fv2%2Fcategories&post=1363"},{"taxonomy":"post_tag","embeddable":true,"href":"https:\/\/tveventos.tv.br\/index.php?rest_route=%2Fwp%2Fv2%2Ftags&post=1363"}],"curies":[{"name":"wp","href":"https:\/\/api.w.org\/{rel}","templated":true}]}}