{"id":1371,"date":"2024-04-18T16:26:46","date_gmt":"2024-04-18T19:26:46","guid":{"rendered":"https:\/\/tveventos.tv.br\/?p=1371"},"modified":"2024-04-18T16:26:49","modified_gmt":"2024-04-18T19:26:49","slug":"fce-pharma-e-fce-cosmetique-tem-credenciamento-aberto-para-imprensa","status":"publish","type":"post","link":"https:\/\/tveventos.tv.br\/?p=1371","title":{"rendered":"FCE Pharma e FCE Cosmetique t\u00eam credenciamento aberto para imprensa"},"content":{"rendered":"\n<p><em>Eventos acontecem de 4 a 6 de junho e s\u00e3o considerados os maiores do setor<\/em><\/p>\n\n\n\n<p>As edi\u00e7\u00f5es de 2024 da FCE Pharma e FCE Cosmetique est\u00e3o confirmadas entre os dias 4 e 6 de junho no S\u00e3o Paulo Expo, na capital paulista, e o credenciamento para a imprensa j\u00e1 est\u00e1 aberto. Os interessados em cobrir os eventos precisam se cadastrar nestes links distintos: <a href=\"https:\/\/www.fcepharma.com.br\/credenciamento\">Credenciamento (fcepharma.com.br)<\/a> e <a href=\"https:\/\/www.fcecosmetique.com.br\/credenciamento\">Credenciamento (fcecosmetique.com.br)<\/a>.<\/p>\n\n\n\n<p>Consideradas as mais importantes feiras dos segmentos farmac\u00eautico e cosm\u00e9tico da Am\u00e9rica Latina, os eventos s\u00e3o organizados pela N\u00fcrnbergMesse Brasil e j\u00e1 contam com mais de 600 marcas confirmadas, dentre elas, Siemens, Merck, Givaudan Active Beauty Innovapacking, Polar, Teva API, Nortec e MCassab.<\/p>\n\n\n\n<p>A entrada para as feiras \u00e9 gratuita e restrita a profissionais que atuam na ind\u00fastria cosm\u00e9tica e farmac\u00eautica. Mais informa\u00e7\u00f5es em:<a href=\"https:\/\/www.fcepharma.com.br\/\"> https:\/\/www.fcepharma.com.br\/<\/a> e <a href=\"https:\/\/www.fcecosmetique.com.br\/\">https:\/\/www.fcecosmetique.com.br\/<\/a><\/p>\n\n\n\n<p><\/p>\n","protected":false},"excerpt":{"rendered":"<p>Eventos acontecem de 4 a 6 de junho e s\u00e3o considerados os maiores do setor As edi\u00e7\u00f5es de 2024 da FCE Pharma e FCE Cosmetique est\u00e3o confirmadas entre os dias 4 e 6 de junho no S\u00e3o Paulo Expo, na capital paulista, e o credenciamento para a imprensa j\u00e1 est\u00e1 aberto. Os interessados em cobrir [&hellip;]<\/p>\n","protected":false},"author":2,"featured_media":1372,"comment_status":"open","ping_status":"open","sticky":false,"template":"","format":"standard","meta":{"footnotes":""},"categories":[1],"tags":[],"class_list":{"0":"post-1371","1":"post","2":"type-post","3":"status-publish","4":"format-standard","5":"has-post-thumbnail","7":"category-workshopsepalestras"},"_links":{"self":[{"href":"https:\/\/tveventos.tv.br\/index.php?rest_route=\/wp\/v2\/posts\/1371","targetHints":{"allow":["GET"]}}],"collection":[{"href":"https:\/\/tveventos.tv.br\/index.php?rest_route=\/wp\/v2\/posts"}],"about":[{"href":"https:\/\/tveventos.tv.br\/index.php?rest_route=\/wp\/v2\/types\/post"}],"author":[{"embeddable":true,"href":"https:\/\/tveventos.tv.br\/index.php?rest_route=\/wp\/v2\/users\/2"}],"replies":[{"embeddable":true,"href":"https:\/\/tveventos.tv.br\/index.php?rest_route=%2Fwp%2Fv2%2Fcomments&post=1371"}],"version-history":[{"count":1,"href":"https:\/\/tveventos.tv.br\/index.php?rest_route=\/wp\/v2\/posts\/1371\/revisions"}],"predecessor-version":[{"id":1373,"href":"https:\/\/tveventos.tv.br\/index.php?rest_route=\/wp\/v2\/posts\/1371\/revisions\/1373"}],"wp:featuredmedia":[{"embeddable":true,"href":"https:\/\/tveventos.tv.br\/index.php?rest_route=\/wp\/v2\/media\/1372"}],"wp:attachment":[{"href":"https:\/\/tveventos.tv.br\/index.php?rest_route=%2Fwp%2Fv2%2Fmedia&parent=1371"}],"wp:term":[{"taxonomy":"category","embeddable":true,"href":"https:\/\/tveventos.tv.br\/index.php?rest_route=%2Fwp%2Fv2%2Fcategories&post=1371"},{"taxonomy":"post_tag","embeddable":true,"href":"https:\/\/tveventos.tv.br\/index.php?rest_route=%2Fwp%2Fv2%2Ftags&post=1371"}],"curies":[{"name":"wp","href":"https:\/\/api.w.org\/{rel}","templated":true}]}}