{"id":1381,"date":"2024-04-19T14:17:44","date_gmt":"2024-04-19T17:17:44","guid":{"rendered":"https:\/\/tveventos.tv.br\/?p=1381"},"modified":"2024-04-19T14:17:47","modified_gmt":"2024-04-19T17:17:47","slug":"fit-0-16-e-pueri-expo-serao-abertas-na-terca-feira-no-expo-center-norte","status":"publish","type":"post","link":"https:\/\/tveventos.tv.br\/?p=1381","title":{"rendered":"FIT 0\/16 e Pueri Expo ser\u00e3o abertas, na ter\u00e7a-feira, no Expo Center Norte"},"content":{"rendered":"\n<p><em>Expositores nacionais e internacionais v\u00e3o levar aos visitantes e profissionais do setor os lan\u00e7amentos e tend\u00eancias do varejo infantojuvenil e do mercado de puericultura<\/em><\/p>\n\n\n\n<p>De 23 a 25 de abril, o Expo Center Norte recebe a 57\u00aa FIT 0\/16 &#8211; Feira Internacional do Setor Infantojuvenil e Beb\u00ea e a 7\u00aa Pueri Expo \u2013 Feira Internacional de Neg\u00f3cios em Puericultura.<br>&nbsp;<\/p>\n\n\n\n<p>Neste ano, os eventos re\u00fanem 300 marcas expositoras nacionais e internacionais. A expectativa da Koelnmesse Brasil, organizadora dos eventos, \u00e9 receber mais de 10 mil visitantes, de 26 pa\u00edses, durante os tr\u00eas dias.<br>&nbsp;<\/p>\n\n\n\n<p>Voltada para o p\u00fablico varejista como visitante, a feira B2B recebe entre profissionais de grandes magazines, farm\u00e1cias, lojas de departamento, lojas de m\u00f3veis, lojas de brinquedos e decora\u00e7\u00f5es, entre outros, as feiras re\u00fanem as principais tend\u00eancias de moda infantil, enxoval, acess\u00f3rios, cal\u00e7ados, para crian\u00e7as e adolescentes de 0-16 anos, al\u00e9m de tecnologia de ponta em produtos destinados \u00e0s fases de desenvolvimento da crian\u00e7a, divididos em puericultura leve e pesada.<br>&nbsp;<\/p>\n\n\n\n<p>Neste ano a Pueri Trends, que est\u00e1 em sua 7\u00aa edi\u00e7\u00e3o, tem a parceria in\u00e9dita da ABRAPUR (Associa\u00e7\u00e3o Brasileira de Produtos Infantis), respons\u00e1vel pela curadoria da premia\u00e7\u00e3o. A iniciativa tem por objetivo destacar os produtos mais inovadores presentes na Pueri Expo, atrav\u00e9s da an\u00e1lise cuidadosa e criteriosa de representantes da ABRAPUR, GRAVIDICAS e Compare Baby. As marcas expositoras concorrer\u00e3o em 8 categorias: Brinquedo, Cadeira Automotiva, Carrinho de Beb\u00ea, Destaque da Puericultura Leve, M\u00f3veis &amp; Decora\u00e7\u00e3o, Seguran\u00e7a, Sustentabilidade e Tecnologia. A entrega dos trof\u00e9us ser\u00e1 no dia 24 de abril das 14h \u00e0s 15h, que acontecer\u00e1 no Espa\u00e7o dedicado para Conte\u00fados &amp; Palestras da feira.<\/p>\n\n\n\n<p>Rodada de Neg\u00f3cios &#8211; Durante os eventos, est\u00e3o programadas reuni\u00f5es entre fabricantes e lojistas da FIT 01\/6 e Pueri Expo com compradores nacionais e internacionais. A Koelnmesse dobrou o investimento para aumentar o n\u00famero de compradores das regi\u00f5es norte, nordeste, centro oeste e am\u00e9rica do sul.<\/p>\n","protected":false},"excerpt":{"rendered":"<p>Expositores nacionais e internacionais v\u00e3o levar aos visitantes e profissionais do setor os lan\u00e7amentos e tend\u00eancias do varejo infantojuvenil e do mercado de puericultura De 23 a 25 de abril, o Expo Center Norte recebe a 57\u00aa FIT 0\/16 &#8211; Feira Internacional do Setor Infantojuvenil e Beb\u00ea e a 7\u00aa Pueri Expo \u2013 Feira Internacional [&hellip;]<\/p>\n","protected":false},"author":2,"featured_media":1386,"comment_status":"open","ping_status":"open","sticky":false,"template":"","format":"standard","meta":{"footnotes":""},"categories":[1],"tags":[],"class_list":{"0":"post-1381","1":"post","2":"type-post","3":"status-publish","4":"format-standard","5":"has-post-thumbnail","7":"category-workshopsepalestras"},"_links":{"self":[{"href":"https:\/\/tveventos.tv.br\/index.php?rest_route=\/wp\/v2\/posts\/1381","targetHints":{"allow":["GET"]}}],"collection":[{"href":"https:\/\/tveventos.tv.br\/index.php?rest_route=\/wp\/v2\/posts"}],"about":[{"href":"https:\/\/tveventos.tv.br\/index.php?rest_route=\/wp\/v2\/types\/post"}],"author":[{"embeddable":true,"href":"https:\/\/tveventos.tv.br\/index.php?rest_route=\/wp\/v2\/users\/2"}],"replies":[{"embeddable":true,"href":"https:\/\/tveventos.tv.br\/index.php?rest_route=%2Fwp%2Fv2%2Fcomments&post=1381"}],"version-history":[{"count":1,"href":"https:\/\/tveventos.tv.br\/index.php?rest_route=\/wp\/v2\/posts\/1381\/revisions"}],"predecessor-version":[{"id":1387,"href":"https:\/\/tveventos.tv.br\/index.php?rest_route=\/wp\/v2\/posts\/1381\/revisions\/1387"}],"wp:featuredmedia":[{"embeddable":true,"href":"https:\/\/tveventos.tv.br\/index.php?rest_route=\/wp\/v2\/media\/1386"}],"wp:attachment":[{"href":"https:\/\/tveventos.tv.br\/index.php?rest_route=%2Fwp%2Fv2%2Fmedia&parent=1381"}],"wp:term":[{"taxonomy":"category","embeddable":true,"href":"https:\/\/tveventos.tv.br\/index.php?rest_route=%2Fwp%2Fv2%2Fcategories&post=1381"},{"taxonomy":"post_tag","embeddable":true,"href":"https:\/\/tveventos.tv.br\/index.php?rest_route=%2Fwp%2Fv2%2Ftags&post=1381"}],"curies":[{"name":"wp","href":"https:\/\/api.w.org\/{rel}","templated":true}]}}