{"id":1390,"date":"2024-04-19T16:41:32","date_gmt":"2024-04-19T19:41:32","guid":{"rendered":"https:\/\/tveventos.tv.br\/?p=1390"},"modified":"2024-04-19T16:41:35","modified_gmt":"2024-04-19T19:41:35","slug":"acao-de-arrecadacao-da-apas-show-ja-alcancou-38-toneladas-antes-do-evento","status":"publish","type":"post","link":"https:\/\/tveventos.tv.br\/?p=1390","title":{"rendered":"A\u00e7\u00e3o de Arrecada\u00e7\u00e3o da APAS SHOW j\u00e1 alcan\u00e7ou 38 Toneladas antes do evento"},"content":{"rendered":"\n<p><em>Campanha solid\u00e1ria antecipada ao evento registra expressiva contribui\u00e7\u00e3o para organiza\u00e7\u00f5es sociais em S\u00e3o Paulo<\/em><\/p>\n\n\n\n<p>Iniciada em 2 de janeiro de 2024 deste ano, a A\u00e7\u00e3o de Arrecada\u00e7\u00e3o da 38\u00aa edi\u00e7\u00e3o da APAS SHOW j\u00e1 obteve resultados significativos at\u00e9 o momento. Faltando pouco mais de 20 dias para o maior evento do setor de alimentos e bebidas das Am\u00e9ricas e a maior feira supermercadista do mundo, organizado pela Associa\u00e7\u00e3o Paulista de Supermercados (APAS), a a\u00e7\u00e3o j\u00e1 alcan\u00e7ou a marca de 38 toneladas de alimentos e produtos de higiene e limpeza. Esta iniciativa, agora em sua 13\u00aa edi\u00e7\u00e3o, tem como prop\u00f3sito principal beneficiar organiza\u00e7\u00f5es da sociedade civil que atuam com pessoas em situa\u00e7\u00e3o de vulnerabilidade social, e se destaca por sua antecipa\u00e7\u00e3o em rela\u00e7\u00e3o ao evento, que ocorrer\u00e1 de 13 a 16 de maio de 2024.<\/p>\n\n\n\n<p>Diversas empresas solid\u00e1rias, incluindo Alliz Zanchetta, Biofun, Costa Lavos, Inoar, JCA, Masquespan, Milli, Zinho, entre outas, uniram esfor\u00e7os para essa causa nobre, doando os mencionados produtos que foram encaminhados para institui\u00e7\u00f5es como Amigos do Bem, Associa\u00e7\u00e3o Prato Cheio e Programa Mesa Brasil do SESC SP. Sob a coordena\u00e7\u00e3o da diretora de Responsabilidade Social da APAS, Maria do Ros\u00e1rio Brand\u00e3o, esta campanha visa sensibilizar o setor supermercadista e a ind\u00fastria para as quest\u00f5es de vulnerabilidade social, refor\u00e7ando a import\u00e2ncia da responsabilidade social corporativa. Para contribuir com essa corrente do bem, entre em contato pelo e-mail <a href=\"https:\/\/s2404.imxsnd02.com\/link.php?code=bDpodHRwcyUzQSUyRiUyRmFycmVjYWRhY2FvJTQwZXZlbnRvc2FwYXMuY29tLmJyOjM2NTk0Njc2NTc6cmVkYWNhb3R2ZXZlbnRvc0BnbWFpbC5jb206Mjc5M2VjOjc3\">arrecadacao\uff20eventosapas\u0702com\u0702br<\/a>.<\/p>\n\n\n\n<p><strong>SERVI\u00c7O: APAS SHOW 2024<\/strong><strong><br><\/strong><strong>Quando: <\/strong>de 13 a 16 de maio de 2024<\/p>\n\n\n\n<p><strong>Hor\u00e1rios: <\/strong>de 13 a 15\/05, das 12h \u00e0s 20h; 16\/05, das 12h \u00e0s 18h;<\/p>\n\n\n\n<p><strong>Local: <\/strong>Expo Center Norte<\/p>\n\n\n\n<p><strong>Endere\u00e7o: <\/strong>Rua Jos\u00e9 Bernardo Pinto, 333 \u2013 Vila Guilherme. S\u00e3o Paulo, SP<\/p>\n\n\n\n<p><em>Transfer gratuito saindo da esta\u00e7\u00e3o Portuguesa-Tiet\u00ea<\/em><em><br><\/em>&nbsp;<\/p>\n\n\n\n<p><strong>Sobre a APAS<\/strong>: Com 50 anos de tradi\u00e7\u00e3o, a Associa\u00e7\u00e3o Paulista de Supermercados representa o essencial setor supermercadista no estado de S\u00e3o Paulo e busca integrar toda a cadeia de abastecimento com a sociedade. A entidade, que possui 3 distritais na cidade de S\u00e3o Paulo e 13 regionais distribu\u00eddas estrategicamente pelo estado, conta hoje com 1.500 supermercados associados que somam 4.315 lojas.\u202f \u202f<\/p>\n","protected":false},"excerpt":{"rendered":"<p>Campanha solid\u00e1ria antecipada ao evento registra expressiva contribui\u00e7\u00e3o para organiza\u00e7\u00f5es sociais em S\u00e3o Paulo Iniciada em 2 de janeiro de 2024 deste ano, a A\u00e7\u00e3o de Arrecada\u00e7\u00e3o da 38\u00aa edi\u00e7\u00e3o da APAS SHOW j\u00e1 obteve resultados significativos at\u00e9 o momento. Faltando pouco mais de 20 dias para o maior evento do setor de alimentos e [&hellip;]<\/p>\n","protected":false},"author":2,"featured_media":1391,"comment_status":"open","ping_status":"open","sticky":false,"template":"","format":"standard","meta":{"footnotes":""},"categories":[1],"tags":[],"class_list":{"0":"post-1390","1":"post","2":"type-post","3":"status-publish","4":"format-standard","5":"has-post-thumbnail","7":"category-workshopsepalestras"},"_links":{"self":[{"href":"https:\/\/tveventos.tv.br\/index.php?rest_route=\/wp\/v2\/posts\/1390","targetHints":{"allow":["GET"]}}],"collection":[{"href":"https:\/\/tveventos.tv.br\/index.php?rest_route=\/wp\/v2\/posts"}],"about":[{"href":"https:\/\/tveventos.tv.br\/index.php?rest_route=\/wp\/v2\/types\/post"}],"author":[{"embeddable":true,"href":"https:\/\/tveventos.tv.br\/index.php?rest_route=\/wp\/v2\/users\/2"}],"replies":[{"embeddable":true,"href":"https:\/\/tveventos.tv.br\/index.php?rest_route=%2Fwp%2Fv2%2Fcomments&post=1390"}],"version-history":[{"count":1,"href":"https:\/\/tveventos.tv.br\/index.php?rest_route=\/wp\/v2\/posts\/1390\/revisions"}],"predecessor-version":[{"id":1392,"href":"https:\/\/tveventos.tv.br\/index.php?rest_route=\/wp\/v2\/posts\/1390\/revisions\/1392"}],"wp:featuredmedia":[{"embeddable":true,"href":"https:\/\/tveventos.tv.br\/index.php?rest_route=\/wp\/v2\/media\/1391"}],"wp:attachment":[{"href":"https:\/\/tveventos.tv.br\/index.php?rest_route=%2Fwp%2Fv2%2Fmedia&parent=1390"}],"wp:term":[{"taxonomy":"category","embeddable":true,"href":"https:\/\/tveventos.tv.br\/index.php?rest_route=%2Fwp%2Fv2%2Fcategories&post=1390"},{"taxonomy":"post_tag","embeddable":true,"href":"https:\/\/tveventos.tv.br\/index.php?rest_route=%2Fwp%2Fv2%2Ftags&post=1390"}],"curies":[{"name":"wp","href":"https:\/\/api.w.org\/{rel}","templated":true}]}}