{"id":1393,"date":"2024-04-22T12:04:21","date_gmt":"2024-04-22T15:04:21","guid":{"rendered":"https:\/\/tveventos.tv.br\/?p=1393"},"modified":"2024-04-22T12:04:23","modified_gmt":"2024-04-22T15:04:23","slug":"florianopolis-sera-a-sede-do-maior-evento-de-empreendedorismo-universitario-do-mundo-neste-ano","status":"publish","type":"post","link":"https:\/\/tveventos.tv.br\/?p=1393","title":{"rendered":"Florian\u00f3polis ser\u00e1 a sede do maior evento de empreendedorismo universit\u00e1rio do mundo neste ano"},"content":{"rendered":"\n<p class=\"has-text-align-center\">Em parceria in\u00e9dita com Brasil J\u00fanior, UDESC \u00e9 a primeira institui\u00e7\u00e3o de ensino do pa\u00eds a apoiar a 31\u00aa edi\u00e7\u00e3o do Encontro Nacional de Empresas Juniores, que deve reunir mais de 4 mil jovens<\/p>\n\n\n\n<p>Florian\u00f3polis vai sediar a 31\u00aa edi\u00e7\u00e3o do <strong>Encontro Nacional de Empresas Juniores (ENEJ) <\/strong>neste ano. O maior evento de empreendedorismo universit\u00e1rio, organizado pela <a href=\"https:\/\/brasiljunior.org.br\/\"><strong>Brasil J\u00fanior<\/strong><\/a> (Confedera\u00e7\u00e3o Brasileira de Empresas Juniores), deve reunir mais de quatro mil jovens de todo o pa\u00eds de 29 de agosto a 1\u00ba de setembro. Durante quatro dias, os participantes ter\u00e3o a oportunidade de participar de palestras motivacionais, paineis de discuss\u00e3o e sess\u00f5es de networking exclusivas para fomentar a troca de conhecimento das futuras lideran\u00e7as brasileiras e impulsionar suas carreiras.<\/p>\n\n\n\n<p>A Brasil J\u00fanior tamb\u00e9m firmou uma parceria in\u00e9dita com a <strong>UDESC<\/strong> (Universidade do Estado de Santa Catarina), por meio da&nbsp; <strong>ESAG <\/strong>(Escola Superior de Administra\u00e7\u00e3o e Ger\u00eancia), que contar\u00e1 com um espa\u00e7o dedicado \u00e0s apresenta\u00e7\u00f5es de renomados palestrantes catarinenses. \u00c9 a primeira institui\u00e7\u00e3o de ensino do Brasil que vai apoiar o encontro nacional.&nbsp;<\/p>\n\n\n\n<p>&#8220;Como estudante da ESAG, fico extremamente feliz em ver minha institui\u00e7\u00e3o apoiando um evento que une juventude, empreendedorismo e inova\u00e7\u00e3o. A Ilha do Sil\u00edcio ter\u00e1 o privil\u00e9gio de receber, pela terceira vez, o maior encontro de empreendedorismo jovem do mundo&#8221;, ressaltou <strong>Vict\u00f3ria Zaboti<\/strong>,<strong> Coordenadora Geral do ENEJ 24<\/strong>.&nbsp;<\/p>\n\n\n\n<p>A UDESC, reconhecida pelo alto investimento no empreendedorismo, destaca-se com as empresas juniores Invent\u00f3rio e Esag J\u00fanior Consultoria, que juntas movimentam quase R$2 milh\u00f5es, representando 30% do faturamento total das empresas juniores em Santa Catarina. Na Ilha do Sil\u00edcio, a federa\u00e7\u00e3o respons\u00e1vel por representar e desenvolver o Movimento Empresa J\u00fanior \u00e9 a <strong>FEJESC <\/strong>(Federa\u00e7\u00e3o das Empresas Juniores de Santa Catarina). Com 82 empresas juniores e quatro n\u00facleos respons\u00e1veis pelo desenvolvimento regional, j\u00e1 injetou R$7 milh\u00f5es na economia catarinense em 2023.<\/p>\n\n\n\n<p>Com o tema &#8220;Grandeza de uma gera\u00e7\u00e3o&#8221;, o ENEJ 2024 ir\u00e1 destacar a import\u00e2ncia da inova\u00e7\u00e3o e do empreendedorismo como motores de transforma\u00e7\u00e3o social e econ\u00f4mica. Os empres\u00e1rios juniores ser\u00e3o incentivados a explorar novas ideias e desenvolver ainda mais suas habilidades empreendedoras.<\/p>\n\n\n\n<p><strong>Sobre o ENEJ<\/strong><strong><br><\/strong>O Encontro Nacional de Empreendedorismo Jovem (ENEJ) \u00e9 o maior evento de empreendedorismo jovem do mundo, reunindo milhares de participantes, palestrantes e parceiros em uma experi\u00eancia \u00fanica de aprendizado, networking e inspira\u00e7\u00e3o. Desde sua primeira edi\u00e7\u00e3o, o ENEJ tem como objetivo promover o empreendedorismo como uma ferramenta poderosa para o desenvolvimento pessoal, profissional e social dos jovens. O evento \u00e9 organizado pela Confedera\u00e7\u00e3o Brasileira de Empresas Juniores (Brasil J\u00fanior), e deve reunir mais de 4,5 mil estudantes de todo o pa\u00eds em Florian\u00f3polis, contando com o apoio de diversas institui\u00e7\u00f5es e empresas comprometidas com o futuro do empreendedorismo no Brasil e no mundo.<\/p>\n","protected":false},"excerpt":{"rendered":"<p>Em parceria in\u00e9dita com Brasil J\u00fanior, UDESC \u00e9 a primeira institui\u00e7\u00e3o de ensino do pa\u00eds a apoiar a 31\u00aa edi\u00e7\u00e3o do Encontro Nacional de Empresas Juniores, que deve reunir mais de 4 mil jovens Florian\u00f3polis vai sediar a 31\u00aa edi\u00e7\u00e3o do Encontro Nacional de Empresas Juniores (ENEJ) neste ano. O maior evento de empreendedorismo universit\u00e1rio, [&hellip;]<\/p>\n","protected":false},"author":2,"featured_media":1394,"comment_status":"open","ping_status":"open","sticky":false,"template":"","format":"standard","meta":{"footnotes":""},"categories":[1],"tags":[],"class_list":{"0":"post-1393","1":"post","2":"type-post","3":"status-publish","4":"format-standard","5":"has-post-thumbnail","7":"category-workshopsepalestras"},"_links":{"self":[{"href":"https:\/\/tveventos.tv.br\/index.php?rest_route=\/wp\/v2\/posts\/1393","targetHints":{"allow":["GET"]}}],"collection":[{"href":"https:\/\/tveventos.tv.br\/index.php?rest_route=\/wp\/v2\/posts"}],"about":[{"href":"https:\/\/tveventos.tv.br\/index.php?rest_route=\/wp\/v2\/types\/post"}],"author":[{"embeddable":true,"href":"https:\/\/tveventos.tv.br\/index.php?rest_route=\/wp\/v2\/users\/2"}],"replies":[{"embeddable":true,"href":"https:\/\/tveventos.tv.br\/index.php?rest_route=%2Fwp%2Fv2%2Fcomments&post=1393"}],"version-history":[{"count":1,"href":"https:\/\/tveventos.tv.br\/index.php?rest_route=\/wp\/v2\/posts\/1393\/revisions"}],"predecessor-version":[{"id":1395,"href":"https:\/\/tveventos.tv.br\/index.php?rest_route=\/wp\/v2\/posts\/1393\/revisions\/1395"}],"wp:featuredmedia":[{"embeddable":true,"href":"https:\/\/tveventos.tv.br\/index.php?rest_route=\/wp\/v2\/media\/1394"}],"wp:attachment":[{"href":"https:\/\/tveventos.tv.br\/index.php?rest_route=%2Fwp%2Fv2%2Fmedia&parent=1393"}],"wp:term":[{"taxonomy":"category","embeddable":true,"href":"https:\/\/tveventos.tv.br\/index.php?rest_route=%2Fwp%2Fv2%2Fcategories&post=1393"},{"taxonomy":"post_tag","embeddable":true,"href":"https:\/\/tveventos.tv.br\/index.php?rest_route=%2Fwp%2Fv2%2Ftags&post=1393"}],"curies":[{"name":"wp","href":"https:\/\/api.w.org\/{rel}","templated":true}]}}