{"id":1396,"date":"2024-04-22T12:22:42","date_gmt":"2024-04-22T15:22:42","guid":{"rendered":"https:\/\/tveventos.tv.br\/?p=1396"},"modified":"2024-04-22T12:22:46","modified_gmt":"2024-04-22T15:22:46","slug":"primeira-edicao-da-fruit-attraction-no-brasil-reflete-o-potencial-da-fruticultura-brasileira","status":"publish","type":"post","link":"https:\/\/tveventos.tv.br\/?p=1396","title":{"rendered":"Primeira edi\u00e7\u00e3o da Fruit Attraction no Brasil reflete o potencial da fruticultura brasileira"},"content":{"rendered":"\n<p class=\"has-text-align-center\">Com a participa\u00e7\u00e3o de 12 mil visitantes, evento reuniu mais de 45 pa\u00edses e 8 Estados brasileiros; novos neg\u00f3cios devem gerar 1 bilh\u00e3o de reais nos pr\u00f3ximos 12 meses<\/p>\n\n\n\n<p>A Fruit Attraction, uma das principais feiras internacionais do setor de frutas e vegetais do mundo, encerrou sua primeira edi\u00e7\u00e3o em solo brasileiro nesta quinta (18), no S\u00e3o Paulo Expo. O evento de tr\u00eas dias reuniu toda a cadeia produtiva do segmento, com a presen\u00e7a de 8 Estados (S\u00e3o Paulo, Bahia, Pernambuco, Rio Grande do Norte, Maranh\u00e3o, Par\u00e1, Esp\u00edrito Santo e Paran\u00e1) e 12 mil visitantes.<\/p>\n\n\n\n<p>Visitantes de mais de 45 pa\u00edses e 15 expositores de nacionalidades distintas &#8211; Fran\u00e7a, Holanda, It\u00e1lia, Portugal, Gr\u00e9cia, Espanha, Argentina, Chile, Uruguai, Estados Unidos, Nova Zel\u00e2ndia, Egito, Turquia e Israel, al\u00e9m do Brasil, demonstrando o car\u00e1ter internacional do evento e a atratividade do mercado nacional.<\/p>\n\n\n\n<p>\u201cA Fruit Attraction S\u00e3o Paulo nasce como a feira internacional de refer\u00eancia para o mercado hortofrut\u00edcola do hemisf\u00e9rio sul, em altern\u00e2ncia e sintonia com a Fruit Attraction Madrid que \u00e9 o encontro l\u00edder no hemisf\u00e9rio Norte. Esta feira ser\u00e1 o ponto de encontro n\u00e3o somente para os produtores de todos os Estados do Brasil, mas tamb\u00e9m de pa\u00edses da Am\u00e9rica Latina. Desde IFEMA Madrid estamos orgulhosos em poder contribuir com o crescimento do mercado hortofrut\u00edcola local e em poder dividir nosso know-how especializado para este objetivo\u201d, afirma Jaime Martin, Diretor de Expans\u00e3o Internacional da IFEMA Madrid.<\/p>\n\n\n\n<p>\u201cEstamos muito satisfeitos com o desempenho da primeira edi\u00e7\u00e3o desta marca emblem\u00e1tica da IFEMA Madrid no Brasil, que contou com mais de 300 marcas expositoras. J\u00e1 notamos um grande n\u00famero de visitantes que se interessaram em participar como expositores na pr\u00f3xima edi\u00e7\u00e3o e uma taxa elevada nos pedidos de renova\u00e7\u00e3o e, ainda, aumento de \u00e1rea de quem j\u00e1 exp\u00f4s com a gente este ano\u201d, afirma Maur\u00edcio Macedo, CEO da Fiera Milano Brasil, co-realizadora do evento.<\/p>\n\n\n\n<p>A estrutura montada foi um dos pontos positivos para Guilherme Coelho, presidente da Abrafrutas (Associa\u00e7\u00e3o Brasileira dos Produtores Exportadores de Frutas e Derivados). \u201cEstou muito feliz com a Fruit Attraction, uma feira que veio para ficar. Elementos importantes, como bons estandes, rodadas de neg\u00f3cios, pain\u00e9is de conte\u00fado e, principalmente, corredores lotados indicam que o evento vai se consolidar\u201d, declarou.<\/p>\n\n\n\n<p>A pr\u00f3xima edi\u00e7\u00e3o aumentar\u00e1 de tamanho, passando a ocupar dois pavilh\u00f5es do S\u00e3o Paulo Expo. \u201cSab\u00edamos que essa edi\u00e7\u00e3o inicial seria muito boa pela tradi\u00e7\u00e3o brasileira e pela expertise de sucesso da IFEMA Madrid, que foram grandes propulsores e, com certeza, v\u00e3o nos ajudar a realizar uma feira ainda melhor no pr\u00f3ximo ano. Nossa expectativa j\u00e1 est\u00e1 muito alta\u201d, completa Macedo.<\/p>\n\n\n\n<p>O evento contou com uma experi\u00eancia interativa e um f\u00f3rum com mais de 20 horas de conte\u00fado. Renomados chefs de cozinha preparam receitas com os ingredientes expostos no espa\u00e7o do Cooking Show by S\u00e3o Paulo Neg\u00f3cios. J\u00e1 o Fruit F\u00f3rum, patrocinado pelos governos da Bahia e do Maranh\u00e3o, o Porto de Suape e a Apex Brasil indicou tend\u00eancias e oportunidades de quem est\u00e1 ou deseja empreender no setor frut\u00edcola.<\/p>\n\n\n\n<p><strong>Novos neg\u00f3cios<\/strong><\/p>\n\n\n\n<p>O desempenho da Fruit Attraction \u00e9 um reflexo do bom momento que o Brasil vive no cen\u00e1rio mundial. O pa\u00eds bateu recorde de exporta\u00e7\u00e3o de frutas em 2023, com um aumento de 26% no faturamento na compara\u00e7\u00e3o com 2022, alcan\u00e7ando a marca de R\uff04 1,2 bilh\u00e3o, segundo a Abrafrutas.<\/p>\n\n\n\n<p><br>Em parceria com a Ag\u00eancia Brasileira de Promo\u00e7\u00e3o de Exporta\u00e7\u00f5es e Investimentos (Apex), a feira tamb\u00e9m trouxe o Programa de Compradores Internacionais, que reuniu compradores de 33 pa\u00edses distintos e realizou mais de mil reuni\u00f5es de neg\u00f3cios ao longo dos tr\u00eas dias da feira, que devem movimentar 1 bilh\u00e3o de reais em vendas nos pr\u00f3ximos 12 meses.<\/p>\n\n\n\n<p>Victor Rodrigues Ferreira, analista nacional de agroneg\u00f3cios do Sebrae, avaliou positivamente a participa\u00e7\u00e3o da cadeia produtiva. \u201cOs produtores vivenciaram esta gama de oportunidades, facilitando novos neg\u00f3cios. Temos a car\u00eancia de um espa\u00e7o assim no Brasil e esta primeira edi\u00e7\u00e3o jogou uma semente. Acredito que no ano que vem, com mais tempo, os visitantes aumentem ainda mais\u201d, declarou.<\/p>\n\n\n\n<p><strong>Sobre a IFEMA MADRID<\/strong><\/p>\n\n\n\n<p>IFEMA MADRID \u00e9 o principal operador de feiras na Espanha e um dos mais importantes na Europa. Com mais de 500 eventos realizados a cada ano, seu calend\u00e1rio anual inclui feiras, congressos e eventos profissionais relacionados com praticamente todos os setores da economia. Anualmente, mais de 24 mil empresas espanholas e estrangeiras participam para gerar neg\u00f3cios e estabelecer rela\u00e7\u00f5es comerciais, atraindo cerca de 4 milh\u00f5es de visitantes. Com uma programa\u00e7\u00e3o intensa, que tamb\u00e9m engloba grandes eventos musicais, espet\u00e1culos, exposi\u00e7\u00f5es e eventos de lazer para o p\u00fablico em geral, a companhia consolidou-se como o segundo motor econ\u00f4mico da Regi\u00e3o de Madrid, com um impacto na Comunidade local de 5.104 milh\u00f5es de euros. Mais informa\u00e7\u00f5es: <a href=\"https:\/\/s2404.imxsnd22.com\/link.php?code=bDpodHRwcyUzQSUyRiUyRnd3dy5pZmVtYS5lcyUyRjoxMTA3OTc4NDgzOnJlZGFjYW90dmV2ZW50b3NAZ21haWwuY29tOjQ0MjM1Zjo3Nw==\">Link<\/a><\/p>\n\n\n\n<p><strong>Sobre a Fiera Milano Brasil<\/strong> <\/p>\n\n\n\n<p>A Fiera Milano Brasil \u00e9 a filial brasileira da Fiera Milano, um dos maiores players de feiras e congressos do mundo que a cada ano atraem aproximadamente 30 mil expositores e mais de cinco milh\u00f5es de visitantes. No Brasil, s\u00e3o realizadas nove feiras que representam os mais diversos segmentos da economia, como seguran\u00e7a, energias limpas e renov\u00e1veis, tubos e conex\u00f5es, cabos, sa\u00fade no trabalho, tecnologias em reabilita\u00e7\u00e3o, inclus\u00e3o e acessibilidade, entre outras. Entre as principais marcas do portf\u00f3lio est\u00e3o Exposec, Fisp, Fire Show, Congresso Ecoenergy, Fruit Attraction S\u00e3o Paulo, em parceria com IFEMA Madrid, Reatech, Tubotech, wire Brasil e Esquadria Show, em parceria com N\u00fcrnbergMesse Brasil. Mais informa\u00e7\u00f5es acesse <a href=\"https:\/\/s2404.imxsnd22.com\/link.php?code=bDpodHRwcyUzQSUyRiUyRnd3dy5maWVyYW1pbGFub2JyYXNpbC5jb20uYnI6MTEwNzk3ODQ4MzpyZWRhY2FvdHZldmVudG9zQGdtYWlsLmNvbTphYzhkODk6Nzc=\">aqui<\/a><\/p>\n","protected":false},"excerpt":{"rendered":"<p>Com a participa\u00e7\u00e3o de 12 mil visitantes, evento reuniu mais de 45 pa\u00edses e 8 Estados brasileiros; novos neg\u00f3cios devem gerar 1 bilh\u00e3o de reais nos pr\u00f3ximos 12 meses A Fruit Attraction, uma das principais feiras internacionais do setor de frutas e vegetais do mundo, encerrou sua primeira edi\u00e7\u00e3o em solo brasileiro nesta quinta (18), [&hellip;]<\/p>\n","protected":false},"author":2,"featured_media":1397,"comment_status":"open","ping_status":"open","sticky":false,"template":"","format":"standard","meta":{"footnotes":""},"categories":[1],"tags":[],"class_list":{"0":"post-1396","1":"post","2":"type-post","3":"status-publish","4":"format-standard","5":"has-post-thumbnail","7":"category-workshopsepalestras"},"_links":{"self":[{"href":"https:\/\/tveventos.tv.br\/index.php?rest_route=\/wp\/v2\/posts\/1396","targetHints":{"allow":["GET"]}}],"collection":[{"href":"https:\/\/tveventos.tv.br\/index.php?rest_route=\/wp\/v2\/posts"}],"about":[{"href":"https:\/\/tveventos.tv.br\/index.php?rest_route=\/wp\/v2\/types\/post"}],"author":[{"embeddable":true,"href":"https:\/\/tveventos.tv.br\/index.php?rest_route=\/wp\/v2\/users\/2"}],"replies":[{"embeddable":true,"href":"https:\/\/tveventos.tv.br\/index.php?rest_route=%2Fwp%2Fv2%2Fcomments&post=1396"}],"version-history":[{"count":1,"href":"https:\/\/tveventos.tv.br\/index.php?rest_route=\/wp\/v2\/posts\/1396\/revisions"}],"predecessor-version":[{"id":1398,"href":"https:\/\/tveventos.tv.br\/index.php?rest_route=\/wp\/v2\/posts\/1396\/revisions\/1398"}],"wp:featuredmedia":[{"embeddable":true,"href":"https:\/\/tveventos.tv.br\/index.php?rest_route=\/wp\/v2\/media\/1397"}],"wp:attachment":[{"href":"https:\/\/tveventos.tv.br\/index.php?rest_route=%2Fwp%2Fv2%2Fmedia&parent=1396"}],"wp:term":[{"taxonomy":"category","embeddable":true,"href":"https:\/\/tveventos.tv.br\/index.php?rest_route=%2Fwp%2Fv2%2Fcategories&post=1396"},{"taxonomy":"post_tag","embeddable":true,"href":"https:\/\/tveventos.tv.br\/index.php?rest_route=%2Fwp%2Fv2%2Ftags&post=1396"}],"curies":[{"name":"wp","href":"https:\/\/api.w.org\/{rel}","templated":true}]}}