{"id":1399,"date":"2024-04-22T12:41:43","date_gmt":"2024-04-22T15:41:43","guid":{"rendered":"https:\/\/tveventos.tv.br\/?p=1399"},"modified":"2024-04-22T12:41:46","modified_gmt":"2024-04-22T15:41:46","slug":"compradores-buscam-tendencias-e-bons-negocios-na-2a-edicao-da-bfshow","status":"publish","type":"post","link":"https:\/\/tveventos.tv.br\/?p=1399","title":{"rendered":"Compradores buscam tend\u00eancias e bons neg\u00f3cios na 2\u00aa edi\u00e7\u00e3o da BFSHOW"},"content":{"rendered":"\n<p>Faltando menos de um m\u00eas para a 2\u00aa BFSHOW, realizada pela Associa\u00e7\u00e3o Brasileira das Ind\u00fastrias de Cal\u00e7ados (Abical\u00e7ados) em parceria com a N\u00fcrnbergMesse Brasil, o encontro se consolida no mercado como a maior feira de cal\u00e7ados do Brasil e gera expectativa entre visitantes j\u00e1 confirmados. Com 270 marcas j\u00e1 confirmadas e um crescimento de mais de 100% na \u00e1rea de exposi\u00e7\u00e3o e a presen\u00e7a confirmada dos principais players cal\u00e7adistas do Brasil, a BFSHOW espera receber 10 mil compradores nacionais e internacionais entre os dias 21 e 23 de maio, no Transam\u00e9rica Expo Center, em S\u00e3o Paulo (SP). Nesta edi\u00e7\u00e3o, ser\u00e1 poss\u00edvel conhecer em primeira m\u00e3o os lan\u00e7amentos das cole\u00e7\u00f5es de Primavera-Ver\u00e3o 2025 do setor cal\u00e7adista brasileiro.<\/p>\n\n\n\n<p>Essa \u00e9 a principal expectativa do estilista Gustavo Silva, da Serafine, de Minas Gerais. A marca de vestu\u00e1rio est\u00e1 em sua terceira cole\u00e7\u00e3o de cal\u00e7ados e aproveita a BFSHOW para conhecer novos fornecedores e o que ser\u00e1 tend\u00eancia para a pr\u00f3xima esta\u00e7\u00e3o. \u201cQuero ver as novidades com rela\u00e7\u00e3o a materiais, solados e cores. \u00c9 importante para selecionarmos parceiros e fornecedores que estejam alinhados \u00e0s tend\u00eancias da nossa cole\u00e7\u00e3o de roupas. A primeira edi\u00e7\u00e3o da feira foi excelente para n\u00f3s, pois prospectamos importantes fornecedores. O leque oferecido pela BFSHOW \u00e9 excelente e temos a expectativa que em S\u00e3o Paulo esse volume de op\u00e7\u00f5es seja ainda maior e encontremos novos fornecedores para a marca\u201d.<\/p>\n\n\n\n<p>Outro comprador confirmado para o evento na capital paulista \u00e9 Humberto Costa, representante do Grupo Planeta Jeans, rede de seis lojas do Paran\u00e1. \u201cEsperamos n\u00e3o s\u00f3 encontrar as tend\u00eancias para o ver\u00e3o, mas tamb\u00e9m estreitar o relacionamento entre lojista e f\u00e1brica. A proximidade oferecida pela BFSHOW nos garante tamb\u00e9m a possibilidade de fazer novos neg\u00f3cios, encontrar outros fabricantes, outros produtos e fazer com que a gente consiga efetuar bons neg\u00f3cios tamb\u00e9m nas nossas lojas.\u201d Mesmo objetivo de Mohamad Abdul Majid, da importadora Sad Trading, de Mo\u00e7ambique. \u201cA feira oferece oportunidades de networking, novos neg\u00f3cios e parcerias, al\u00e9m de colocar em exposi\u00e7\u00e3o as novas tend\u00eancias para o Ver\u00e3o &#8211; pr\u00f3xima cole\u00e7\u00e3o a ser comercializada no Brasil e tamb\u00e9m em Mo\u00e7ambique.\u201d<\/p>\n\n\n\n<p>A feira vem gerando alta expectativa em visitantes de todos os lugares do Brasil. \u201cS\u00e3o Paulo ser\u00e1 um grande palco. Um local onde encontraremos representantes, fabricantes, importadores, exportadores e lojistas todos em um s\u00f3 lugar. Com certeza iremos fazer grandes compras e bons neg\u00f3cios e, assim, manter nossas lojas cada vez mais atualizadas com novas tend\u00eancias do mercado cal\u00e7adista. Temos certeza de que essa ser\u00e1 a maior feira de todos os tempos e vamos juntos fazer deste o melhor ano para o setor cal\u00e7adista\u201d, celebra Francisco Aldemir Bezerra de Souza, diretor comercial da Planeta Cal\u00e7ados &#8211; rede de 8 lojas presente nas cidades de Juazeiro do Norte, Crato, Barbalha, Iguatu, Brejo Santo -, e diretor do S\u00edndilojas em Juazeiro do Norte (CE).<\/p>\n\n\n\n<p>A gerente de Neg\u00f3cios e Relacionamento da Associa\u00e7\u00e3o Brasileira das Ind\u00fastrias de Cal\u00e7ados (Abical\u00e7ados), Let\u00edcia Sperb Masselli, destaca que a BFSHOW \u00e9 tamb\u00e9m um ponto de encontro internacional do setor cal\u00e7adista. \u201cA quinta maior ind\u00fastria de cal\u00e7ados do mundo, a mais sustent\u00e1vel entre as suas concorrentes, tem na feira uma grande vitrine. \u00c9 um evento imperd\u00edvel, em que teremos mais de 80% da produ\u00e7\u00e3o nacional de cal\u00e7ados apresentando suas cole\u00e7\u00f5es para a temporada mais quente do ano. Temos certeza de que ser\u00e1 um sucesso que dar\u00e1 uma inje\u00e7\u00e3o de \u00e2nimo na atividade\u201d, ressalta.&nbsp;<\/p>\n\n\n\n<p>Um dos respons\u00e1veis pela feira, Ricardo Azeredo, Head de Novos Neg\u00f3cios da N\u00fcrnbergMesse Brasil, destaca&nbsp; o crescimento do evento. \u201cA BFSHOW dobrou de tamanho nessa edi\u00e7\u00e3o, refor\u00e7ando a import\u00e2ncia deste evento para o setor cal\u00e7adista brasileiro. Estamos preparando uma feira de alto padr\u00e3o para receber bem os 10 mil visitantes esperados, que buscam os melhores produtos para oferecer aos consumidores nacionais e internacionais. Os compradores ter\u00e3o uma experi\u00eancia ainda melhor nesta edi\u00e7\u00e3o.\u201d<\/p>\n\n\n\n<p>Programa Comprador<\/p>\n\n\n\n<p>Sucesso na primeira edi\u00e7\u00e3o, o Programa Comprador tamb\u00e9m est\u00e1 de volta. Iniciativa da BFSHOW e que conta com o apoio da ApexBrasil no \u00e2mbito de compradores internacionais, a a\u00e7\u00e3o busca incentivar os neg\u00f3cios entre compradores nacionais e internacionais e os expositores da feira. Em 2023, a a\u00e7\u00e3o levou \u00e0 BFSHOW compradores do Brasil e de pa\u00edses como Austr\u00e1lia, Bol\u00edvia, Canad\u00e1, Emirados \u00c1rabes Unidos, Espanha, Estados Unidos, Portugal, R\u00fassia, Reino Unido, entre outros.<\/p>\n\n\n\n<p>Compradora internacional participante do Programa, Emma Damas Malamsha, da Apri Arch Fashion Ltd, importadora e distribuidora de cal\u00e7ados da Tans\u00e2nia, na \u00c1frica, destaca que a BFSHOW \u00e9 uma mostra importante para o setor. \u201cHoje, nosso principal parceiro estrat\u00e9gico \u00e9 a China, mas na BFSHOW descobrimos outros fornecedores com potencial, com os quais podemos fazer parcerias e neg\u00f3cios. Existe muita colabora\u00e7\u00e3o no setor e a feira \u00e9 uma grande oportunidade para nos conhecermos\u201d, afirma.<\/p>\n\n\n\n<p>Estreitar la\u00e7os na BFSHOW tamb\u00e9m \u00e9 o objetivo do Grupo Real Cal\u00e7ados, rede fundada na Bahia e com mais de 100 lojas espalhadas pelo Brasil. \u201c\u00c9 uma forma de interagir com fornecedores e estar mais perto para ver o que h\u00e1 de ofertas, lan\u00e7amentos, novidades e tend\u00eancias que est\u00e3o por vir. Criamos v\u00ednculos ali porque quando apostamos num produto, estabelecemos uma conex\u00e3o com o pr\u00f3prio fornecedor, o que nos d\u00e1 suporte e confian\u00e7a\u201d, conta o diretor Ivan Nunes Andrade Filho.<\/p>\n\n\n\n<p>Na sua primeira edi\u00e7\u00e3o, a BFSHOW recebeu compradores internacionais dos cinco continentes que geraram mais de R$ 315 milh\u00f5es em neg\u00f3cios com o mercado internacional.&nbsp;<\/p>\n\n\n\n<p>Sobre a Abical\u00e7ados<\/p>\n\n\n\n<p>A Abical\u00e7ados \u00e9 a entidade que representa a ind\u00fastria nacional, quinta maior produtora de cal\u00e7ados do mundo, a maior do Ocidente. Fundada em 1983, a Abical\u00e7ados, sediada em Novo Hamburgo\/RS, possui em seu quadro de associados empresas de todos os portes e que respondem por mais de 65% do total de pares produzidos no Pa\u00eds. A entidade representa uma ind\u00fastria que emprega, diretamente, mais de 300 mil pessoas. Sua miss\u00e3o \u00e9 representar, defender, desenvolver e promover a ind\u00fastria cal\u00e7adista brasileira, com respeito, excel\u00eancia e resultados.<\/p>\n\n\n\n<p>Sobre a operadora<\/p>\n\n\n\n<p>A N\u00fcrnbergMesse Brasil \u00e9 uma subsidi\u00e1ria do Grupo N\u00fcrnbergMesse, uma das 15 maiores empresas internacionais organizadoras de eventos do mundo. O portf\u00f3lio do grupo possui mais de 120 feiras e congressos internacionais (14 deles no Brasil) e mais de 40 pavilh\u00f5es. Anualmente, cerca de 30 mil expositores e mais de 1,5 milh\u00e3o de visitantes participam dos eventos organizados pela N\u00fcrnbergMesse, que est\u00e1 presente, por meio de suas subsidi\u00e1rias, na China, Estados Unidos, Brasil, Gr\u00e9cia, It\u00e1lia e \u00cdndia. O grupo ainda possui uma rede com cerca de 50 representantes, que operam em mais de 116 pa\u00edses.<\/p>\n","protected":false},"excerpt":{"rendered":"<p>Faltando menos de um m\u00eas para a 2\u00aa BFSHOW, realizada pela Associa\u00e7\u00e3o Brasileira das Ind\u00fastrias de Cal\u00e7ados (Abical\u00e7ados) em parceria com a N\u00fcrnbergMesse Brasil, o encontro se consolida no mercado como a maior feira de cal\u00e7ados do Brasil e gera expectativa entre visitantes j\u00e1 confirmados. Com 270 marcas j\u00e1 confirmadas e um crescimento de mais [&hellip;]<\/p>\n","protected":false},"author":2,"featured_media":1400,"comment_status":"open","ping_status":"open","sticky":false,"template":"","format":"standard","meta":{"footnotes":""},"categories":[1],"tags":[],"class_list":{"0":"post-1399","1":"post","2":"type-post","3":"status-publish","4":"format-standard","5":"has-post-thumbnail","7":"category-workshopsepalestras"},"_links":{"self":[{"href":"https:\/\/tveventos.tv.br\/index.php?rest_route=\/wp\/v2\/posts\/1399","targetHints":{"allow":["GET"]}}],"collection":[{"href":"https:\/\/tveventos.tv.br\/index.php?rest_route=\/wp\/v2\/posts"}],"about":[{"href":"https:\/\/tveventos.tv.br\/index.php?rest_route=\/wp\/v2\/types\/post"}],"author":[{"embeddable":true,"href":"https:\/\/tveventos.tv.br\/index.php?rest_route=\/wp\/v2\/users\/2"}],"replies":[{"embeddable":true,"href":"https:\/\/tveventos.tv.br\/index.php?rest_route=%2Fwp%2Fv2%2Fcomments&post=1399"}],"version-history":[{"count":1,"href":"https:\/\/tveventos.tv.br\/index.php?rest_route=\/wp\/v2\/posts\/1399\/revisions"}],"predecessor-version":[{"id":1401,"href":"https:\/\/tveventos.tv.br\/index.php?rest_route=\/wp\/v2\/posts\/1399\/revisions\/1401"}],"wp:featuredmedia":[{"embeddable":true,"href":"https:\/\/tveventos.tv.br\/index.php?rest_route=\/wp\/v2\/media\/1400"}],"wp:attachment":[{"href":"https:\/\/tveventos.tv.br\/index.php?rest_route=%2Fwp%2Fv2%2Fmedia&parent=1399"}],"wp:term":[{"taxonomy":"category","embeddable":true,"href":"https:\/\/tveventos.tv.br\/index.php?rest_route=%2Fwp%2Fv2%2Fcategories&post=1399"},{"taxonomy":"post_tag","embeddable":true,"href":"https:\/\/tveventos.tv.br\/index.php?rest_route=%2Fwp%2Fv2%2Ftags&post=1399"}],"curies":[{"name":"wp","href":"https:\/\/api.w.org\/{rel}","templated":true}]}}