{"id":1407,"date":"2024-04-22T15:12:58","date_gmt":"2024-04-22T18:12:58","guid":{"rendered":"https:\/\/tveventos.tv.br\/?p=1407"},"modified":"2024-04-22T15:13:02","modified_gmt":"2024-04-22T18:13:02","slug":"beauty-show","status":"publish","type":"post","link":"https:\/\/tveventos.tv.br\/?p=1407","title":{"rendered":"BEAUTY SHOW"},"content":{"rendered":"\n<p>Beauty Show re\u00fane todos os apaixonados por beleza e est\u00e9tica em um mesmo espa\u00e7o. S\u00e3o tr\u00eas dias de imers\u00e3o em maquiagem, design de unhas\u00a0e muito mais.<\/p>\n\n\n\n<p>Junte-se a n\u00f3s, nos dias 27 a 29 de Abril das 10h \u00e0s 20h, no prestigiado Pro Magno.<\/p>\n\n\n\n<p>Endere\u00e7o: Av. Profa. Ida Kolb, 513 Jardim das Laranjeiras 02518-000 &#8211; S\u00e3o Paulo-SP.<\/p>\n","protected":false},"excerpt":{"rendered":"<p>Beauty Show re\u00fane todos os apaixonados por beleza e est\u00e9tica em um mesmo espa\u00e7o. S\u00e3o tr\u00eas dias de imers\u00e3o em maquiagem, design de unhas\u00a0e muito mais. Junte-se a n\u00f3s, nos dias 27 a 29 de Abril das 10h \u00e0s 20h, no prestigiado Pro Magno. Endere\u00e7o: Av. Profa. Ida Kolb, 513 Jardim das Laranjeiras 02518-000 &#8211; [&hellip;]<\/p>\n","protected":false},"author":2,"featured_media":1408,"comment_status":"open","ping_status":"open","sticky":false,"template":"","format":"standard","meta":{"footnotes":""},"categories":[25],"tags":[],"class_list":{"0":"post-1407","1":"post","2":"type-post","3":"status-publish","4":"format-standard","5":"has-post-thumbnail","7":"category-calendariodeeventos"},"_links":{"self":[{"href":"https:\/\/tveventos.tv.br\/index.php?rest_route=\/wp\/v2\/posts\/1407","targetHints":{"allow":["GET"]}}],"collection":[{"href":"https:\/\/tveventos.tv.br\/index.php?rest_route=\/wp\/v2\/posts"}],"about":[{"href":"https:\/\/tveventos.tv.br\/index.php?rest_route=\/wp\/v2\/types\/post"}],"author":[{"embeddable":true,"href":"https:\/\/tveventos.tv.br\/index.php?rest_route=\/wp\/v2\/users\/2"}],"replies":[{"embeddable":true,"href":"https:\/\/tveventos.tv.br\/index.php?rest_route=%2Fwp%2Fv2%2Fcomments&post=1407"}],"version-history":[{"count":1,"href":"https:\/\/tveventos.tv.br\/index.php?rest_route=\/wp\/v2\/posts\/1407\/revisions"}],"predecessor-version":[{"id":1409,"href":"https:\/\/tveventos.tv.br\/index.php?rest_route=\/wp\/v2\/posts\/1407\/revisions\/1409"}],"wp:featuredmedia":[{"embeddable":true,"href":"https:\/\/tveventos.tv.br\/index.php?rest_route=\/wp\/v2\/media\/1408"}],"wp:attachment":[{"href":"https:\/\/tveventos.tv.br\/index.php?rest_route=%2Fwp%2Fv2%2Fmedia&parent=1407"}],"wp:term":[{"taxonomy":"category","embeddable":true,"href":"https:\/\/tveventos.tv.br\/index.php?rest_route=%2Fwp%2Fv2%2Fcategories&post=1407"},{"taxonomy":"post_tag","embeddable":true,"href":"https:\/\/tveventos.tv.br\/index.php?rest_route=%2Fwp%2Fv2%2Ftags&post=1407"}],"curies":[{"name":"wp","href":"https:\/\/api.w.org\/{rel}","templated":true}]}}