{"id":1411,"date":"2024-04-22T15:19:11","date_gmt":"2024-04-22T18:19:11","guid":{"rendered":"https:\/\/tveventos.tv.br\/?p=1411"},"modified":"2024-04-22T15:19:16","modified_gmt":"2024-04-22T18:19:16","slug":"agrishow","status":"publish","type":"post","link":"https:\/\/tveventos.tv.br\/?p=1411","title":{"rendered":"Agrishow"},"content":{"rendered":"\n<p>Uma das maiores feiras agr\u00edcolas no mundo e a maior feira agropecu\u00e1ria do Brasil, a Agrishow re\u00fane solu\u00e7\u00f5es para todos os tipos de culturas, safras, m\u00e1quinas e tamanhos de propriedades, al\u00e9m de ser reconhecida como o palco dos lan\u00e7amentos das principais tend\u00eancias e inova\u00e7\u00f5es para o agroneg\u00f3cio.<\/p>\n\n\n\n<p>Junte-se a n\u00f3s, nos dias 29 de abril a 03 de Maio das 08h \u00e0s 18h, em Ribeir\u00e3o Preto.<\/p>\n\n\n\n<p>Endere\u00e7o: Rodovia Prefeito Ant\u00f4nio Duarte Nogueira, Km 321, Ribeir\u00e3o Preto &#8211; S\u00e3o Paulo.<\/p>\n","protected":false},"excerpt":{"rendered":"<p>Uma das maiores feiras agr\u00edcolas no mundo e a maior feira agropecu\u00e1ria do Brasil, a Agrishow re\u00fane solu\u00e7\u00f5es para todos os tipos de culturas, safras, m\u00e1quinas e tamanhos de propriedades, al\u00e9m de ser reconhecida como o palco dos lan\u00e7amentos das principais tend\u00eancias e inova\u00e7\u00f5es para o agroneg\u00f3cio. Junte-se a n\u00f3s, nos dias 29 de abril [&hellip;]<\/p>\n","protected":false},"author":2,"featured_media":1412,"comment_status":"open","ping_status":"open","sticky":false,"template":"","format":"standard","meta":{"footnotes":""},"categories":[25],"tags":[],"class_list":{"0":"post-1411","1":"post","2":"type-post","3":"status-publish","4":"format-standard","5":"has-post-thumbnail","7":"category-calendariodeeventos"},"_links":{"self":[{"href":"https:\/\/tveventos.tv.br\/index.php?rest_route=\/wp\/v2\/posts\/1411","targetHints":{"allow":["GET"]}}],"collection":[{"href":"https:\/\/tveventos.tv.br\/index.php?rest_route=\/wp\/v2\/posts"}],"about":[{"href":"https:\/\/tveventos.tv.br\/index.php?rest_route=\/wp\/v2\/types\/post"}],"author":[{"embeddable":true,"href":"https:\/\/tveventos.tv.br\/index.php?rest_route=\/wp\/v2\/users\/2"}],"replies":[{"embeddable":true,"href":"https:\/\/tveventos.tv.br\/index.php?rest_route=%2Fwp%2Fv2%2Fcomments&post=1411"}],"version-history":[{"count":1,"href":"https:\/\/tveventos.tv.br\/index.php?rest_route=\/wp\/v2\/posts\/1411\/revisions"}],"predecessor-version":[{"id":1413,"href":"https:\/\/tveventos.tv.br\/index.php?rest_route=\/wp\/v2\/posts\/1411\/revisions\/1413"}],"wp:featuredmedia":[{"embeddable":true,"href":"https:\/\/tveventos.tv.br\/index.php?rest_route=\/wp\/v2\/media\/1412"}],"wp:attachment":[{"href":"https:\/\/tveventos.tv.br\/index.php?rest_route=%2Fwp%2Fv2%2Fmedia&parent=1411"}],"wp:term":[{"taxonomy":"category","embeddable":true,"href":"https:\/\/tveventos.tv.br\/index.php?rest_route=%2Fwp%2Fv2%2Fcategories&post=1411"},{"taxonomy":"post_tag","embeddable":true,"href":"https:\/\/tveventos.tv.br\/index.php?rest_route=%2Fwp%2Fv2%2Ftags&post=1411"}],"curies":[{"name":"wp","href":"https:\/\/api.w.org\/{rel}","templated":true}]}}