{"id":1414,"date":"2024-04-22T15:56:10","date_gmt":"2024-04-22T18:56:10","guid":{"rendered":"https:\/\/tveventos.tv.br\/?p=1414"},"modified":"2024-04-22T15:56:14","modified_gmt":"2024-04-22T18:56:14","slug":"francal-feiras-e-bhb-festival-anunciam-alianca-para-ampliar-negocios-no-setor-de-alimentos","status":"publish","type":"post","link":"https:\/\/tveventos.tv.br\/?p=1414","title":{"rendered":"Francal Feiras e BHB Festival anunciam alian\u00e7a para ampliar neg\u00f3cios no setor de alimentos\u00a0\u00a0"},"content":{"rendered":"\n<p class=\"has-text-align-center\"><em>Ecossistema de informa\u00e7\u00e3o e inova\u00e7\u00e3o para o mercado de alimentos, bebidas e suplementos passa a fazer parte dos maiores eventos de produtos org\u00e2nicos e naturais da Am\u00e9rica Latina, a BIO BRAZIL FAIR | BIOFACH AM\u00c9RICA LATINA e a NATURALTECH<\/em><\/p>\n\n\n\n<p>No calend\u00e1rio de a\u00e7\u00f5es estrat\u00e9gicas da Francal Feiras para 2024, uma nova parceria chega para ampliar a colabora\u00e7\u00e3o na ind\u00fastria de alimentos, a fim de incentivar o crescimento do setor, proporcionar maior acesso aos produtos e promover a oportunidade de neg\u00f3cios. A partir de 22 de abril, a Francal Feiras e a Equilibrium, juntas, tornam-se s\u00f3cias do BHB Festival,&nbsp;um ecossistema especializado no mercado de alimentos, bebidas e suplementos. O acordo ocorre na pr\u00e1tica, a partir da edi\u00e7\u00e3o dos eventos BHB Festival (e todas as suas atividades) que ser\u00e1 realizado em outubro de 2024, nos dias 2 e 3, no Expo Center Norte, Salas Cantareira, S\u00e3o Paulo.<br>&nbsp;<\/p>\n\n\n\n<p>O hub de solu\u00e7\u00f5es voltado para os neg\u00f3cios entre empresas (B2B) e o BHB (Building Healthier Brands) faz parte do grupo Equilibrium, que possui 22 anos de experi\u00eancia no desenvolvimento de produtos de sa\u00fade e nutri\u00e7\u00e3o. Para ampliar sua atua\u00e7\u00e3o e alcance frente \u00e0 ind\u00fastria de ingredientes e solu\u00e7\u00f5es em tecnologia e servi\u00e7os, o BHB se une \u00e0 Francal Feiras, que adquiriu 50% do neg\u00f3cio, buscando proporcionar um ambiente \u00fanico para profissionais e empres\u00e1rios do setor aliment\u00edcio. Com a sociedade firmada, o ecossistema BHB Food passa a fazer parte dos eventos de renome internacional da Francal,\u00a0<em>BIO BRAZIL FAIR | BIOFACH AM\u00c9RICA LATINA e NATURALTECH,<\/em>\u00a0feiras especializadas nos setores deprodutos org\u00e2nicos e naturais. O objetivo central \u00e9 ampliar as oportunidades para networking e neg\u00f3cios, bem como gerar um cen\u00e1rio para aquisi\u00e7\u00e3o de conhecimento e tend\u00eancias que moldar\u00e3o o futuro da ind\u00fastria.<\/p>\n\n\n<div class=\"wp-block-image\">\n<figure class=\"aligncenter size-full is-resized\"><img loading=\"lazy\" decoding=\"async\" width=\"800\" height=\"533\" src=\"https:\/\/tveventos.tv.br\/wp-content\/uploads\/2024\/04\/image-2.png\" alt=\"\" class=\"wp-image-1415\" style=\"width:800px;height:auto\" srcset=\"https:\/\/tveventos.tv.br\/wp-content\/uploads\/2024\/04\/image-2.png 800w, https:\/\/tveventos.tv.br\/wp-content\/uploads\/2024\/04\/image-2-300x200.png 300w, https:\/\/tveventos.tv.br\/wp-content\/uploads\/2024\/04\/image-2-768x512.png 768w, https:\/\/tveventos.tv.br\/wp-content\/uploads\/2024\/04\/image-2-150x100.png 150w, https:\/\/tveventos.tv.br\/wp-content\/uploads\/2024\/04\/image-2-696x464.png 696w\" sizes=\"auto, (max-width: 800px) 100vw, 800px\" \/><\/figure>\n<\/div>\n\n\n<p class=\"has-text-align-center\"><em>BHB Festival 2023 (Foto: Divulga\u00e7\u00e3o)<\/em><\/p>\n\n\n\n<p>No Brasil, em 2023, o setor de alimentos atingiu faturamento de R\uff04 1,161 trilh\u00e3o, segundo a Associa\u00e7\u00e3o Brasileira da Ind\u00fastria de Alimentos (Abia). De acordo com a Euromonitor, a receita de mercado do ramo de saud\u00e1veis foi de R\uff04 100,2 bilh\u00f5es em 2020. At\u00e9 2025, a expectativa \u00e9 que o segmento cres\u00e7a mais 27%.<br>&nbsp;<\/p>\n\n\n\n<p>Para Valeska Oliveira Cire, Head de Produto da Francal Feiras, a capacidade da parceria com a Equilibrium para impulsionar a cadeia do setor de nutri\u00e7\u00e3o \u00e9 incalcul\u00e1vel, e o cen\u00e1rio favor\u00e1vel \u00e0 esfera de alimentos exige a\u00e7\u00f5es t\u00e1ticas no ecossistema.&nbsp;<em>\u201cAcreditamos que a combina\u00e7\u00e3o da credibilidade e solidez da Francal Feiras aliada \u00e0 inova\u00e7\u00e3o e foco em conte\u00fado com expertise B2B da Equilibrium ir\u00e3o atrair um p\u00fablico diversificado e altamente qualificado, resultando em oportunidades de neg\u00f3cios valiosas, alcan\u00e7ando um p\u00fablico decisor na ind\u00fastria aliment\u00edcia e de suplementos wellness, bem-estar e estilo de vida saud\u00e1vel. Uma alian\u00e7a que engloba toda a cadeia produtiva de alimentos, do in\u00edcio ao fim, e que traz movimentos t\u00e1ticos com experi\u00eancias fundamentadas para nossos clientes, considerando a qualidade e relev\u00e2ncia dos eventos da Francal\u201d<\/em>, enfatiza Valeska.<\/p>\n\n\n\n<p>O BHB \u00e9 um ecossistema \u2018f\u00edgital\u2019 (f\u00edsico e digital) que fomenta a convers\u00e3o entre os profissionais e empresas que buscam solu\u00e7\u00f5es para o desenvolvimento e promo\u00e7\u00e3o de produtos de sa\u00fade e nutri\u00e7\u00e3o, por meio de uma abordagem inovadora, aplicada pela metodologia da Equilibrium, que est\u00e1 j\u00e1 inserida no setor, dentro das ind\u00fastrias de alimentos e do mercado wellness. Tanto a plataforma quanto o evento se destacam por sua capacidade de conectar marcas, times de marketing e insights, al\u00e9m de profissionais da sa\u00fade e stakeholders atrav\u00e9s de conte\u00fados originais e educacionais, promovendo experi\u00eancias \u00fanicas.<\/p>\n\n\n\n<p>Para Cynthia Antonaccio, fundadora da Equilibrium, a uni\u00e3o do BHB Festival junto da Francal prop\u00f5e ao segmento uma expans\u00e3o estrat\u00e9gica, que estimula a inova\u00e7\u00e3o e a cria\u00e7\u00e3o de novos produtos e servi\u00e7os que atendam \u00e0s demandas do mercado de forma mais eficaz.&nbsp;<em>\u201cCom mais de 150 marcas de alimentos e ind\u00fastrias do mercado wellness em projetos anuais, a Equilibrium tem acesso constante \u00e0s dores e necessidades de seus clientes de marketing, insights e P&amp;D e promete preencher a lacuna que falta neste mercado. Com a for\u00e7a de mais de 800 players inovadores da Naturaltech, seremos uma for\u00e7a de mercado sem precedentes\u201d<\/em>, enfatiza a fundadora.<\/p>\n\n\n\n<p><em>\u201cEstamos seguros e otimistas de que a parceria com a Francal Feiras n\u00e3o apenas fortalecer\u00e1 a posi\u00e7\u00e3o do Brasil como um dos principais players globais na ind\u00fastria aliment\u00edcia, mas que tamb\u00e9m contribuir\u00e1 para a promo\u00e7\u00e3o de uma alimenta\u00e7\u00e3o mais saud\u00e1vel, sustent\u00e1vel e consciente\u201d<\/em>, celebra Samantha Macedo, s\u00f3cia da Equilibrium.<\/p>\n\n\n<div class=\"wp-block-image\">\n<figure class=\"aligncenter size-full is-resized\"><img loading=\"lazy\" decoding=\"async\" width=\"800\" height=\"586\" src=\"https:\/\/tveventos.tv.br\/wp-content\/uploads\/2024\/04\/image-3.png\" alt=\"\" class=\"wp-image-1416\" style=\"width:800px;height:auto\" srcset=\"https:\/\/tveventos.tv.br\/wp-content\/uploads\/2024\/04\/image-3.png 800w, https:\/\/tveventos.tv.br\/wp-content\/uploads\/2024\/04\/image-3-300x220.png 300w, https:\/\/tveventos.tv.br\/wp-content\/uploads\/2024\/04\/image-3-768x563.png 768w, https:\/\/tveventos.tv.br\/wp-content\/uploads\/2024\/04\/image-3-150x110.png 150w, https:\/\/tveventos.tv.br\/wp-content\/uploads\/2024\/04\/image-3-696x510.png 696w\" sizes=\"auto, (max-width: 800px) 100vw, 800px\" \/><\/figure>\n<\/div>\n\n\n<p class=\"has-text-align-center\"><em>Times da Francal e da Equilibrium reunidos durante encontro em S\u00e3o Paulo <\/em><em>(Foto: divulga\u00e7\u00e3o)<\/em><\/p>\n\n\n\n<p><strong>Sobre a Francal Feiras<\/strong><\/p>\n\n\n\n<p>Desde 1969, a Francal Feiras \u00e9 sin\u00f4nimo de neg\u00f3cios e pioneirismo. Com mais de cinco d\u00e9cadas de atua\u00e7\u00e3o, \u00e9 uma das maiores e mais tradicionais promotoras de eventos do pa\u00eds, com capital 100% nacional. Os neg\u00f3cios originados pelos 16 eventos de seu portf\u00f3lio movimentam a economia e contribuem para o desenvolvimento de todas as regi\u00f5es do Brasil.<\/p>\n\n\n\n<p><strong>Sobre a feira BIO BRAZIL FAIR | BIOFACH AM\u00c9RICA LATINA e NATURALTECH<\/strong><\/p>\n\n\n\n<p>A&nbsp;BIO BRAZIL FAIR | BIOFACH AM\u00c9RICA LATINA&nbsp;\u00e9 o maior evento do mercado de org\u00e2nicos no Brasil e na Am\u00e9rica Latina, sendo um cen\u00e1rio favor\u00e1vel \u00e0 promo\u00e7\u00e3o de networking e atualiza\u00e7\u00e3o, segmento que movimenta bilh\u00f5es em neg\u00f3cios que v\u00e3o desde alimentos at\u00e9 cosm\u00e9ticos certificados. Enquanto isso, a NATURALTECH \u00e9 a maior feira de neg\u00f3cios internacionais em produtos naturais: com extensa \u00e1rea de exposi\u00e7\u00e3o com centenas de marcas, palco de lan\u00e7amentos, tend\u00eancias de consumo e o encontro anual de neg\u00f3cios do segmento. Reconhecida como l\u00edder no mercado, a feira re\u00fane os principais expositores de produtos naturais, integrais, probi\u00f3ticos, fitoter\u00e1picos, tratamentos complementares, nutri\u00e7\u00e3o esportiva, est\u00e9tica, al\u00e9m de ser uma impulsionadora de novos neg\u00f3cios. Juntas, as exposi\u00e7\u00f5es que acontecem simultaneamente, somam 730 expositores inteirados, com mais de 52 mil visitantes de 30 pa\u00edses. Em 2024, a 18\u00aa edi\u00e7\u00e3o das feiras ser\u00e1 realizada entre os dias 12 e 15 de junho, no Distrito Anhembi, S\u00e3o Paulo.<\/p>\n\n\n\n<p><strong>Sobre a Equilibrium\/BHB&nbsp;<\/strong>&nbsp;<\/p>\n\n\n\n<p>A Equilibrium vai al\u00e9m de uma ag\u00eancia de health marketing tradicional, posicionando-se como um ecossistema abrangente de sa\u00fade, bem-estar e nutri\u00e7\u00e3o que impacta neg\u00f3cios e pessoas. Com 22 anos de experi\u00eancia, a empresa \u00e9 conhecida por suas solu\u00e7\u00f5es inovadoras e gera\u00e7\u00e3o de demanda. Ela conecta marcas de alimentos, bebidas e suplementos ao futuro de produtos e servi\u00e7os. Isso \u00e9 feito interligando times de marketing, insights, P&amp;D, profissionais de sa\u00fade e consumidores. As estrat\u00e9gias usadas incluem conte\u00fados originais e plataformas de treinamento e educa\u00e7\u00e3o. Centrais para sua estrat\u00e9gia de ecossistema, a Equilibrium possui duas marcas pr\u00f3prias: BHBFood e Academia Da Nutri\u00e7\u00e3o, refor\u00e7ando seu papel como um elo importante entre diferentes atores no setor de sa\u00fade, bem-estar e nutri\u00e7\u00e3o.<\/p>\n\n\n\n<p>O ecossistema BHB (Building Healthier Brands) pertence ao grupo Equilibrium e busca levar mais saudabilidade para o mercado de food no Brasil, revolucionando o cen\u00e1rio de suplementos, alimentos e bebidas. A empresa adota uma estrat\u00e9gia de conte\u00fado inovadora, mergulhando no universo<em>&nbsp;&#8220;figital&#8221;<\/em>&nbsp;para impulsionar a comunica\u00e7\u00e3o e a gera\u00e7\u00e3o de neg\u00f3cios no setor. O objetivo do ecossistema \u00e9 ser o ponto de encontro de profissionais que est\u00e3o em busca de solu\u00e7\u00f5es que auxiliem nos desafios de inova\u00e7\u00e3o, marketing e desenvolvimento de produtos das ind\u00fastrias de alimentos, bebidas e suplementos.<\/p>\n","protected":false},"excerpt":{"rendered":"<p>Ecossistema de informa\u00e7\u00e3o e inova\u00e7\u00e3o para o mercado de alimentos, bebidas e suplementos passa a fazer parte dos maiores eventos de produtos org\u00e2nicos e naturais da Am\u00e9rica Latina, a BIO BRAZIL FAIR | BIOFACH AM\u00c9RICA LATINA e a NATURALTECH No calend\u00e1rio de a\u00e7\u00f5es estrat\u00e9gicas da Francal Feiras para 2024, uma nova parceria chega para ampliar [&hellip;]<\/p>\n","protected":false},"author":2,"featured_media":1420,"comment_status":"open","ping_status":"open","sticky":false,"template":"","format":"standard","meta":{"footnotes":""},"categories":[1],"tags":[],"class_list":{"0":"post-1414","1":"post","2":"type-post","3":"status-publish","4":"format-standard","5":"has-post-thumbnail","7":"category-workshopsepalestras"},"_links":{"self":[{"href":"https:\/\/tveventos.tv.br\/index.php?rest_route=\/wp\/v2\/posts\/1414","targetHints":{"allow":["GET"]}}],"collection":[{"href":"https:\/\/tveventos.tv.br\/index.php?rest_route=\/wp\/v2\/posts"}],"about":[{"href":"https:\/\/tveventos.tv.br\/index.php?rest_route=\/wp\/v2\/types\/post"}],"author":[{"embeddable":true,"href":"https:\/\/tveventos.tv.br\/index.php?rest_route=\/wp\/v2\/users\/2"}],"replies":[{"embeddable":true,"href":"https:\/\/tveventos.tv.br\/index.php?rest_route=%2Fwp%2Fv2%2Fcomments&post=1414"}],"version-history":[{"count":1,"href":"https:\/\/tveventos.tv.br\/index.php?rest_route=\/wp\/v2\/posts\/1414\/revisions"}],"predecessor-version":[{"id":1421,"href":"https:\/\/tveventos.tv.br\/index.php?rest_route=\/wp\/v2\/posts\/1414\/revisions\/1421"}],"wp:featuredmedia":[{"embeddable":true,"href":"https:\/\/tveventos.tv.br\/index.php?rest_route=\/wp\/v2\/media\/1420"}],"wp:attachment":[{"href":"https:\/\/tveventos.tv.br\/index.php?rest_route=%2Fwp%2Fv2%2Fmedia&parent=1414"}],"wp:term":[{"taxonomy":"category","embeddable":true,"href":"https:\/\/tveventos.tv.br\/index.php?rest_route=%2Fwp%2Fv2%2Fcategories&post=1414"},{"taxonomy":"post_tag","embeddable":true,"href":"https:\/\/tveventos.tv.br\/index.php?rest_route=%2Fwp%2Fv2%2Ftags&post=1414"}],"curies":[{"name":"wp","href":"https:\/\/api.w.org\/{rel}","templated":true}]}}