{"id":1417,"date":"2024-04-22T15:56:15","date_gmt":"2024-04-22T18:56:15","guid":{"rendered":"https:\/\/tveventos.tv.br\/?p=1417"},"modified":"2024-04-22T15:56:18","modified_gmt":"2024-04-22T18:56:18","slug":"feira-do-bebe","status":"publish","type":"post","link":"https:\/\/tveventos.tv.br\/?p=1417","title":{"rendered":"Feira do Beb\u00ea"},"content":{"rendered":"\n<p>Chegou a Feira da Gestante, Beb\u00ea e Crian\u00e7a, edi\u00e7\u00e3o de maio. Essa edi\u00e7\u00e3o contar\u00e1 com produtos de alta qualidade, excelentes pre\u00e7os e \u00f3timas condi\u00e7\u00f5es de pagamento. O evento oferecer\u00e1 toda infraestrutura necess\u00e1ria para seu conforto em um \u00f3timo lugar. Teremos espa\u00e7os pensados para todo seu conforto, como frald\u00e1rio, lact\u00e1rio, \u00e1rea de descanso e uma excelente pra\u00e7a de alimenta\u00e7\u00e3o no local.<\/p>\n\n\n\n<p>Junte-se a n\u00f3s, nos dias 01 \u00e0 05 de maio, no Expo Center Norte.&nbsp;<\/p>\n\n\n\n<p>Hor\u00e1rios:<\/p>\n\n\n\n<p>01 e 04 de maio, quarta feira e s\u00e1bado das 10h \u00e0s 21h;<\/p>\n\n\n\n<p>02 e 03 de maio, quinta e sexta feira das 13h \u00e0s 21h;&nbsp;<\/p>\n\n\n\n<p>05 de maio, domingo das 10h \u00e0s 19h.<\/p>\n\n\n\n<p>Endere\u00e7o: Rua Jos\u00e9 Bernardo Pinto, 333 &#8211; Vila Guilherme, S\u00e3o Paulo &#8211; SP, 02055-000<\/p>\n","protected":false},"excerpt":{"rendered":"<p>Chegou a Feira da Gestante, Beb\u00ea e Crian\u00e7a, edi\u00e7\u00e3o de maio. Essa edi\u00e7\u00e3o contar\u00e1 com produtos de alta qualidade, excelentes pre\u00e7os e \u00f3timas condi\u00e7\u00f5es de pagamento. O evento oferecer\u00e1 toda infraestrutura necess\u00e1ria para seu conforto em um \u00f3timo lugar. Teremos espa\u00e7os pensados para todo seu conforto, como frald\u00e1rio, lact\u00e1rio, \u00e1rea de descanso e uma excelente [&hellip;]<\/p>\n","protected":false},"author":2,"featured_media":1418,"comment_status":"open","ping_status":"open","sticky":false,"template":"","format":"standard","meta":{"footnotes":""},"categories":[25],"tags":[],"class_list":{"0":"post-1417","1":"post","2":"type-post","3":"status-publish","4":"format-standard","5":"has-post-thumbnail","7":"category-calendariodeeventos"},"_links":{"self":[{"href":"https:\/\/tveventos.tv.br\/index.php?rest_route=\/wp\/v2\/posts\/1417","targetHints":{"allow":["GET"]}}],"collection":[{"href":"https:\/\/tveventos.tv.br\/index.php?rest_route=\/wp\/v2\/posts"}],"about":[{"href":"https:\/\/tveventos.tv.br\/index.php?rest_route=\/wp\/v2\/types\/post"}],"author":[{"embeddable":true,"href":"https:\/\/tveventos.tv.br\/index.php?rest_route=\/wp\/v2\/users\/2"}],"replies":[{"embeddable":true,"href":"https:\/\/tveventos.tv.br\/index.php?rest_route=%2Fwp%2Fv2%2Fcomments&post=1417"}],"version-history":[{"count":1,"href":"https:\/\/tveventos.tv.br\/index.php?rest_route=\/wp\/v2\/posts\/1417\/revisions"}],"predecessor-version":[{"id":1419,"href":"https:\/\/tveventos.tv.br\/index.php?rest_route=\/wp\/v2\/posts\/1417\/revisions\/1419"}],"wp:featuredmedia":[{"embeddable":true,"href":"https:\/\/tveventos.tv.br\/index.php?rest_route=\/wp\/v2\/media\/1418"}],"wp:attachment":[{"href":"https:\/\/tveventos.tv.br\/index.php?rest_route=%2Fwp%2Fv2%2Fmedia&parent=1417"}],"wp:term":[{"taxonomy":"category","embeddable":true,"href":"https:\/\/tveventos.tv.br\/index.php?rest_route=%2Fwp%2Fv2%2Fcategories&post=1417"},{"taxonomy":"post_tag","embeddable":true,"href":"https:\/\/tveventos.tv.br\/index.php?rest_route=%2Fwp%2Fv2%2Ftags&post=1417"}],"curies":[{"name":"wp","href":"https:\/\/api.w.org\/{rel}","templated":true}]}}