{"id":1422,"date":"2024-04-22T16:14:33","date_gmt":"2024-04-22T19:14:33","guid":{"rendered":"https:\/\/tveventos.tv.br\/?p=1422"},"modified":"2024-04-22T16:14:36","modified_gmt":"2024-04-22T19:14:36","slug":"expo-conac","status":"publish","type":"post","link":"https:\/\/tveventos.tv.br\/?p=1422","title":{"rendered":"Expo CONAC"},"content":{"rendered":"\n<p>O Congresso Nacional de Administradoras de Cons\u00f3rcios (CONAC) \u00e9 o maior evento do Sistema de Cons\u00f3rcios e re\u00fane anualmente centenas de profissionais do cons\u00f3rcio. Sua Programa\u00e7\u00e3o Tem\u00e1tica \u00e9 criada por um Comit\u00ea que avalia e seleciona os assuntos mais relevantes para o constante desenvolvimento das administradoras e do pr\u00f3prio cons\u00f3rcio. S\u00e3o in\u00fameras palestras, workshops e paineis de debates sobre temas atuais e de interesse do setor.<\/p>\n\n\n\n<p>Como atrativos paralelos, oferece a ExpoCONAC &#8211; exposi\u00e7\u00e3o dos melhores produtos e servi\u00e7os para as empresas que atuam no setor -, al\u00e9m de confraterniza\u00e7\u00e3o em eventos sociais, como coquetel, jantares e shows.<\/p>\n\n\n\n<p>Junte-se a n\u00f3s, nos dias 01 \u00e0 03 de maio, no Royal Palm Hall.<\/p>\n\n\n\n<p>Endere\u00e7o: Av Monsenhor Lu\u00edz Fernandes de Abreu 311, Campinas, S\u00e3o Paulo 13053<\/p>\n","protected":false},"excerpt":{"rendered":"<p>O Congresso Nacional de Administradoras de Cons\u00f3rcios (CONAC) \u00e9 o maior evento do Sistema de Cons\u00f3rcios e re\u00fane anualmente centenas de profissionais do cons\u00f3rcio. Sua Programa\u00e7\u00e3o Tem\u00e1tica \u00e9 criada por um Comit\u00ea que avalia e seleciona os assuntos mais relevantes para o constante desenvolvimento das administradoras e do pr\u00f3prio cons\u00f3rcio. S\u00e3o in\u00fameras palestras, workshops e [&hellip;]<\/p>\n","protected":false},"author":2,"featured_media":1423,"comment_status":"open","ping_status":"open","sticky":false,"template":"","format":"standard","meta":{"footnotes":""},"categories":[25],"tags":[],"class_list":{"0":"post-1422","1":"post","2":"type-post","3":"status-publish","4":"format-standard","5":"has-post-thumbnail","7":"category-calendariodeeventos"},"_links":{"self":[{"href":"https:\/\/tveventos.tv.br\/index.php?rest_route=\/wp\/v2\/posts\/1422","targetHints":{"allow":["GET"]}}],"collection":[{"href":"https:\/\/tveventos.tv.br\/index.php?rest_route=\/wp\/v2\/posts"}],"about":[{"href":"https:\/\/tveventos.tv.br\/index.php?rest_route=\/wp\/v2\/types\/post"}],"author":[{"embeddable":true,"href":"https:\/\/tveventos.tv.br\/index.php?rest_route=\/wp\/v2\/users\/2"}],"replies":[{"embeddable":true,"href":"https:\/\/tveventos.tv.br\/index.php?rest_route=%2Fwp%2Fv2%2Fcomments&post=1422"}],"version-history":[{"count":1,"href":"https:\/\/tveventos.tv.br\/index.php?rest_route=\/wp\/v2\/posts\/1422\/revisions"}],"predecessor-version":[{"id":1424,"href":"https:\/\/tveventos.tv.br\/index.php?rest_route=\/wp\/v2\/posts\/1422\/revisions\/1424"}],"wp:featuredmedia":[{"embeddable":true,"href":"https:\/\/tveventos.tv.br\/index.php?rest_route=\/wp\/v2\/media\/1423"}],"wp:attachment":[{"href":"https:\/\/tveventos.tv.br\/index.php?rest_route=%2Fwp%2Fv2%2Fmedia&parent=1422"}],"wp:term":[{"taxonomy":"category","embeddable":true,"href":"https:\/\/tveventos.tv.br\/index.php?rest_route=%2Fwp%2Fv2%2Fcategories&post=1422"},{"taxonomy":"post_tag","embeddable":true,"href":"https:\/\/tveventos.tv.br\/index.php?rest_route=%2Fwp%2Fv2%2Ftags&post=1422"}],"curies":[{"name":"wp","href":"https:\/\/api.w.org\/{rel}","templated":true}]}}