{"id":1425,"date":"2024-04-22T16:21:16","date_gmt":"2024-04-22T19:21:16","guid":{"rendered":"https:\/\/tveventos.tv.br\/?p=1425"},"modified":"2024-04-22T16:21:18","modified_gmt":"2024-04-22T19:21:18","slug":"jpr","status":"publish","type":"post","link":"https:\/\/tveventos.tv.br\/?p=1425","title":{"rendered":"JPR"},"content":{"rendered":"\n<p>A Jornada Paulista de Radiologia \u00e9 o principal evento de Diagn\u00f3stico por Imagem na Am\u00e9rica Latina e o quarto maior no mundo. Organizado pela Sociedade Paulista de Radiologia e Diagn\u00f3stico por Imagem (SPR), a edi\u00e7\u00e3o deste ano conta com a parceria da Sociedade de Radiologia Norte-Americana (RSNA).<\/p>\n\n\n\n<p>Junte-se a n\u00f3s, nos dias 02 \u00e0 05 de maio, no Transam\u00e9rica Expo Center<\/p>\n\n\n\n<p>Endere\u00e7o: Av. Dr. M\u00e1rio Vilas Boas Rodrigues 387, S\u00e3o Paulo, SP, 04757-020<\/p>\n","protected":false},"excerpt":{"rendered":"<p>A Jornada Paulista de Radiologia \u00e9 o principal evento de Diagn\u00f3stico por Imagem na Am\u00e9rica Latina e o quarto maior no mundo. Organizado pela Sociedade Paulista de Radiologia e Diagn\u00f3stico por Imagem (SPR), a edi\u00e7\u00e3o deste ano conta com a parceria da Sociedade de Radiologia Norte-Americana (RSNA). Junte-se a n\u00f3s, nos dias 02 \u00e0 05 [&hellip;]<\/p>\n","protected":false},"author":2,"featured_media":1426,"comment_status":"open","ping_status":"open","sticky":false,"template":"","format":"standard","meta":{"footnotes":""},"categories":[25],"tags":[],"class_list":{"0":"post-1425","1":"post","2":"type-post","3":"status-publish","4":"format-standard","5":"has-post-thumbnail","7":"category-calendariodeeventos"},"_links":{"self":[{"href":"https:\/\/tveventos.tv.br\/index.php?rest_route=\/wp\/v2\/posts\/1425","targetHints":{"allow":["GET"]}}],"collection":[{"href":"https:\/\/tveventos.tv.br\/index.php?rest_route=\/wp\/v2\/posts"}],"about":[{"href":"https:\/\/tveventos.tv.br\/index.php?rest_route=\/wp\/v2\/types\/post"}],"author":[{"embeddable":true,"href":"https:\/\/tveventos.tv.br\/index.php?rest_route=\/wp\/v2\/users\/2"}],"replies":[{"embeddable":true,"href":"https:\/\/tveventos.tv.br\/index.php?rest_route=%2Fwp%2Fv2%2Fcomments&post=1425"}],"version-history":[{"count":1,"href":"https:\/\/tveventos.tv.br\/index.php?rest_route=\/wp\/v2\/posts\/1425\/revisions"}],"predecessor-version":[{"id":1427,"href":"https:\/\/tveventos.tv.br\/index.php?rest_route=\/wp\/v2\/posts\/1425\/revisions\/1427"}],"wp:featuredmedia":[{"embeddable":true,"href":"https:\/\/tveventos.tv.br\/index.php?rest_route=\/wp\/v2\/media\/1426"}],"wp:attachment":[{"href":"https:\/\/tveventos.tv.br\/index.php?rest_route=%2Fwp%2Fv2%2Fmedia&parent=1425"}],"wp:term":[{"taxonomy":"category","embeddable":true,"href":"https:\/\/tveventos.tv.br\/index.php?rest_route=%2Fwp%2Fv2%2Fcategories&post=1425"},{"taxonomy":"post_tag","embeddable":true,"href":"https:\/\/tveventos.tv.br\/index.php?rest_route=%2Fwp%2Fv2%2Ftags&post=1425"}],"curies":[{"name":"wp","href":"https:\/\/api.w.org\/{rel}","templated":true}]}}