{"id":1428,"date":"2024-04-22T16:36:15","date_gmt":"2024-04-22T19:36:15","guid":{"rendered":"https:\/\/tveventos.tv.br\/?p=1428"},"modified":"2024-04-22T16:36:18","modified_gmt":"2024-04-22T19:36:18","slug":"enaf","status":"publish","type":"post","link":"https:\/\/tveventos.tv.br\/?p=1428","title":{"rendered":"ENAF"},"content":{"rendered":"\n<p>O ENAF \u00e9 o maior evento de Sport &amp; Fitness e Sa\u00fade realizado nas Am\u00e9ricas e um dos mais importantes do mundo. Tendo como objetivo promover a reciclagem e aprimoramento dos profissionais dessas \u00e1reas.<\/p>\n\n\n\n<p>A cada ano, o ENAF re\u00fane em torno de 15 mil participantes e atrai para as cidades cerca de 30 mil pessoas. S\u00e3o 3 dias com dezenas de cursos, palestras e workshops acontecendo simultaneamente, de manh\u00e3, \u00e0 tarde e \u00e0 noite. Essa intensa troca de informa\u00e7\u00f5es faz do ENAF um congresso obrigat\u00f3rio para estudantes e profissionais de esporte, fitness e sa\u00fade.<\/p>\n\n\n\n<p>Junte-se a n\u00f3s, nos dias 04 e 05 de maio, no NACIONAL INN CAMPINAS.<\/p>\n\n\n\n<p>04 de maio, s\u00e1bado \u00e0s 9h;<\/p>\n\n\n\n<p>05 de maio, domingo \u00e0s 14h.<\/p>\n\n\n\n<p>Endere\u00e7o: &nbsp;Av. Benedito de Campos, 35 &#8211; Jardim do Trevo, Campinas &#8211; SP, 13030-100,<\/p>\n","protected":false},"excerpt":{"rendered":"<p>O ENAF \u00e9 o maior evento de Sport &amp; Fitness e Sa\u00fade realizado nas Am\u00e9ricas e um dos mais importantes do mundo. Tendo como objetivo promover a reciclagem e aprimoramento dos profissionais dessas \u00e1reas. A cada ano, o ENAF re\u00fane em torno de 15 mil participantes e atrai para as cidades cerca de 30 mil [&hellip;]<\/p>\n","protected":false},"author":2,"featured_media":1429,"comment_status":"open","ping_status":"open","sticky":false,"template":"","format":"standard","meta":{"footnotes":""},"categories":[25],"tags":[],"class_list":{"0":"post-1428","1":"post","2":"type-post","3":"status-publish","4":"format-standard","5":"has-post-thumbnail","7":"category-calendariodeeventos"},"_links":{"self":[{"href":"https:\/\/tveventos.tv.br\/index.php?rest_route=\/wp\/v2\/posts\/1428","targetHints":{"allow":["GET"]}}],"collection":[{"href":"https:\/\/tveventos.tv.br\/index.php?rest_route=\/wp\/v2\/posts"}],"about":[{"href":"https:\/\/tveventos.tv.br\/index.php?rest_route=\/wp\/v2\/types\/post"}],"author":[{"embeddable":true,"href":"https:\/\/tveventos.tv.br\/index.php?rest_route=\/wp\/v2\/users\/2"}],"replies":[{"embeddable":true,"href":"https:\/\/tveventos.tv.br\/index.php?rest_route=%2Fwp%2Fv2%2Fcomments&post=1428"}],"version-history":[{"count":1,"href":"https:\/\/tveventos.tv.br\/index.php?rest_route=\/wp\/v2\/posts\/1428\/revisions"}],"predecessor-version":[{"id":1430,"href":"https:\/\/tveventos.tv.br\/index.php?rest_route=\/wp\/v2\/posts\/1428\/revisions\/1430"}],"wp:featuredmedia":[{"embeddable":true,"href":"https:\/\/tveventos.tv.br\/index.php?rest_route=\/wp\/v2\/media\/1429"}],"wp:attachment":[{"href":"https:\/\/tveventos.tv.br\/index.php?rest_route=%2Fwp%2Fv2%2Fmedia&parent=1428"}],"wp:term":[{"taxonomy":"category","embeddable":true,"href":"https:\/\/tveventos.tv.br\/index.php?rest_route=%2Fwp%2Fv2%2Fcategories&post=1428"},{"taxonomy":"post_tag","embeddable":true,"href":"https:\/\/tveventos.tv.br\/index.php?rest_route=%2Fwp%2Fv2%2Ftags&post=1428"}],"curies":[{"name":"wp","href":"https:\/\/api.w.org\/{rel}","templated":true}]}}