{"id":1431,"date":"2024-04-23T16:30:55","date_gmt":"2024-04-23T19:30:55","guid":{"rendered":"https:\/\/tveventos.tv.br\/?p=1431"},"modified":"2024-04-23T16:30:58","modified_gmt":"2024-04-23T19:30:58","slug":"forum-moove-on-2024-discute-tecnologia-decisoes-humanas-e-negocios-financeiros","status":"publish","type":"post","link":"https:\/\/tveventos.tv.br\/?p=1431","title":{"rendered":"F\u00f3rum MoOve On 2024 discute tecnologia, decis\u00f5es humanas e neg\u00f3cios financeiros"},"content":{"rendered":"\n<p><em>Evento re\u00fane importantes lideran\u00e7as corporativas do pa\u00eds e aborda os desafios e tend\u00eancias focadas na sustentabilidade do mercado financeiro<\/em><\/p>\n\n\n\n<p>Um movimento de conex\u00e3o entre seres humanos e organiza\u00e7\u00f5es, em prol da evolu\u00e7\u00e3o saud\u00e1vel e eficiente dos setores de cr\u00e9dito, cobran\u00e7a, risco, tecnol\u00f3gico e econ\u00f4mico. Assim \u00e9 descrito o F\u00f3rum MoOve On, considerado um dos maiores eventos corporativos do pa\u00eds, que ter\u00e1 sua edi\u00e7\u00e3o de 2024 no dia 5 de junho, no Expo Center Norte, em S\u00e3o Paulo\u2013SP. Neste ano, o encontro tem como tema a \u201cTrilogia da Excel\u00eancia: Tecnologia, Decis\u00f5es Humanas e Neg\u00f3cios Financeiros Sustent\u00e1veis\u201d, e contar\u00e1 com a presen\u00e7a das mais respeitadas lideran\u00e7as do mercado. A expectativa \u00e9 de que mais de 1100 pessoas participem em 2024.<br>&nbsp;<\/p>\n\n\n\n<p>Est\u00e3o confirmados os palestrantes Haroldo Dutra (Juiz de Direito do Tribunal de Justi\u00e7a de Minas Gerais, escritor e conferencista esp\u00edrita) e Silvio Meira (Cientista, professor, empreendedor e presidente do Conselho Administrativo do Porto Digital de Recife)<\/p>\n\n\n\n<p><br>\u201cNossos encontros est\u00e3o se tornando mais produtivos e desafiadores a cada ano, por isso decidimos, em 2024, expandir para al\u00e9m das nossas especialidades que s\u00e3o cr\u00e9ditos, cobran\u00e7a e risco. Vamos incluir, por exemplo, o varejo, a sa\u00fade e a educa\u00e7\u00e3o, que tamb\u00e9m possuem extrema relev\u00e2ncia quando falamos do vi\u00e9s financeiro e, principalmente, considerando o nosso valor mais importante que \u00e9 a humaniza\u00e7\u00e3o do mercado\u201d, afirma Madeleine Sprocatti, s\u00f3cia do MoOve On.<\/p>\n\n\n\n<p><br>O f\u00f3rum \u00e9 realizado h\u00e1 18 anos, sendo dois com a nova marca MoOve On, e se consolidou como um importante vetor de tend\u00eancias, modelos de neg\u00f3cios e conte\u00fados inteligentes por reunir um p\u00fablico formado, em sua maioria, por C-levels interessados na troca de experi\u00eancias e crescimento de suas redes de relacionamentos.<br>&nbsp;<\/p>\n\n\n\n<p>O MoOve On 2024 ter\u00e1, ainda, um espa\u00e7o para exposi\u00e7\u00e3o para receber os stands das organiza\u00e7\u00f5es patrocinadoras e parceiras do movimento. S\u00e3o mais de 30 empresas patrocinadoras e outras mais de 300 participantes j\u00e1 confirmadas, de todos os cantos do Brasil<br>Os interessados em participar podem se inscrever atrav\u00e9s do site<a href=\"https:\/\/mooveon.com.br\/inscricao\/\"> Link<\/a>, onde \u00e9 poss\u00edvel adquirir credenciais individuais ou pacotes corporativos. As cotas para as empresas que ainda desejam patrocinar o MoOve On 2024 e alavancar seu alcance entre os principais nomes do setor de cr\u00e9dito tamb\u00e9m est\u00e3o dispon\u00edveis.<\/p>\n","protected":false},"excerpt":{"rendered":"<p>Evento re\u00fane importantes lideran\u00e7as corporativas do pa\u00eds e aborda os desafios e tend\u00eancias focadas na sustentabilidade do mercado financeiro Um movimento de conex\u00e3o entre seres humanos e organiza\u00e7\u00f5es, em prol da evolu\u00e7\u00e3o saud\u00e1vel e eficiente dos setores de cr\u00e9dito, cobran\u00e7a, risco, tecnol\u00f3gico e econ\u00f4mico. Assim \u00e9 descrito o F\u00f3rum MoOve On, considerado um dos maiores [&hellip;]<\/p>\n","protected":false},"author":2,"featured_media":1432,"comment_status":"open","ping_status":"open","sticky":false,"template":"","format":"standard","meta":{"footnotes":""},"categories":[1],"tags":[],"class_list":{"0":"post-1431","1":"post","2":"type-post","3":"status-publish","4":"format-standard","5":"has-post-thumbnail","7":"category-workshopsepalestras"},"_links":{"self":[{"href":"https:\/\/tveventos.tv.br\/index.php?rest_route=\/wp\/v2\/posts\/1431","targetHints":{"allow":["GET"]}}],"collection":[{"href":"https:\/\/tveventos.tv.br\/index.php?rest_route=\/wp\/v2\/posts"}],"about":[{"href":"https:\/\/tveventos.tv.br\/index.php?rest_route=\/wp\/v2\/types\/post"}],"author":[{"embeddable":true,"href":"https:\/\/tveventos.tv.br\/index.php?rest_route=\/wp\/v2\/users\/2"}],"replies":[{"embeddable":true,"href":"https:\/\/tveventos.tv.br\/index.php?rest_route=%2Fwp%2Fv2%2Fcomments&post=1431"}],"version-history":[{"count":1,"href":"https:\/\/tveventos.tv.br\/index.php?rest_route=\/wp\/v2\/posts\/1431\/revisions"}],"predecessor-version":[{"id":1433,"href":"https:\/\/tveventos.tv.br\/index.php?rest_route=\/wp\/v2\/posts\/1431\/revisions\/1433"}],"wp:featuredmedia":[{"embeddable":true,"href":"https:\/\/tveventos.tv.br\/index.php?rest_route=\/wp\/v2\/media\/1432"}],"wp:attachment":[{"href":"https:\/\/tveventos.tv.br\/index.php?rest_route=%2Fwp%2Fv2%2Fmedia&parent=1431"}],"wp:term":[{"taxonomy":"category","embeddable":true,"href":"https:\/\/tveventos.tv.br\/index.php?rest_route=%2Fwp%2Fv2%2Fcategories&post=1431"},{"taxonomy":"post_tag","embeddable":true,"href":"https:\/\/tveventos.tv.br\/index.php?rest_route=%2Fwp%2Fv2%2Ftags&post=1431"}],"curies":[{"name":"wp","href":"https:\/\/api.w.org\/{rel}","templated":true}]}}