{"id":1446,"date":"2024-04-24T15:12:34","date_gmt":"2024-04-24T18:12:34","guid":{"rendered":"https:\/\/tveventos.tv.br\/?p=1446"},"modified":"2024-04-24T15:12:39","modified_gmt":"2024-04-24T18:12:39","slug":"conarh-saude-coloca-em-pauta-solucoes-e-cases-para-os-desafios-da-saude-corporativa-no-brasil","status":"publish","type":"post","link":"https:\/\/tveventos.tv.br\/?p=1446","title":{"rendered":"CONARH Sa\u00fade coloca em pauta solu\u00e7\u00f5es e cases para os desafios da sa\u00fade corporativa no Brasil"},"content":{"rendered":"\n<p class=\"has-text-align-center\"><em>Evento acontecer\u00e1 em 27 de junho, em S\u00e3o Paulo<\/em><\/p>\n\n\n\n<p>Em sua quarta edi\u00e7\u00e3o, o CONARH Sa\u00fade trar\u00e1 como tema global \u201cTransforme a sa\u00fade corporativa com uma estrat\u00e9gia de sucesso\u201d. Promovido pela Associa\u00e7\u00e3o Brasileira de Recursos Humanos (ABRH Brasil), o evento visa apresentar perspectivas e caminhos para a melhoria dos resultados da sa\u00fade corporativa no Brasil, frente aos desafios da disparada dos custos. O encontro ser\u00e1 presencial e acontecer\u00e1 em 27 de junho, na C\u00e2mara Americana do Com\u00e9rcio (Amcham), em S\u00e3o Paulo (SP).<\/p>\n\n\n\n<p>Por sua relev\u00e2ncia, a sa\u00fade corporativa figura no centro dos principais debates no setor. \u201cAl\u00e9m dos custos que voltaram a disparar acima da infla\u00e7\u00e3o em 2024, novos desafios se apresentaram para os profissionais de RH. Neste cen\u00e1rio, o CONARH Sa\u00fade foi pensado para que o p\u00fablico conhe\u00e7a solu\u00e7\u00f5es de empresas que est\u00e3o superando essas adversidades \u2013 inovando, definindo prioridades relevantes, assegurando qualidade e obtendo resultados com menores custos. Ser\u00e1 um encontro para debater solu\u00e7\u00f5es pragm\u00e1ticas que o momento desafiador e sens\u00edvel da sa\u00fade corporativa exige\u201d, destaca Luiz Edmundo Rosa, diretor de Desenvolvimento de Pessoas da ABRH Brasil e coordenador do evento.<\/p>\n\n\n\n<p>A ABRH entende como \u00e9 essencial promover melhores pr\u00e1ticas de sa\u00fade nas organiza\u00e7\u00f5es e conta com iniciativas s\u00f3lidas neste sentido. Entre elas, o PES (Programa Empresa Saud\u00e1vel), apoiado pela Ag\u00eancia Nacional da Sa\u00fade Suplementar (ANS) e por uma coaliz\u00e3o de institui\u00e7\u00f5es ligadas \u00e0 sa\u00fade, que s\u00e3o uma refer\u00eancia em compet\u00eancia e credibilidade, e o CONARH Sa\u00fade.<\/p>\n\n\n\n<p>\u201cTrabalhamos para levar ao profissional de RH informa\u00e7\u00f5es e conhecimentos que ampliem sua atua\u00e7\u00e3o no tema, otimizem os recursos voltados para a sa\u00fade e alcancem melhores resultados em parceria com as altas lideran\u00e7as. E a ABRH Brasil, como associa\u00e7\u00e3o, tem esse papel fundamental de construir iniciativas que tragam narrativas e hist\u00f3rias de sucesso para guiar as empresas em uma dire\u00e7\u00e3o assertiva frente aos desafios atuais\u201d, ressalta Paulo Sardinha, presidente da ABRH Brasil.<\/p>\n\n\n\n<p><strong>Confira os temas dos pain\u00e9is da edi\u00e7\u00e3o 2024 do CONARH Sa\u00fade<\/strong><\/p>\n\n\n\n<ul class=\"wp-block-list\">\n<li><strong>Painel 1:<\/strong> \u201cPara onde vai a sa\u00fade corporativa?\u201d<\/li>\n\n\n\n<li><strong>Painel 2:<\/strong> \u201cComo \u00e9 poss\u00edvel melhorar os programas de sa\u00fade e manter os custos sob controle?\u201d<\/li>\n\n\n\n<li><strong>Painel 3:<\/strong> \u201cUma nova estrat\u00e9gia e gest\u00e3o da sa\u00fade podem gerar resultados extraordin\u00e1rios?\u201d<\/li>\n\n\n\n<li><strong>Painel 4:<\/strong> \u201cDoen\u00e7as que causam tsunami nas empresas e fam\u00edlias\u201d<\/li>\n\n\n\n<li><strong>Painel 5:<\/strong> \u201cVoc\u00ea \u00e9 o que voc\u00ea come! Sa\u00fade e economia na realidade das empresas\u201d<\/li>\n\n\n\n<li><strong>Painel 6:<\/strong> \u201cNovos avan\u00e7os para melhoria da sa\u00fade corporativa\u201d<\/li>\n\n\n\n<li><strong>Painel 7:<\/strong> \u201cDoen\u00e7as que causam tsunami nas empresas e fam\u00edlias\u201d<\/li>\n\n\n\n<li><strong>Painel 8:<\/strong> <em>Em breve<\/em><\/li>\n<\/ul>\n\n\n\n<p>Os ingressos est\u00e3o dispon\u00edveis no <a href=\"https:\/\/conarh.org.br\/saude\/\">site oficial do evento<\/a>. O investimento \u00e9 de R$ 950,00 para o p\u00fablico geral e R$ 750,00 para os associados da ABRH Brasil. <strong>Os valores s\u00e3o promocionais e v\u00e1lidos at\u00e9 o dia 30\/04.<\/strong>&nbsp;<\/p>\n\n\n\n<p><strong>Servi\u00e7o<\/strong><strong><br><\/strong><strong><br><\/strong><strong>CONARH Sa\u00fade<\/strong><\/p>\n\n\n\n<p><strong>Data: <\/strong>27 de junho de 2024<br><strong>Hor\u00e1rio: <\/strong>Das 8h \u00e0s 18h30<br><strong>Local:<\/strong> Amcham SP (C\u00e2mara Americana do Com\u00e9rcio) \u2013 Rua da Paz, 1431 \u2013 Ch\u00e1cara Santo Ant\u00f4nio \u2013 S\u00e3o Paulo (SP)<br><\/p>\n\n\n\n<p><strong>Sobre a ABRH Brasil<\/strong><\/p>\n\n\n\n<p>A ABRH Brasil, presidida por Paulo Sardinha, est\u00e1 presente em 21 Estados e no Distrito Federal. As seccionais s\u00e3o desvinculadas juridicamente e independentes, integradas na miss\u00e3o de promover o desenvolvimento dos profissionais de RH e gestores de pessoas por meio de eventos, pesquisas e troca de experi\u00eancias, al\u00e9m de colaborar com os poderes p\u00fablicos e demais entidades nos assuntos referentes \u00e0 sua \u00e1rea de atua\u00e7\u00e3o. Filiada \u00e0 WFPMA (World Federation of People Management Associations) e \u00e0 FIDAGH (Federaci\u00f3n Interamericana de Asociaciones de Gesti\u00f3n Humana), a ABRH Brasil \u00e9 cofundadora e integra a CRHLP (Confedera\u00e7\u00e3o dos Profissionais de Recursos Humanos dos Pa\u00edses de L\u00edngua Portuguesa), fundada em 2010.<\/p>\n","protected":false},"excerpt":{"rendered":"<p>Evento acontecer\u00e1 em 27 de junho, em S\u00e3o Paulo Em sua quarta edi\u00e7\u00e3o, o CONARH Sa\u00fade trar\u00e1 como tema global \u201cTransforme a sa\u00fade corporativa com uma estrat\u00e9gia de sucesso\u201d. Promovido pela Associa\u00e7\u00e3o Brasileira de Recursos Humanos (ABRH Brasil), o evento visa apresentar perspectivas e caminhos para a melhoria dos resultados da sa\u00fade corporativa no Brasil, [&hellip;]<\/p>\n","protected":false},"author":2,"featured_media":1447,"comment_status":"open","ping_status":"open","sticky":false,"template":"","format":"standard","meta":{"footnotes":""},"categories":[1],"tags":[],"class_list":{"0":"post-1446","1":"post","2":"type-post","3":"status-publish","4":"format-standard","5":"has-post-thumbnail","7":"category-workshopsepalestras"},"_links":{"self":[{"href":"https:\/\/tveventos.tv.br\/index.php?rest_route=\/wp\/v2\/posts\/1446","targetHints":{"allow":["GET"]}}],"collection":[{"href":"https:\/\/tveventos.tv.br\/index.php?rest_route=\/wp\/v2\/posts"}],"about":[{"href":"https:\/\/tveventos.tv.br\/index.php?rest_route=\/wp\/v2\/types\/post"}],"author":[{"embeddable":true,"href":"https:\/\/tveventos.tv.br\/index.php?rest_route=\/wp\/v2\/users\/2"}],"replies":[{"embeddable":true,"href":"https:\/\/tveventos.tv.br\/index.php?rest_route=%2Fwp%2Fv2%2Fcomments&post=1446"}],"version-history":[{"count":1,"href":"https:\/\/tveventos.tv.br\/index.php?rest_route=\/wp\/v2\/posts\/1446\/revisions"}],"predecessor-version":[{"id":1448,"href":"https:\/\/tveventos.tv.br\/index.php?rest_route=\/wp\/v2\/posts\/1446\/revisions\/1448"}],"wp:featuredmedia":[{"embeddable":true,"href":"https:\/\/tveventos.tv.br\/index.php?rest_route=\/wp\/v2\/media\/1447"}],"wp:attachment":[{"href":"https:\/\/tveventos.tv.br\/index.php?rest_route=%2Fwp%2Fv2%2Fmedia&parent=1446"}],"wp:term":[{"taxonomy":"category","embeddable":true,"href":"https:\/\/tveventos.tv.br\/index.php?rest_route=%2Fwp%2Fv2%2Fcategories&post=1446"},{"taxonomy":"post_tag","embeddable":true,"href":"https:\/\/tveventos.tv.br\/index.php?rest_route=%2Fwp%2Fv2%2Ftags&post=1446"}],"curies":[{"name":"wp","href":"https:\/\/api.w.org\/{rel}","templated":true}]}}