{"id":1453,"date":"2024-04-25T17:44:36","date_gmt":"2024-04-25T20:44:36","guid":{"rendered":"https:\/\/tveventos.tv.br\/?p=1453"},"modified":"2024-04-25T17:44:38","modified_gmt":"2024-04-25T20:44:38","slug":"arena-de-demonstracao-e-destaque-para-visitantes-a-mt-expo-2024","status":"publish","type":"post","link":"https:\/\/tveventos.tv.br\/?p=1453","title":{"rendered":"Arena de Demonstra\u00e7\u00e3o \u00e9 destaque para visitantes a M&amp;T Expo 2024"},"content":{"rendered":"\n<p>Os visitantes da&nbsp;<strong>M&amp;T Expo \u2013 part of bauma NETWORK, principal feira de m\u00e1quinas e equipamentos para constru\u00e7\u00e3o e minera\u00e7\u00e3o da Am\u00e9rica Latina<\/strong>, que acontece at\u00e9 amanh\u00e3 (sexta, 26\/4), no S\u00e3o Paulo Expo, est\u00e3o aproveitando a Arena de Demonstra\u00e7\u00e3o, para acompanhar a opera\u00e7\u00e3o dos equipamentos em tempo real.<\/p>\n\n\n\n<p>&nbsp;\u201cA arena \u00e9 muito importante porque \u00e9 o momento em que podemos ver o desempenho das m\u00e1quinas. V\u00ea-las funcionando \u00e9 o que d\u00e1 dinamismo \u00e0 feira\u201d, afirmou Ivan Gon\u00e7alves, executivo de vendas de uma empresa de log\u00edstica, que \u00e9 visitante habitual da feira.<\/p>\n\n\n\n<p>Carlos Alberto veio pela primeira vez ao evento e est\u00e1 em busca de novos fornecedores. Funcion\u00e1rio de uma empresa no munic\u00edpio de Itagua\u00ed (RJ) que faz loca\u00e7\u00e3o de equipamentos da linha amarela, adorou a ideia da Arena. O equipamento que mais chamou sua aten\u00e7\u00e3o foi a retroescavadeira da Lovol. \u201cEu n\u00e3o conhecia esta m\u00e1quina e achei interessante em funcionamento\u201d.<\/p>\n\n\n\n<p>Rodrigo Rossi Matheus atua numa empresa de minera\u00e7\u00e3o em Monte Mor, no interior de S\u00e3o Paulo, e parou para assistir \u00e0 demonstra\u00e7\u00e3o do caminh\u00e3o el\u00e9trico da empresa XCMG. Ele e os colegas de trabalho est\u00e3o interessados em caminh\u00f5es de grande porte para o carregamento de areia. \u201cEstamos analisando se o caminh\u00e3o el\u00e9trico \u00e9 uma boa alternativa para compra\u201d.<\/p>\n\n\n\n<ul class=\"wp-block-list\">\n<li><strong>Caterpillar:\u00a0<\/strong>Lan\u00e7amento das Escavadeiras Grandes 340 e 350, projetadas especificamente para clientes que precisam de m\u00e1quinas maiores. As escavadeiras oferecem Lift Assist, Auto Dig Boost, E-fence, Grade 2D e Payload. J\u00e1 a carregadeira 950 GC agora \u00e9 fabricada no Brasil, tornando-a mais conveniente para os clientes da Caterpillar na Am\u00e9rica do Sul. Outro novo modelo em exposi\u00e7\u00e3o \u00e9 a pavimentadora de asfalto de esteira AP455, projetada ruas urbanas, estacionamentos e muitas outras aplica\u00e7\u00f5es de pequeno a intermedi\u00e1rio.<\/li>\n<\/ul>\n\n\n\n<ul class=\"wp-block-list\">\n<li><strong>John Deere:\u00a0<\/strong>O principal destaque s\u00e3o os novos equipamentos da estrat\u00e9gia de vers\u00f5es G, P e X. Os modelos G fornecem a versatilidade e robustez necess\u00e1rias para os trabalhos de constru\u00e7\u00e3o com menor complexidade e maior diversidade de aplica\u00e7\u00f5es. Os modelos P contam com recursos avan\u00e7ados que oferecem desempenho, efici\u00eancia, conforto e vida \u00fatil excepcionais em aplicativos exigentes e de alta produ\u00e7\u00e3o. J\u00e1 os modelos X possuem tecnologias disruptivas e recursos inovadores. Outro lan\u00e7amento \u00e9 a p\u00e1-carregadeira 944 X equipada com o E-Drive, um sistema de transmiss\u00e3o h\u00edbrido-el\u00e9trico.<\/li>\n<\/ul>\n\n\n\n<ul class=\"wp-block-list\">\n<li><strong>Volvo Construction Equipment:\u00a0<\/strong>Comprometida com a constru\u00e7\u00e3o de um futuro mais sustent\u00e1vel, atrav\u00e9s de iniciativas inovadoras, tem como meta global ter 35% de suas m\u00e1quinas totalmente el\u00e9tricas at\u00e9 2030 e zerar emiss\u00f5es em seus produtos at\u00e9 2040. Al\u00e9m de novidades para a descarboniza\u00e7\u00e3o, a marca apresenta uma evolu\u00e7\u00e3o de sua consagrada linha de carregadeiras, promovendo um salto tecnol\u00f3gico nessa categoria de produto. Outro destaque \u00e9 a amplia\u00e7\u00e3o da jornada digital da Volvo CE.<\/li>\n<\/ul>\n\n\n\n<p>Saiba mais sobre a M&amp;T Expo:&nbsp;<a href=\"https:\/\/www.mtexpo.com.br\/\" target=\"_blank\" rel=\"noreferrer noopener\">https:\/\/www.mtexpo.com.br\/<\/a><\/p>\n\n\n\n<p><strong>Servi\u00e7o<br><\/strong><strong>Data:<\/strong>&nbsp;23 a 26 de abril de 2024<br><strong>Hor\u00e1rio:<\/strong>&nbsp;13h \u00e0s 20h<br><strong>Local:<\/strong>&nbsp;S\u00e3o Paulo Expo, SP<br><strong>Credenciamento gratuito:&nbsp;<\/strong><a href=\"https:\/\/www.mtexpo.com.br\/credenciamento\" target=\"_blank\" rel=\"noreferrer noopener\">https:\/\/www.mtexpo.com.br\/credenciamento<\/a><br><strong>Expositores confirmados:<\/strong>&nbsp;<a href=\"https:\/\/vitrinedenegocios.mtexpo.com.br\/event\/mt-expo\/exhibitors\" target=\"_blank\" rel=\"noreferrer noopener\">https:\/\/vitrinedenegocios.mtexpo.com.br\/event\/mt-expo\/exhibitors<\/a><\/p>\n\n\n\n<p><strong>Sobre a Messe M\u00fcnchen<\/strong><\/p>\n\n\n\n<p>Como uma das maiores empresas de feiras do mundo, com cerca de 50 feiras de bens de capital, bens de consumo e novas tecnologias, a Messe M\u00fcnchen estabelece novos padr\u00f5es para inova\u00e7\u00e3o, flexibilidade e networking. Juntamente com as principais feiras internacionais, como bauma, electronica, IFAT e BAU, a Messe M\u00fcnchen est\u00e1 constantemente expandindo seu portf\u00f3lio, adicionando, por exemplo, formatos digitais. Em sua sede em Munique, realiza feiras, confer\u00eancias e eventos de alta qualidade. Atua em todos os importantes mercados em crescimento, como a China, \u00cdndia, Brasil e Turquia. Com sua rede de empresas associadas e ag\u00eancias estrangeiras, est\u00e1 presente em mais de 100 pa\u00edses.<\/p>\n\n\n\n<p><strong>Sobre a Messe&nbsp;Muenchen&nbsp;do Brasil<\/strong>&nbsp;<\/p>\n\n\n\n<p>Como parte da estrat\u00e9gia de expans\u00e3o internacional, em 2017 foi fundada a subsidi\u00e1ria Messe Muenchen do Brasil com o prop\u00f3sito de trazer para o mercado nacional os n\u00edveis de excel\u00eancia e inova\u00e7\u00e3o estabelecidos na sede da Alemanha e apoiar o desenvolvimento de feiras de neg\u00f3cios em uma dire\u00e7\u00e3o especializada e internacionalizada.<\/p>\n\n\n\n<p><strong>Sobre a Sobratema<\/strong><\/p>\n\n\n\n<p>A Associa\u00e7\u00e3o Brasileira de Tecnologia para Constru\u00e7\u00e3o e Minera\u00e7\u00e3o (Sobratema) atua h\u00e1 mais de 34 anos na gera\u00e7\u00e3o de neg\u00f3cios e no desenvolvimento dos setores da constru\u00e7\u00e3o, minera\u00e7\u00e3o, rental, agroneg\u00f3cio e sustentabilidade do meio ambiente. Com mais de 600 associados, os programas da entidade contemplam diferente aspectos desses segmentos, incluindo a dissemina\u00e7\u00e3o de conte\u00fado qualificado e in\u00e9dito sobre o mercado, a divulga\u00e7\u00e3o de conhecimento t\u00e9cnico e tecnol\u00f3gico, a intera\u00e7\u00e3o entre os profissionais do setor, o oferecimento de ferramentas estrat\u00e9gicas usadas nesses segmentos, o interc\u00e2mbio com tecnologias inovadoras internacionais e a capacita\u00e7\u00e3o e certifica\u00e7\u00e3o profissional.<\/p>\n","protected":false},"excerpt":{"rendered":"<p>Os visitantes da&nbsp;M&amp;T Expo \u2013 part of bauma NETWORK, principal feira de m\u00e1quinas e equipamentos para constru\u00e7\u00e3o e minera\u00e7\u00e3o da Am\u00e9rica Latina, que acontece at\u00e9 amanh\u00e3 (sexta, 26\/4), no S\u00e3o Paulo Expo, est\u00e3o aproveitando a Arena de Demonstra\u00e7\u00e3o, para acompanhar a opera\u00e7\u00e3o dos equipamentos em tempo real. &nbsp;\u201cA arena \u00e9 muito importante porque \u00e9 o [&hellip;]<\/p>\n","protected":false},"author":2,"featured_media":1454,"comment_status":"open","ping_status":"open","sticky":false,"template":"","format":"standard","meta":{"footnotes":""},"categories":[1],"tags":[],"class_list":{"0":"post-1453","1":"post","2":"type-post","3":"status-publish","4":"format-standard","5":"has-post-thumbnail","7":"category-workshopsepalestras"},"_links":{"self":[{"href":"https:\/\/tveventos.tv.br\/index.php?rest_route=\/wp\/v2\/posts\/1453","targetHints":{"allow":["GET"]}}],"collection":[{"href":"https:\/\/tveventos.tv.br\/index.php?rest_route=\/wp\/v2\/posts"}],"about":[{"href":"https:\/\/tveventos.tv.br\/index.php?rest_route=\/wp\/v2\/types\/post"}],"author":[{"embeddable":true,"href":"https:\/\/tveventos.tv.br\/index.php?rest_route=\/wp\/v2\/users\/2"}],"replies":[{"embeddable":true,"href":"https:\/\/tveventos.tv.br\/index.php?rest_route=%2Fwp%2Fv2%2Fcomments&post=1453"}],"version-history":[{"count":1,"href":"https:\/\/tveventos.tv.br\/index.php?rest_route=\/wp\/v2\/posts\/1453\/revisions"}],"predecessor-version":[{"id":1455,"href":"https:\/\/tveventos.tv.br\/index.php?rest_route=\/wp\/v2\/posts\/1453\/revisions\/1455"}],"wp:featuredmedia":[{"embeddable":true,"href":"https:\/\/tveventos.tv.br\/index.php?rest_route=\/wp\/v2\/media\/1454"}],"wp:attachment":[{"href":"https:\/\/tveventos.tv.br\/index.php?rest_route=%2Fwp%2Fv2%2Fmedia&parent=1453"}],"wp:term":[{"taxonomy":"category","embeddable":true,"href":"https:\/\/tveventos.tv.br\/index.php?rest_route=%2Fwp%2Fv2%2Fcategories&post=1453"},{"taxonomy":"post_tag","embeddable":true,"href":"https:\/\/tveventos.tv.br\/index.php?rest_route=%2Fwp%2Fv2%2Ftags&post=1453"}],"curies":[{"name":"wp","href":"https:\/\/api.w.org\/{rel}","templated":true}]}}