{"id":1456,"date":"2024-04-25T17:47:57","date_gmt":"2024-04-25T20:47:57","guid":{"rendered":"https:\/\/tveventos.tv.br\/?p=1456"},"modified":"2024-04-25T17:48:01","modified_gmt":"2024-04-25T20:48:01","slug":"aviso-de-credenciamento-apas-show-2024","status":"publish","type":"post","link":"https:\/\/tveventos.tv.br\/?p=1456","title":{"rendered":"AVISO DE CREDENCIAMENTO \u2013 APAS SHOW 2024\u00a0"},"content":{"rendered":"\n<p>J\u00e1 est\u00e1 aberto o credenciamento de imprensa para a 38\u00aa edi\u00e7\u00e3o da APAS SHOW 2024, o maior evento do setor de alimentos e bebidas das Am\u00e9ricas, e a maior feira supermercadista do mundo, que ocorre entre os dias 13 e 16 de maio de 2024, no Expo Center Norte, em S\u00e3o Paulo. Para a edi\u00e7\u00e3o desse ano, a APAS SHOW ser\u00e1 composta por mais 850 expositores, sendo 200 internacionais, com perspectiva de ultrapassar a marca de R\uff04 14 bilh\u00f5es em neg\u00f3cios gerados.<\/p>\n\n\n\n<p>A partir do dia 04\/04, jornalistas e influenciadores digitais podem fazer seus pedidos de inscri\u00e7\u00e3o, para cobertura oficial do evento, pelo canal oficial (<a href=\"https:\/\/apasshow.com\/imprensa\" target=\"_blank\" rel=\"noreferrer noopener\">clique aqui<\/a>). Ao entrar na p\u00e1gina, basta clicar na op\u00e7\u00e3o CREDENCIAMENTO, logo abaixo do quadro Coletiva de Imprensa.<br>&nbsp;<\/p>\n\n\n\n<p>Jornalistas, rep\u00f3rteres e profissionais de m\u00eddia ter\u00e3o a chance de cobrir em primeira m\u00e3o os destaques da APAS SHOW 2024. O atendimento \u00e0 imprensa \u00e9 centralizado no e-mail&nbsp;<a href=\"mailto:apas@approach.com.br\" target=\"_blank\" rel=\"noreferrer noopener\">apas\uff20approach\u0702com\u0702br<\/a>.<br>&nbsp;<\/p>\n\n\n\n<p>Com o credenciamento, o profissional de imprensa ter\u00e1 acesso privilegiado a entrevistas com expositores, coletivas de imprensa e a oportunidade de divulgar as \u00faltimas novidades do setor. Cabe lembrar, por\u00e9m, que os agendamentos e solicita\u00e7\u00f5es devem ser realizados diretamente com marcas e expositores.<br>&nbsp;<\/p>\n\n\n\n<p>Profissionais da imprensa s\u00f3 ser\u00e3o credenciados mediante comprova\u00e7\u00e3o de v\u00ednculo com site, jornal ou portal de not\u00edcias, que deve ser linkado no momento do credenciamento.<br>&nbsp;<\/p>\n\n\n\n<p><strong>Credenciamento de Influenciadores digitais<\/strong><br>&nbsp;<\/p>\n\n\n\n<p>Influenciadores digitais, criadores de conte\u00fado e personalidades online tamb\u00e9m ter\u00e3o acesso especial para explorar e compartilhar as \u00faltimas tend\u00eancias do setor, solicitando seu pedido de credenciamento pelo canal oficial (<a href=\"https:\/\/apasshow.com\/imprensa\" target=\"_blank\" rel=\"noreferrer noopener\">clique aqui<\/a>). Ao entrar na p\u00e1gina, basta clicar na op\u00e7\u00e3o CREDENCIAMENTO, logo abaixo do quadro Coletiva de Imprensa.<br>&nbsp;<\/p>\n\n\n\n<p>Ser\u00e3o aprovados neste credenciamento apenas perfis com pelo menos&nbsp;<strong>20 mil seguidores na rede social, com conte\u00fado alinhado com o segmento da feira; pelo menos 75% de seguidores reais; audi\u00eancia\/engajamento (n\u00famero relevante de seguidores x curtidas\/coment\u00e1rios\/compartilhamento); e relev\u00e2ncia (boa reputa\u00e7\u00e3o). Perfis que tenham seguidores comprados ou fake ser\u00e3o negados.<\/strong><br>&nbsp;<\/p>\n\n\n\n<p><strong>Credenciamento Geral:<\/strong><br>&nbsp;<\/p>\n\n\n\n<p>Supermercadistas e demais p\u00fablicos interessados em entrar no evento devem buscar informa\u00e7\u00f5es sobre inscri\u00e7\u00f5es no site oficial (<a href=\"https:\/\/apasshow.com\/\" target=\"_blank\" rel=\"noreferrer noopener\">clique aqui<\/a>).<\/p>\n\n\n\n<p><strong>SERVI\u00c7O: APAS SHOW 2024 \u2013&nbsp;<\/strong><a href=\"https:\/\/apasshow.com\/\" target=\"_blank\" rel=\"noreferrer noopener\">Site oficial<\/a><\/p>\n\n\n\n<p><br><strong>Quando:&nbsp;<\/strong>de 13 a 16 de maio de 2024<\/p>\n\n\n\n<p><strong>Hor\u00e1rios:&nbsp;<\/strong>de 13 a 15\/05, das 12h \u00e0s 20h; 16\/05, das 12h \u00e0s 18h;<\/p>\n\n\n\n<p><strong>Local:&nbsp;<\/strong>Expo Center Norte<\/p>\n\n\n\n<p><strong>Endere\u00e7o:&nbsp;<\/strong>Rua Jos\u00e9 Bernardo Pinto, 333 \u2013 Vila Guilherme. S\u00e3o Paulo, SP<\/p>\n\n\n\n<p><em>Transfer gratuito saindo da esta\u00e7\u00e3o Portuguesa-Tiet\u00ea<\/em><\/p>\n\n\n\n<p><strong>P\u00e1gina oficial para credenciamento de imprensa:&nbsp;<\/strong>\u2013&nbsp;<a href=\"https:\/\/apasshow.com\/imprensa\" target=\"_blank\" rel=\"noreferrer noopener\">clique aqui<\/a><\/p>\n\n\n\n<p><strong>Sobre a APAS<\/strong><\/p>\n\n\n\n<p>Com 50 anos de tradi\u00e7\u00e3o, a Associa\u00e7\u00e3o Paulista de Supermercados representa o essencial setor supermercadista no estado de S\u00e3o Paulo e busca integrar toda a cadeia de abastecimento com a sociedade. A entidade, que possui 3 distritais na cidade de S\u00e3o Paulo e 13 regionais distribu\u00eddas estrategicamente pelo estado, conta hoje com 1.500 supermercados associados que somam 4.315 lojas.\u202f<\/p>\n","protected":false},"excerpt":{"rendered":"<p>J\u00e1 est\u00e1 aberto o credenciamento de imprensa para a 38\u00aa edi\u00e7\u00e3o da APAS SHOW 2024, o maior evento do setor de alimentos e bebidas das Am\u00e9ricas, e a maior feira supermercadista do mundo, que ocorre entre os dias 13 e 16 de maio de 2024, no Expo Center Norte, em S\u00e3o Paulo. Para a edi\u00e7\u00e3o [&hellip;]<\/p>\n","protected":false},"author":2,"featured_media":1457,"comment_status":"open","ping_status":"open","sticky":false,"template":"","format":"standard","meta":{"footnotes":""},"categories":[1],"tags":[],"class_list":{"0":"post-1456","1":"post","2":"type-post","3":"status-publish","4":"format-standard","5":"has-post-thumbnail","7":"category-workshopsepalestras"},"_links":{"self":[{"href":"https:\/\/tveventos.tv.br\/index.php?rest_route=\/wp\/v2\/posts\/1456","targetHints":{"allow":["GET"]}}],"collection":[{"href":"https:\/\/tveventos.tv.br\/index.php?rest_route=\/wp\/v2\/posts"}],"about":[{"href":"https:\/\/tveventos.tv.br\/index.php?rest_route=\/wp\/v2\/types\/post"}],"author":[{"embeddable":true,"href":"https:\/\/tveventos.tv.br\/index.php?rest_route=\/wp\/v2\/users\/2"}],"replies":[{"embeddable":true,"href":"https:\/\/tveventos.tv.br\/index.php?rest_route=%2Fwp%2Fv2%2Fcomments&post=1456"}],"version-history":[{"count":1,"href":"https:\/\/tveventos.tv.br\/index.php?rest_route=\/wp\/v2\/posts\/1456\/revisions"}],"predecessor-version":[{"id":1458,"href":"https:\/\/tveventos.tv.br\/index.php?rest_route=\/wp\/v2\/posts\/1456\/revisions\/1458"}],"wp:featuredmedia":[{"embeddable":true,"href":"https:\/\/tveventos.tv.br\/index.php?rest_route=\/wp\/v2\/media\/1457"}],"wp:attachment":[{"href":"https:\/\/tveventos.tv.br\/index.php?rest_route=%2Fwp%2Fv2%2Fmedia&parent=1456"}],"wp:term":[{"taxonomy":"category","embeddable":true,"href":"https:\/\/tveventos.tv.br\/index.php?rest_route=%2Fwp%2Fv2%2Fcategories&post=1456"},{"taxonomy":"post_tag","embeddable":true,"href":"https:\/\/tveventos.tv.br\/index.php?rest_route=%2Fwp%2Fv2%2Ftags&post=1456"}],"curies":[{"name":"wp","href":"https:\/\/api.w.org\/{rel}","templated":true}]}}