{"id":1465,"date":"2024-04-29T15:44:55","date_gmt":"2024-04-29T18:44:55","guid":{"rendered":"https:\/\/tveventos.tv.br\/?p=1465"},"modified":"2024-04-29T15:44:57","modified_gmt":"2024-04-29T18:44:57","slug":"quarta-edicao-do-evento-pmu-prime-brazil-e-segunda-edicao-do-brazil-lash-congress-acontece-ate-30-de-abril-em-sao-paulo","status":"publish","type":"post","link":"https:\/\/tveventos.tv.br\/?p=1465","title":{"rendered":"Quarta edi\u00e7\u00e3o do evento PMU Prime Brazil e segunda edi\u00e7\u00e3o do Brazil Lash Congress acontece at\u00e9 30 de abril, em S\u00e3o Paulo"},"content":{"rendered":"\n<p><em>Ap\u00f3s aquisi\u00e7\u00e3o do evento pela Beauty Fair, a edi\u00e7\u00e3o 2024 tem conte\u00fado voltado para profissionais da micropigmenta\u00e7\u00e3o e lash designers<\/em>.<\/p>\n\n\n\n<p>Entre os dias 28 e 30 de abril, acontece a quarta edi\u00e7\u00e3o da feira e congresso PMU Prime Brazil, evento rec\u00e9m adquirido pela Beauty Fair e que tem foco nos profissionais do setor de micropigmenta\u00e7\u00e3o. Realizado no Centro de Eventos Pro Magno, das 10h30 \u00e0s 20h, em S\u00e3o Paulo, a edi\u00e7\u00e3o 2024 do evento promete apresentar diversas inova\u00e7\u00f5es, tend\u00eancias e lan\u00e7amentos.<\/p>\n\n\n\n<p>O evento oferecer\u00e1 mais de 24 horas de conte\u00fado com profissionais que constru\u00edram sua carreira atrav\u00e9s de resultados extraordin\u00e1rios transformando o mundo da beleza, com t\u00e9cnicas inovadoras e precisas. Criado com o intuito de ajudar a alavancar a carreira de micropigmentadores e torn\u00e1-los refer\u00eancia no mercado de trabalho, \u00e9 o lugar ideal para profissionais que querem se manter atualizados com as t\u00e9cnicas mais avan\u00e7adas do mercado, al\u00e9m de promover um cen\u00e1rio frut\u00edfero para o networking com os melhores profissionais e influenciadores refer\u00eancias no setor.<\/p>\n\n\n\n<p>Os profissionais que adquiriram ingresso para a PMU e Brazil Lash Congress ter\u00e3o a oportunidade de visitar tamb\u00e9m a Beauty Show, que acontece pelo segundo ano focado nos consumidores e profissionais do universo da maquiagem e das unhas. A Beauty Show acontece de 27 a 29 de abril, tamb\u00e9m no Centro de Eventos Pro Magno e o ingresso pode ser comprado diretamente na bilheteria.<\/p>\n\n\n\n<p>O PMU Prime Brazil oferecer\u00e1 congressos com 18 palestrantes renomados, entre eles, Erick Costa, Alan Spadone e James Olaya, al\u00e9m de 18 marcas expositoras e mais de 3 mil visitantes profissionais.<\/p>\n\n\n\n<p>O Brazil Lash Congress \u00e9 voltado para os profissionais do ramo de extens\u00e3o de c\u00edlios. O evento acontece simultaneamente com o PMU Prime Brazil, no Centro de Eventos Pro Magno e seu objetivo \u00e9 ser um verdadeiro centro de informa\u00e7\u00f5es e atualiza\u00e7\u00f5es, que proporcionar\u00e1 ao profissional do setor uma grande oportunidade de conhecer as \u00faltimas tend\u00eancias, aprender novas t\u00e9cnicas e atualizar seu portf\u00f3lio para acompanhar esse mercado t\u00e3o competitivo e em crescente transforma\u00e7\u00e3o. Vanessa Nicoletti, Monik Shelly, Isadora Borella, Driellen Campos e Cynthia Souza s\u00e3o alguns nomes dos palestrantes do evento, que contar\u00e1 com mais de 3 mil participantes, mais de 24 marcas patrocinadas e mais de 120 pr\u00e1ticas assistidas.<\/p>\n\n\n\n<p>Os congressos, tanto do PMU Prime Brazil, como do Brazil Lash Congress, possuem hor\u00e1rios diferenciados, entre 09 e 19h. Os acessos podem ser realizados a partir das 07h45 (Setor Black) e a partir das 08h (Setor Diamond) do dia 28 de abril.<\/p>\n\n\n\n<p>Para os visitantes que optarem por utilizar o servi\u00e7o de transfer gratuito, o transporte estar\u00e1 dispon\u00edvel a partir das 9h30, saindo do Terminal Barra Funda \u2013 plataforma 6 \u2013 direto para o Centro de Eventos Pro Magno. Ele funcionar\u00e1 em sistema circular. O local conta, ainda, com estacionamento coberto e possui acesso direto ao pavilh\u00e3o. Para mais informa\u00e7\u00f5es, clique <a href=\"https:\/\/www.instagram.com\/pmu.primebrazil\/?hl=pt\">aqui<\/a>.<\/p>\n\n\n\n<p>Se voc\u00ea \u00e9 micropigmentador ou lash designer, o PMU Prime Brazil e o Brazil Lash Congress s\u00e3o eventos que voc\u00ea n\u00e3o pode perder!<\/p>\n\n\n\n<p><strong>SERVI\u00c7O<\/strong><\/p>\n\n\n\n<p><strong>PMU Prime Brazil, Brazil Lash Congress e Beauty Show Make&amp;Nails 2024<\/strong>&nbsp;<\/p>\n\n\n\n<p>Dias: de 28 e 29 de abril de 2024 &#8211; Beauty Show<\/p>\n\n\n\n<p>28 a 30 de abril &#8211; PMU Prime Brazil e Brazil Lash Congress<\/p>\n\n\n\n<p>Local:<strong> <\/strong>Centro de Eventos Pro Magno<\/p>\n\n\n\n<p>Avenida Professora Ida Kolb &#8211; 513 &#8211; Jardim das Laranjeiras, S\u00e3o Paulo \u2013 SP<\/p>\n\n\n\n<p>Ingressos para a Beauty Show: R$ 25 (com acesso para todos os dias)<\/p>\n\n\n\n<p>Ingressos para o PMU Prime Brazil\/ Brazil Lash Congress: a partir de R$ 50, com direito a acesso para a Beauty Show<\/p>\n","protected":false},"excerpt":{"rendered":"<p>Ap\u00f3s aquisi\u00e7\u00e3o do evento pela Beauty Fair, a edi\u00e7\u00e3o 2024 tem conte\u00fado voltado para profissionais da micropigmenta\u00e7\u00e3o e lash designers. Entre os dias 28 e 30 de abril, acontece a quarta edi\u00e7\u00e3o da feira e congresso PMU Prime Brazil, evento rec\u00e9m adquirido pela Beauty Fair e que tem foco nos profissionais do setor de micropigmenta\u00e7\u00e3o. [&hellip;]<\/p>\n","protected":false},"author":2,"featured_media":1466,"comment_status":"open","ping_status":"open","sticky":false,"template":"","format":"standard","meta":{"footnotes":""},"categories":[1],"tags":[],"class_list":{"0":"post-1465","1":"post","2":"type-post","3":"status-publish","4":"format-standard","5":"has-post-thumbnail","7":"category-workshopsepalestras"},"_links":{"self":[{"href":"https:\/\/tveventos.tv.br\/index.php?rest_route=\/wp\/v2\/posts\/1465","targetHints":{"allow":["GET"]}}],"collection":[{"href":"https:\/\/tveventos.tv.br\/index.php?rest_route=\/wp\/v2\/posts"}],"about":[{"href":"https:\/\/tveventos.tv.br\/index.php?rest_route=\/wp\/v2\/types\/post"}],"author":[{"embeddable":true,"href":"https:\/\/tveventos.tv.br\/index.php?rest_route=\/wp\/v2\/users\/2"}],"replies":[{"embeddable":true,"href":"https:\/\/tveventos.tv.br\/index.php?rest_route=%2Fwp%2Fv2%2Fcomments&post=1465"}],"version-history":[{"count":1,"href":"https:\/\/tveventos.tv.br\/index.php?rest_route=\/wp\/v2\/posts\/1465\/revisions"}],"predecessor-version":[{"id":1467,"href":"https:\/\/tveventos.tv.br\/index.php?rest_route=\/wp\/v2\/posts\/1465\/revisions\/1467"}],"wp:featuredmedia":[{"embeddable":true,"href":"https:\/\/tveventos.tv.br\/index.php?rest_route=\/wp\/v2\/media\/1466"}],"wp:attachment":[{"href":"https:\/\/tveventos.tv.br\/index.php?rest_route=%2Fwp%2Fv2%2Fmedia&parent=1465"}],"wp:term":[{"taxonomy":"category","embeddable":true,"href":"https:\/\/tveventos.tv.br\/index.php?rest_route=%2Fwp%2Fv2%2Fcategories&post=1465"},{"taxonomy":"post_tag","embeddable":true,"href":"https:\/\/tveventos.tv.br\/index.php?rest_route=%2Fwp%2Fv2%2Ftags&post=1465"}],"curies":[{"name":"wp","href":"https:\/\/api.w.org\/{rel}","templated":true}]}}