{"id":1468,"date":"2024-04-29T15:59:39","date_gmt":"2024-04-29T18:59:39","guid":{"rendered":"https:\/\/tveventos.tv.br\/?p=1468"},"modified":"2024-04-29T15:59:42","modified_gmt":"2024-04-29T18:59:42","slug":"celebra-show-promove-experiencia-unica-de-decoracao-colaborativa","status":"publish","type":"post","link":"https:\/\/tveventos.tv.br\/?p=1468","title":{"rendered":"Celebra Show promove experi\u00eancia \u00fanica de decora\u00e7\u00e3o colaborativa"},"content":{"rendered":"\n<p><em>Reunindo os principais nomes do mercado de festas, a feira de neg\u00f3cios proporciona aos visitantes uma imers\u00e3o no universo de celebra\u00e7\u00f5es<\/em>.<\/p>\n\n\n\n<p>A Celebra Show, a maior feira de neg\u00f3cios B2B de celebra\u00e7\u00f5es da Am\u00e9rica Latina, anuncia a segunda edi\u00e7\u00e3o do Espa\u00e7o Collab, um ambiente exclusivo reservado para decoradores e profissionais de diversos segmentos que se unem para promover uma produ\u00e7\u00e3o singular.<\/p>\n\n\n\n<p>Ap\u00f3s o sucesso da estreia do Espa\u00e7o Collab em 2023, a ABCasa &#8211; respons\u00e1vel pelo evento &#8211; expande a iniciativa para a edi\u00e7\u00e3o de 2024. O Collab representa a maior decora\u00e7\u00e3o colaborativa j\u00e1 realizada em um evento profissional, oferecendo um espa\u00e7o super instagram\u00e1vel criado por profissionais de todos os segmentos presentes na feira.<\/p>\n\n\n\n<p>Este ano, todos os setores representados pela Celebra Show ter\u00e3o ambientes especiais que conversar\u00e3o entre si. Sob a dire\u00e7\u00e3o de renomados decoradores como Lu Locchi (Natal), Dani Sakurai (Festas), Aline Bal\u00f5es (Bal\u00f5es), Vanessa Marraschi (Confeitaria), JF Produ\u00e7\u00f5es Festas e Eventos (Halloween), entre outros talentosos profissionais convidados, os visitantes poder\u00e3o mergulhar em uma experi\u00eancia \u00fanica e inspiradora.<\/p>\n\n\n\n<p>O evento est\u00e1 programado para ocorrer no Expo Center Norte, em S\u00e3o Paulo, de 26 a 29 de maio. Organizada pela ABCasa &#8211; Associa\u00e7\u00e3o Brasileira de Artigos para a Casa, Decora\u00e7\u00e3o, Presentes, Utilidades Dom\u00e9sticas, Festas, Flores e T\u00eaxtil, a feira contar\u00e1 com a presen\u00e7a dos maiores fabricantes e importadores do mercado de Natal, Festas, Halloween, Parques, Confeitaria e Eventos Sociais.<\/p>\n\n\n\n<p>Al\u00e9m disso, a Celebra Show tamb\u00e9m promove diversos espa\u00e7os de conte\u00fado com convidados especialistas de cada segmento, e os desafios Celebra, para profissionais de Natal, Festas, Confeitaria e Bal\u00f5es.<br><br>A Celebra Show \u00e9 uma oportunidade \u00fanica para profissionais e empresas se atualizarem, fazerem neg\u00f3cios e se inspirarem com as \u00faltimas tend\u00eancias e inova\u00e7\u00f5es.&nbsp;<\/p>\n\n\n\n<p><strong>Servi\u00e7o<\/strong>:<\/p>\n\n\n\n<p>Evento: Celebra Show 2024<br>Datas: 26 a 29 de maio<br>Local: Expo Center Norte<br>Endere\u00e7o: Rua Jos\u00e9 Bernardo Pinto, 333 &#8211; Vila Guilherme<br>Credenciamento:<a href=\"https:\/\/www.celebrashow.com.br\/\"> https:\/\/www.celebrashow.com.br\/<\/a><\/p>\n","protected":false},"excerpt":{"rendered":"<p>Reunindo os principais nomes do mercado de festas, a feira de neg\u00f3cios proporciona aos visitantes uma imers\u00e3o no universo de celebra\u00e7\u00f5es. A Celebra Show, a maior feira de neg\u00f3cios B2B de celebra\u00e7\u00f5es da Am\u00e9rica Latina, anuncia a segunda edi\u00e7\u00e3o do Espa\u00e7o Collab, um ambiente exclusivo reservado para decoradores e profissionais de diversos segmentos que se [&hellip;]<\/p>\n","protected":false},"author":2,"featured_media":1469,"comment_status":"open","ping_status":"open","sticky":false,"template":"","format":"standard","meta":{"footnotes":""},"categories":[1],"tags":[],"class_list":{"0":"post-1468","1":"post","2":"type-post","3":"status-publish","4":"format-standard","5":"has-post-thumbnail","7":"category-workshopsepalestras"},"_links":{"self":[{"href":"https:\/\/tveventos.tv.br\/index.php?rest_route=\/wp\/v2\/posts\/1468","targetHints":{"allow":["GET"]}}],"collection":[{"href":"https:\/\/tveventos.tv.br\/index.php?rest_route=\/wp\/v2\/posts"}],"about":[{"href":"https:\/\/tveventos.tv.br\/index.php?rest_route=\/wp\/v2\/types\/post"}],"author":[{"embeddable":true,"href":"https:\/\/tveventos.tv.br\/index.php?rest_route=\/wp\/v2\/users\/2"}],"replies":[{"embeddable":true,"href":"https:\/\/tveventos.tv.br\/index.php?rest_route=%2Fwp%2Fv2%2Fcomments&post=1468"}],"version-history":[{"count":1,"href":"https:\/\/tveventos.tv.br\/index.php?rest_route=\/wp\/v2\/posts\/1468\/revisions"}],"predecessor-version":[{"id":1470,"href":"https:\/\/tveventos.tv.br\/index.php?rest_route=\/wp\/v2\/posts\/1468\/revisions\/1470"}],"wp:featuredmedia":[{"embeddable":true,"href":"https:\/\/tveventos.tv.br\/index.php?rest_route=\/wp\/v2\/media\/1469"}],"wp:attachment":[{"href":"https:\/\/tveventos.tv.br\/index.php?rest_route=%2Fwp%2Fv2%2Fmedia&parent=1468"}],"wp:term":[{"taxonomy":"category","embeddable":true,"href":"https:\/\/tveventos.tv.br\/index.php?rest_route=%2Fwp%2Fv2%2Fcategories&post=1468"},{"taxonomy":"post_tag","embeddable":true,"href":"https:\/\/tveventos.tv.br\/index.php?rest_route=%2Fwp%2Fv2%2Ftags&post=1468"}],"curies":[{"name":"wp","href":"https:\/\/api.w.org\/{rel}","templated":true}]}}