{"id":1480,"date":"2024-04-30T13:22:15","date_gmt":"2024-04-30T16:22:15","guid":{"rendered":"https:\/\/tveventos.tv.br\/?p=1480"},"modified":"2024-04-30T13:22:17","modified_gmt":"2024-04-30T16:22:17","slug":"forum-eventos-traz-tendencias-e-experiencias-no-primeiro-dia-de-programacao","status":"publish","type":"post","link":"https:\/\/tveventos.tv.br\/?p=1480","title":{"rendered":"F\u00f3rum Eventos traz tend\u00eancias e experi\u00eancias no primeiro dia de programa\u00e7\u00e3o"},"content":{"rendered":"\n<p><em>Mais importante encontro da ind\u00fastria de Eventos do pa\u00eds re\u00fane especialistas ainda neste dia 30 no Tokio Marine Hall, em S\u00e3o Paulo<\/em>.<\/p>\n\n\n\n<p>Futuro dos Eventos, IA, ESG, experi\u00eancias imersivas da tecnologia HADO, seguran\u00e7a, jornada do cliente, e feiras foram assuntos que marcaram o primeiro dia do F\u00f3rum Eventos, o principal encontro da ind\u00fastria de Eventos no Brasil, em S\u00e3o Paulo. O encontro contou ainda com o lan\u00e7amento de oito livros da Cole\u00e7\u00e3o Conecta Eventos e continua neste dia 30 de abril, no Tokio Marine Hall.<\/p>\n\n\n\n<p>Ap\u00f3s a abertura dos trabalhos com o diretor do F\u00f3rum, Sergio Junqueira Arantes, Marcelo Flores<strong>,<\/strong> CEO BusinessLand, \u201cexplorou o desconhecido\u201d, para ajudar os participantes a entender como o futuro pode transformar os eventos. Falou sobre fus\u00e3o de informa\u00e7\u00f5es e das novas gera\u00e7\u00f5es que ditam regras e inspiram o desenvolvimento de novos caminhos. Citou o trabalho como elo de conex\u00e3o, falou sobre liberdade expandida e sobre a import\u00e2ncia de reunir ferramentas e tecnologia para criar conex\u00f5es emocionais verdadeiras.<\/p>\n\n\n\n<p>\u201cTudo o que vamos inovar tem uma combina\u00e7\u00e3o de coisas j\u00e1 existentes com novas. Recriamos ideias existentes para criar algo novo. E a tecnologia d\u00e1 velocidade, nos ajuda a dar um salto qu\u00e2ntico em nossa criatividade. Criatividade combina novas ideias e gera solu\u00e7\u00f5es para inovarmos em diferentes campos da vida. E, desta forma, conectamos emo\u00e7\u00f5es e pessoas \u00e0 marcas em territ\u00f3rios de experi\u00eancias\u201d, enfatizou.&nbsp;<\/p>\n\n\n\n<p>Para ele, a f\u00f3rmula do futuro dos eventos \u00e9 simples: conex\u00f5es emocionais. \u201cSomos um arsenal de gera\u00e7\u00e3o de dados. Usar dados, aprender a reaprender, desafiar o futuro, conectar tecnologias, criar experi\u00eancias memor\u00e1veis, reais ou sint\u00e9ticas. Precisamos o tempo todo continuar explorando o desconhecido\u201d, finalizou.<\/p>\n\n\n\n<p><strong>IA nos Eventos<\/strong><\/p>\n\n\n\n<p>O segundo painel do F\u00f3rum Eventos 2024 trouxe Carolina Mello, Gestora de Intelig\u00eancia de Eventos no iFood, para falar sobre intelig\u00eancia artificial. A IA \u00e9 uma realidade no iFood h\u00e1 5 anos. Alimentar o futuro do mundo tornou-se o prop\u00f3sito do iFood e uma nova \u201cchave\u201d virou, com investimentos em tecnologia e inova\u00e7\u00e3o.<\/p>\n\n\n\n<p>A l\u00edder de Eventos do iFood lembrou que j\u00e1 \u00e9 poss\u00edvel fazer um evento com custo zero, a prop\u00f3sito da IA. \u201cPode ser trabalhoso, mas \u00e9 poss\u00edvel eliminar custos do budget, como ter um avatar no lugar de um mestre de cerim\u00f4nia\u201d, disse. \u201cEssa nova gera\u00e7\u00e3o vem pronta para usar IA. N\u00e3o \u00e9 mais c\u00f3digo, SQL, \u00e9 PROMPT. \u00c9 essencial aprender a escrever prompt. Ser curioso, tentar, fazer, se jogar, hoje ningu\u00e9m mais precisa ser expert, a tecnologia faz por n\u00f3s\u201d.<\/p>\n\n\n\n<p>Carolina Melo acredita que a tecnologia da IA vem para agregar ao trabalho. \u201cTodo mundo olha como ser substitu\u00eddo, mas a tecnologia vem para ser seu bra\u00e7o. Empresas e neg\u00f3cios que n\u00e3o acompanharem v\u00e3o ficar para tr\u00e1s\u201d, afirmou. \u201cComece pequeno, no dia a dia, descubra como alavancar a IA. AI Assistant, decis\u00e3o com dados, experi\u00eancias imersivas, self checkin, hiper personaliza\u00e7\u00e3o podem ser exemplos de a\u00e7\u00f5es. Avalie as necessidades e desafios atuais e pesquise solu\u00e7\u00f5es\u201d, recomendou.<\/p>\n\n\n\n<p><strong>ESG<\/strong><\/p>\n\n\n\n<p>A consci\u00eancia ESG \u00e9 uma das principais necessidades da ind\u00fastria de Eventos. Para tratar sobre a import\u00e2ncia do assunto, o painel ESG nos Eventos reuniu de Alexis Pagliarini (Criativista ESG4), Daiane Lima (ESG), Daniel de Freitas Costa (Conselheiro ESG), Juliana Patti (Head of Event &amp; Disclosure Management LATAM na Bayer), L\u00edvio Giosa (Presidente CENAM &#8211; Centro Nacional de Moderniza\u00e7\u00e3o Empresarial), Patricia Ellen (co-founder Aya Earth), Paulo Perrotti (CEO ESG Solution) e Ronaldo Ferreira Jr (Ampro \u2013 Associa\u00e7\u00e3o de Marketing Promocional) neste primeiro dia do F\u00f3rum Eventos 2024.<\/p>\n\n\n\n<p>\u201cAqueles que acharem que ainda n\u00e3o \u00e9 hora de abra\u00e7ar esses princ\u00edpios podem ser preteridos. Todos se engajem, sob risco de ficarem fora do mercado\u201d, lembrou Alexis Pagliarini. \u201cCome\u00e7amos a caminhar a partir da mudan\u00e7a de comportamento. Ter consci\u00eancia n\u00e3o s\u00f3 da governan\u00e7a, mas de cada um conseguir trazer engajamento para todos que fazem parte dos neg\u00f3cios\u201d, lembrou Daiana Lima. \u201cNem sempre a ativa\u00e7\u00e3o de um evento aplicando ESG precisa ser mais cara, tem criatividade, a\u00e7\u00e3o social, parceria com fornecedores. O importante \u00e9 come\u00e7ar\u201d, complementou Juliana Patti. Usar solu\u00e7\u00f5es baseadas na natureza, transi\u00e7\u00e3o energ\u00e9tica, uso de recursos financeiros de forma sustent\u00e1vel foram exemplos dados por Patr\u00edcia Ellen.<\/p>\n\n\n\n<p><strong>Seguran\u00e7a<\/strong><\/p>\n\n\n\n<p>O F\u00f3rum Eventos tamb\u00e9m tratou sobre o quesito seguran\u00e7a que, erroneamente, acaba sendo o ponto mais suscet\u00edvel em cortes durante o planejamento de um evento. Durante o painel, Andrea Nakane, autora e membro do MPI \u2013 Meeting Professional International, lembrou que a seguran\u00e7a envolve muito mais, ou seja, a integridade f\u00edsica, moral e emocional dos participantes e de todos que trabalham para que o evento seja colocado em pr\u00e1tica.<\/p>\n\n\n\n<p>\u201cAinda estamos nos anos 80 na seguran\u00e7a. A atividade de presta\u00e7\u00e3o de servi\u00e7o e seguran\u00e7a n\u00e3o \u00e9 de forma colaborativa, mas cooperativa. N\u00e3o basta contratar empresa de seguran\u00e7a se n\u00e3o \u00e9 capacitada e treinada para aquele evento\u201d, destacou Camilo D\u00b4Ornellas, Especialista em Seguran\u00e7a. J\u00e1 Fl\u00e1vio Carrera, da Cava Seguran\u00e7a, lembrou que as empresas acabam fazendo o papel do gestor de seguran\u00e7a do evento, mas \u00e9 importante atentar para as condi\u00e7\u00f5es colocadas antes da contrata\u00e7\u00e3o.<\/p>\n\n\n\n<p>Tudo precisa estar dentro das normas ou regras para ter o seguro acionado, lembrou Juliana Santos, da Axpert Underwriting. Independentemente da quantidade de pessoas e do tamanho, Juliana ressalta a necessidade da contrata\u00e7\u00e3o do seguro. \u201cPor mais que tudo esteja sob controle, imprevistos acontecem, ter ap\u00f3lice de seguros pode evitar de a empresa v\u00e1 \u00e0 fal\u00eancia. Quanto mais cultura, mais barato o seguro fica para o mercado\u201d, afirmou.&nbsp;<\/p>\n\n\n\n<p><strong>Tecnologia HADO<\/strong><\/p>\n\n\n\n<p>Uma das novidades trazidas na edi\u00e7\u00e3o de 2024 do F\u00f3rum Eventos, o painel Quadra HADO levou ao p\u00fablico experi\u00eancias imersivas e interativas da tecnologia HADO neste primeiro dia do F\u00f3rum. Esporte eletr\u00f4nico de alto impacto, o HADO vem minimizando a rejei\u00e7\u00e3o da tecnologia imersiva e promovendo experi\u00eancias para<em> team Building<\/em>, visando melhorar e incentivar as rela\u00e7\u00f5es sociais.<\/p>\n\n\n\n<p>No painel, comandado por Juliano Kimura (Confraria Web3) e Vanessa Martin (VM Consultoria), foram abordados temas al\u00e9m da realidade aumentada, como lideran\u00e7a, trabalho em equipe, estrat\u00e9gia e conhecimento de mercado.<\/p>\n\n\n\n<p>\u201cEstrat\u00e9gia, mente aberta, experimenta\u00e7\u00e3o, fazer diferente, tend\u00eancias. N\u00e3o \u00e9 s\u00f3 um jogo, mas uma ferramenta corporativa para tornar o evento mais engajador e entender como s\u00e3o as pessoas. Essa jornada da tecnologia impactando a nossa \u00e1rea n\u00e3o vai parar\u201d, afirmou Vanessa Martin.<\/p>\n\n\n\n<p>Durante o painel, participantes do F\u00f3rum Eventos foram convidados para experimentar o HADO. \u201cOs eventos precisam se preparar para estar \u00e0 frente dessa experi\u00eancia de usu\u00e1rio com realidade mista em ambientes sobrepostos, onde existe um estande, mas, tamb\u00e9m h\u00e1 uma camada virtual que \u00e9 vista atrav\u00e9s da tecnologia. Nos eventos presenciais hoje vemos pouco essa integra\u00e7\u00e3o real versus virtual, mas a tend\u00eancia \u00e9 que essas experi\u00eancias sejam cada vez mais intuitivas\u201d, enfatiza Juliano Kimura.<\/p>\n\n\n\n<p><strong>Jornada do cliente, Feiras e mais<\/strong><\/p>\n\n\n\n<p>Paula Marins, gerente de Omnichannel &amp; Digital na Biogen, fala sobre \u201c<em>Eventos na Jornada do Cliente &amp; Efetividade\u201d. <\/em>Na sequ\u00eancia, Eduardo Zorzanello (s\u00f3cio-diretor na Rossi &amp; Zorzanello), Helvio Pompeo (Febratex Group), Jo\u00e3o Paulo Picolo (CEO N\u00fcrnbergMesse Brasil), Malu Sevieri (General Manager na Emme Brasil \/ Messe D\u00fcsseldorf) e (Romano Pansera (RPWorks) falaram ainda sobre as Feiras de Neg\u00f3cios.<\/p>\n\n\n\n<p>A programa\u00e7\u00e3o do primeiro dia encerrou com uma noite de aut\u00f3grafos com os autores dos livros Perspectivas na Forma\u00e7\u00e3o Acad\u00eamica em Eventos, ESG nos Eventos, Seguran\u00e7a em Eventos, Comunica\u00e7\u00e3o &amp; Eventos, Manual de Cerimonial e Protocolo, Lan\u00e7amento de Produtos, Feiras de Neg\u00f3cios B2B e Hospitalidade em Eventos, que fazem parte da Cole\u00e7\u00e3o Conecta Eventos e foram especialmente durante o F\u00f3rum Eventos, com a participa\u00e7\u00e3o de mais de 40 autores.<\/p>\n\n\n\n<p>Participam do F\u00f3rum gestores de eventos das principais empresas nacionais, al\u00e9m de representantes de ag\u00eancias, promotores e organizadores de eventos, fornecedores de servi\u00e7os e equipamentos, assim como destinos, hot\u00e9is e centro de conven\u00e7\u00f5es.<\/p>\n\n\n\n<p>Saiba mais sobre o evento em: https:\/\/www.forumeventos2024.com.br\/<\/p>\n","protected":false},"excerpt":{"rendered":"<p>Mais importante encontro da ind\u00fastria de Eventos do pa\u00eds re\u00fane especialistas ainda neste dia 30 no Tokio Marine Hall, em S\u00e3o Paulo. Futuro dos Eventos, IA, ESG, experi\u00eancias imersivas da tecnologia HADO, seguran\u00e7a, jornada do cliente, e feiras foram assuntos que marcaram o primeiro dia do F\u00f3rum Eventos, o principal encontro da ind\u00fastria de Eventos [&hellip;]<\/p>\n","protected":false},"author":2,"featured_media":1481,"comment_status":"open","ping_status":"open","sticky":false,"template":"","format":"standard","meta":{"footnotes":""},"categories":[1],"tags":[],"class_list":{"0":"post-1480","1":"post","2":"type-post","3":"status-publish","4":"format-standard","5":"has-post-thumbnail","7":"category-workshopsepalestras"},"_links":{"self":[{"href":"https:\/\/tveventos.tv.br\/index.php?rest_route=\/wp\/v2\/posts\/1480","targetHints":{"allow":["GET"]}}],"collection":[{"href":"https:\/\/tveventos.tv.br\/index.php?rest_route=\/wp\/v2\/posts"}],"about":[{"href":"https:\/\/tveventos.tv.br\/index.php?rest_route=\/wp\/v2\/types\/post"}],"author":[{"embeddable":true,"href":"https:\/\/tveventos.tv.br\/index.php?rest_route=\/wp\/v2\/users\/2"}],"replies":[{"embeddable":true,"href":"https:\/\/tveventos.tv.br\/index.php?rest_route=%2Fwp%2Fv2%2Fcomments&post=1480"}],"version-history":[{"count":1,"href":"https:\/\/tveventos.tv.br\/index.php?rest_route=\/wp\/v2\/posts\/1480\/revisions"}],"predecessor-version":[{"id":1482,"href":"https:\/\/tveventos.tv.br\/index.php?rest_route=\/wp\/v2\/posts\/1480\/revisions\/1482"}],"wp:featuredmedia":[{"embeddable":true,"href":"https:\/\/tveventos.tv.br\/index.php?rest_route=\/wp\/v2\/media\/1481"}],"wp:attachment":[{"href":"https:\/\/tveventos.tv.br\/index.php?rest_route=%2Fwp%2Fv2%2Fmedia&parent=1480"}],"wp:term":[{"taxonomy":"category","embeddable":true,"href":"https:\/\/tveventos.tv.br\/index.php?rest_route=%2Fwp%2Fv2%2Fcategories&post=1480"},{"taxonomy":"post_tag","embeddable":true,"href":"https:\/\/tveventos.tv.br\/index.php?rest_route=%2Fwp%2Fv2%2Ftags&post=1480"}],"curies":[{"name":"wp","href":"https:\/\/api.w.org\/{rel}","templated":true}]}}