{"id":1494,"date":"2024-04-30T14:50:10","date_gmt":"2024-04-30T17:50:10","guid":{"rendered":"https:\/\/tveventos.tv.br\/?p=1494"},"modified":"2024-04-30T14:50:13","modified_gmt":"2024-04-30T17:50:13","slug":"feimec","status":"publish","type":"post","link":"https:\/\/tveventos.tv.br\/?p=1494","title":{"rendered":"FEIMEC"},"content":{"rendered":"\n<p>A FEIMEC \u00e9 o maior evento da Am\u00e9rica Latina para a realiza\u00e7\u00e3o de neg\u00f3cios, promo\u00e7\u00e3o de tecnologia, tend\u00eancias, produ\u00e7\u00e3o e relacionamento para o setor industrial. Trata-se de uma feira feita especialmente para voc\u00ea, profissional de pequenas, m\u00e9dias ou grandes ind\u00fastrias.<\/p>\n\n\n\n<p>Junte-se a n\u00f3s, nos dias 07 \u00e0 11 de maio, no S\u00e3o Paulo Expo.<\/p>\n\n\n\n<p>Ter\u00e7a a Sexta: 10h \u00e0s 19h;<\/p>\n\n\n\n<p>S\u00e1bado: 09h \u00e0s 17h.<\/p>\n\n\n\n<p>Endere\u00e7o: Rodovia dos Imigrantes, 1,5 km &#8211; Vila \u00c1gua Funda, S\u00e3o Paulo &#8211; SP, 04329-900<\/p>\n","protected":false},"excerpt":{"rendered":"<p>A FEIMEC \u00e9 o maior evento da Am\u00e9rica Latina para a realiza\u00e7\u00e3o de neg\u00f3cios, promo\u00e7\u00e3o de tecnologia, tend\u00eancias, produ\u00e7\u00e3o e relacionamento para o setor industrial. Trata-se de uma feira feita especialmente para voc\u00ea, profissional de pequenas, m\u00e9dias ou grandes ind\u00fastrias. Junte-se a n\u00f3s, nos dias 07 \u00e0 11 de maio, no S\u00e3o Paulo Expo. Ter\u00e7a [&hellip;]<\/p>\n","protected":false},"author":2,"featured_media":1495,"comment_status":"open","ping_status":"open","sticky":false,"template":"","format":"standard","meta":{"footnotes":""},"categories":[25],"tags":[],"class_list":{"0":"post-1494","1":"post","2":"type-post","3":"status-publish","4":"format-standard","5":"has-post-thumbnail","7":"category-calendariodeeventos"},"_links":{"self":[{"href":"https:\/\/tveventos.tv.br\/index.php?rest_route=\/wp\/v2\/posts\/1494","targetHints":{"allow":["GET"]}}],"collection":[{"href":"https:\/\/tveventos.tv.br\/index.php?rest_route=\/wp\/v2\/posts"}],"about":[{"href":"https:\/\/tveventos.tv.br\/index.php?rest_route=\/wp\/v2\/types\/post"}],"author":[{"embeddable":true,"href":"https:\/\/tveventos.tv.br\/index.php?rest_route=\/wp\/v2\/users\/2"}],"replies":[{"embeddable":true,"href":"https:\/\/tveventos.tv.br\/index.php?rest_route=%2Fwp%2Fv2%2Fcomments&post=1494"}],"version-history":[{"count":1,"href":"https:\/\/tveventos.tv.br\/index.php?rest_route=\/wp\/v2\/posts\/1494\/revisions"}],"predecessor-version":[{"id":1496,"href":"https:\/\/tveventos.tv.br\/index.php?rest_route=\/wp\/v2\/posts\/1494\/revisions\/1496"}],"wp:featuredmedia":[{"embeddable":true,"href":"https:\/\/tveventos.tv.br\/index.php?rest_route=\/wp\/v2\/media\/1495"}],"wp:attachment":[{"href":"https:\/\/tveventos.tv.br\/index.php?rest_route=%2Fwp%2Fv2%2Fmedia&parent=1494"}],"wp:term":[{"taxonomy":"category","embeddable":true,"href":"https:\/\/tveventos.tv.br\/index.php?rest_route=%2Fwp%2Fv2%2Fcategories&post=1494"},{"taxonomy":"post_tag","embeddable":true,"href":"https:\/\/tveventos.tv.br\/index.php?rest_route=%2Fwp%2Fv2%2Ftags&post=1494"}],"curies":[{"name":"wp","href":"https:\/\/api.w.org\/{rel}","templated":true}]}}