{"id":1497,"date":"2024-04-30T15:10:08","date_gmt":"2024-04-30T18:10:08","guid":{"rendered":"https:\/\/tveventos.tv.br\/?p=1497"},"modified":"2024-04-30T16:33:25","modified_gmt":"2024-04-30T19:33:25","slug":"febraban","status":"publish","type":"post","link":"https:\/\/tveventos.tv.br\/?p=1497","title":{"rendered":"FEBRABAN"},"content":{"rendered":"\n<p>Em um esfor\u00e7o para combater fraudes e golpes que afetam os consumidores, a Febraban e seus bancos associados promovem o 1\u00ba Congresso de Preven\u00e7\u00e3o e Repress\u00e3o a Fraudes, Seguran\u00e7a Cibern\u00e9tica e Banc\u00e1ria. O evento ter\u00e1 encontro presencial e transmiss\u00e3o online pela plataforma FEBRABAN TECH.<\/p>\n\n\n\n<p>Junte-se a n\u00f3s, nos dias 07 e 8 de maio das08h \u00e0s 18h, no Villa Blue Tree.\u00a0<\/p>\n\n\n\n<p>Endere\u00e7o: Rua Castro Verde, 266 &#8211; Ch\u00e1cara Santo Ant\u00f4nio &#8211; S\u00e3o Paulo, SP<\/p>\n","protected":false},"excerpt":{"rendered":"<p>Em um esfor\u00e7o para combater fraudes e golpes que afetam os consumidores, a Febraban e seus bancos associados promovem o 1\u00ba Congresso de Preven\u00e7\u00e3o e Repress\u00e3o a Fraudes, Seguran\u00e7a Cibern\u00e9tica e Banc\u00e1ria. O evento ter\u00e1 encontro presencial e transmiss\u00e3o online pela plataforma FEBRABAN TECH. Junte-se a n\u00f3s, nos dias 07 e 8 de maio das08h [&hellip;]<\/p>\n","protected":false},"author":2,"featured_media":1499,"comment_status":"open","ping_status":"open","sticky":false,"template":"","format":"standard","meta":{"footnotes":""},"categories":[25],"tags":[],"class_list":{"0":"post-1497","1":"post","2":"type-post","3":"status-publish","4":"format-standard","5":"has-post-thumbnail","7":"category-calendariodeeventos"},"_links":{"self":[{"href":"https:\/\/tveventos.tv.br\/index.php?rest_route=\/wp\/v2\/posts\/1497","targetHints":{"allow":["GET"]}}],"collection":[{"href":"https:\/\/tveventos.tv.br\/index.php?rest_route=\/wp\/v2\/posts"}],"about":[{"href":"https:\/\/tveventos.tv.br\/index.php?rest_route=\/wp\/v2\/types\/post"}],"author":[{"embeddable":true,"href":"https:\/\/tveventos.tv.br\/index.php?rest_route=\/wp\/v2\/users\/2"}],"replies":[{"embeddable":true,"href":"https:\/\/tveventos.tv.br\/index.php?rest_route=%2Fwp%2Fv2%2Fcomments&post=1497"}],"version-history":[{"count":2,"href":"https:\/\/tveventos.tv.br\/index.php?rest_route=\/wp\/v2\/posts\/1497\/revisions"}],"predecessor-version":[{"id":1518,"href":"https:\/\/tveventos.tv.br\/index.php?rest_route=\/wp\/v2\/posts\/1497\/revisions\/1518"}],"wp:featuredmedia":[{"embeddable":true,"href":"https:\/\/tveventos.tv.br\/index.php?rest_route=\/wp\/v2\/media\/1499"}],"wp:attachment":[{"href":"https:\/\/tveventos.tv.br\/index.php?rest_route=%2Fwp%2Fv2%2Fmedia&parent=1497"}],"wp:term":[{"taxonomy":"category","embeddable":true,"href":"https:\/\/tveventos.tv.br\/index.php?rest_route=%2Fwp%2Fv2%2Fcategories&post=1497"},{"taxonomy":"post_tag","embeddable":true,"href":"https:\/\/tveventos.tv.br\/index.php?rest_route=%2Fwp%2Fv2%2Ftags&post=1497"}],"curies":[{"name":"wp","href":"https:\/\/api.w.org\/{rel}","templated":true}]}}