{"id":1504,"date":"2024-04-30T16:06:24","date_gmt":"2024-04-30T19:06:24","guid":{"rendered":"https:\/\/tveventos.tv.br\/?p=1504"},"modified":"2024-04-30T16:06:26","modified_gmt":"2024-04-30T19:06:26","slug":"iltm","status":"publish","type":"post","link":"https:\/\/tveventos.tv.br\/?p=1504","title":{"rendered":"ILTM\u00a0"},"content":{"rendered":"\n<p>Aclamado como um dos eventos mais coloridos e euf\u00f3ricos da Cole\u00e7\u00e3o ILTM, a edi\u00e7\u00e3o da Am\u00e9rica Latina \u00e9 ideal para qualquer empresa de viagens de luxo que deseje mais. Reuni\u00f5es altamente selecionadas com os designers de viagens mais exclusivos e procurados da regi\u00e3o, quem \u00e9 quem na m\u00eddia de luxo e nas melhores marcas de hospitalidade do mundo. Seja qual for a sua estrat\u00e9gia ou necessidades &#8211; este \u00e9 o lugar ideal para neg\u00f3cios, amizades e novas tend\u00eancias.<\/p>\n\n\n\n<p>Junte-se a n\u00f3s, nos dias 07 \u00e0 10 de maio, na Funda\u00e7\u00e3o Bienal de S\u00e3o Paulo&nbsp;<\/p>\n\n\n\n<p>Endere\u00e7o: Av. Pedro \u00c1lvares Cabral, s\/n &#8211; Ibirapuera, S\u00e3o Paulo &#8211; SP, 04094-000<\/p>\n","protected":false},"excerpt":{"rendered":"<p>Aclamado como um dos eventos mais coloridos e euf\u00f3ricos da Cole\u00e7\u00e3o ILTM, a edi\u00e7\u00e3o da Am\u00e9rica Latina \u00e9 ideal para qualquer empresa de viagens de luxo que deseje mais. Reuni\u00f5es altamente selecionadas com os designers de viagens mais exclusivos e procurados da regi\u00e3o, quem \u00e9 quem na m\u00eddia de luxo e nas melhores marcas de [&hellip;]<\/p>\n","protected":false},"author":2,"featured_media":1505,"comment_status":"open","ping_status":"open","sticky":false,"template":"","format":"standard","meta":{"footnotes":""},"categories":[25],"tags":[],"class_list":{"0":"post-1504","1":"post","2":"type-post","3":"status-publish","4":"format-standard","5":"has-post-thumbnail","7":"category-calendariodeeventos"},"_links":{"self":[{"href":"https:\/\/tveventos.tv.br\/index.php?rest_route=\/wp\/v2\/posts\/1504","targetHints":{"allow":["GET"]}}],"collection":[{"href":"https:\/\/tveventos.tv.br\/index.php?rest_route=\/wp\/v2\/posts"}],"about":[{"href":"https:\/\/tveventos.tv.br\/index.php?rest_route=\/wp\/v2\/types\/post"}],"author":[{"embeddable":true,"href":"https:\/\/tveventos.tv.br\/index.php?rest_route=\/wp\/v2\/users\/2"}],"replies":[{"embeddable":true,"href":"https:\/\/tveventos.tv.br\/index.php?rest_route=%2Fwp%2Fv2%2Fcomments&post=1504"}],"version-history":[{"count":1,"href":"https:\/\/tveventos.tv.br\/index.php?rest_route=\/wp\/v2\/posts\/1504\/revisions"}],"predecessor-version":[{"id":1507,"href":"https:\/\/tveventos.tv.br\/index.php?rest_route=\/wp\/v2\/posts\/1504\/revisions\/1507"}],"wp:featuredmedia":[{"embeddable":true,"href":"https:\/\/tveventos.tv.br\/index.php?rest_route=\/wp\/v2\/media\/1505"}],"wp:attachment":[{"href":"https:\/\/tveventos.tv.br\/index.php?rest_route=%2Fwp%2Fv2%2Fmedia&parent=1504"}],"wp:term":[{"taxonomy":"category","embeddable":true,"href":"https:\/\/tveventos.tv.br\/index.php?rest_route=%2Fwp%2Fv2%2Fcategories&post=1504"},{"taxonomy":"post_tag","embeddable":true,"href":"https:\/\/tveventos.tv.br\/index.php?rest_route=%2Fwp%2Fv2%2Ftags&post=1504"}],"curies":[{"name":"wp","href":"https:\/\/api.w.org\/{rel}","templated":true}]}}