{"id":1508,"date":"2024-04-30T16:20:17","date_gmt":"2024-04-30T19:20:17","guid":{"rendered":"https:\/\/tveventos.tv.br\/?p=1508"},"modified":"2024-04-30T16:28:14","modified_gmt":"2024-04-30T19:28:14","slug":"encontro-internacional-de-audiologia","status":"publish","type":"post","link":"https:\/\/tveventos.tv.br\/?p=1508","title":{"rendered":"Encontro Internacional de Audiologia"},"content":{"rendered":"\n<p>Evento organizado pela Academia Brasileira de Audiologia-ABA, tem se consolidado como o mais importante evento da Audiologia do Brasil. Como nas vers\u00f5es anteriores, a programa\u00e7\u00e3o cient\u00edfica ser\u00e1 de excel\u00eancia, constitu\u00edda por atividades diversificadas, desenvolvidas por renomados palestrantes nacionais e internacionais. A multi\/interdisciplinaridade ser\u00e1 outro aspecto de destaque. A integra\u00e7\u00e3o entre as \u00e1reas do conhecimento poder\u00e1 contribuir para o sucesso nas estrat\u00e9gias de preven\u00e7\u00e3o, diagn\u00f3stico e reabilita\u00e7\u00e3o.<\/p>\n\n\n\n<p>Junte-se a n\u00f3s, nos dias 09 \u00e0 11 de maio das 09h \u00e0s 17h, no Centro de Conven\u00e7\u00f5es Frei Caneca<\/p>\n\n\n\n<p>Endere\u00e7o:&nbsp; R. Frei Caneca, 569 &#8211; Bela Vista, S\u00e3o Paulo &#8211; SP, 01307-001<\/p>\n","protected":false},"excerpt":{"rendered":"<p>Evento organizado pela Academia Brasileira de Audiologia-ABA, tem se consolidado como o mais importante evento da Audiologia do Brasil. Como nas vers\u00f5es anteriores, a programa\u00e7\u00e3o cient\u00edfica ser\u00e1 de excel\u00eancia, constitu\u00edda por atividades diversificadas, desenvolvidas por renomados palestrantes nacionais e internacionais. A multi\/interdisciplinaridade ser\u00e1 outro aspecto de destaque. A integra\u00e7\u00e3o entre as \u00e1reas do conhecimento poder\u00e1 [&hellip;]<\/p>\n","protected":false},"author":2,"featured_media":1511,"comment_status":"open","ping_status":"open","sticky":false,"template":"","format":"standard","meta":{"footnotes":""},"categories":[25],"tags":[],"class_list":{"0":"post-1508","1":"post","2":"type-post","3":"status-publish","4":"format-standard","5":"has-post-thumbnail","7":"category-calendariodeeventos"},"_links":{"self":[{"href":"https:\/\/tveventos.tv.br\/index.php?rest_route=\/wp\/v2\/posts\/1508","targetHints":{"allow":["GET"]}}],"collection":[{"href":"https:\/\/tveventos.tv.br\/index.php?rest_route=\/wp\/v2\/posts"}],"about":[{"href":"https:\/\/tveventos.tv.br\/index.php?rest_route=\/wp\/v2\/types\/post"}],"author":[{"embeddable":true,"href":"https:\/\/tveventos.tv.br\/index.php?rest_route=\/wp\/v2\/users\/2"}],"replies":[{"embeddable":true,"href":"https:\/\/tveventos.tv.br\/index.php?rest_route=%2Fwp%2Fv2%2Fcomments&post=1508"}],"version-history":[{"count":2,"href":"https:\/\/tveventos.tv.br\/index.php?rest_route=\/wp\/v2\/posts\/1508\/revisions"}],"predecessor-version":[{"id":1516,"href":"https:\/\/tveventos.tv.br\/index.php?rest_route=\/wp\/v2\/posts\/1508\/revisions\/1516"}],"wp:featuredmedia":[{"embeddable":true,"href":"https:\/\/tveventos.tv.br\/index.php?rest_route=\/wp\/v2\/media\/1511"}],"wp:attachment":[{"href":"https:\/\/tveventos.tv.br\/index.php?rest_route=%2Fwp%2Fv2%2Fmedia&parent=1508"}],"wp:term":[{"taxonomy":"category","embeddable":true,"href":"https:\/\/tveventos.tv.br\/index.php?rest_route=%2Fwp%2Fv2%2Fcategories&post=1508"},{"taxonomy":"post_tag","embeddable":true,"href":"https:\/\/tveventos.tv.br\/index.php?rest_route=%2Fwp%2Fv2%2Ftags&post=1508"}],"curies":[{"name":"wp","href":"https:\/\/api.w.org\/{rel}","templated":true}]}}