{"id":1513,"date":"2024-04-30T16:27:19","date_gmt":"2024-04-30T19:27:19","guid":{"rendered":"https:\/\/tveventos.tv.br\/?p=1513"},"modified":"2024-04-30T16:27:23","modified_gmt":"2024-04-30T19:27:23","slug":"apas-show","status":"publish","type":"post","link":"https:\/\/tveventos.tv.br\/?p=1513","title":{"rendered":"APAS SHOW"},"content":{"rendered":"\n<p>Conhecida por ser o maior evento de bebidas e alimentos das Am\u00e9ricas e a maior feira supermercadista do mundo, a APAS SHOW 2024 reflete seu posicionamento al\u00e9m dos alimentos que durante os 4 dias de evento, oferece absolutamente tudo de mais relevante para o setor, desde alimentos e bebidas at\u00e9 tecnologia e inova\u00e7\u00e3o, passando por log\u00edstica, finan\u00e7as, infraestrutura, equipamentos e muito mais.<\/p>\n\n\n\n<p>Junte-se a n\u00f3s, nos dias 13 \u00e0 16 de maio das 12h \u00e0s 20h, no Expo Center Norte.<\/p>\n\n\n\n<p>Endere\u00e7o:&nbsp; Rua Jos\u00e9 Bernardo Pinto, 333 &#8211; Vila Guilherme &#8211; S\u00e3o Paulo &#8211; SP<\/p>\n","protected":false},"excerpt":{"rendered":"<p>Conhecida por ser o maior evento de bebidas e alimentos das Am\u00e9ricas e a maior feira supermercadista do mundo, a APAS SHOW 2024 reflete seu posicionamento al\u00e9m dos alimentos que durante os 4 dias de evento, oferece absolutamente tudo de mais relevante para o setor, desde alimentos e bebidas at\u00e9 tecnologia e inova\u00e7\u00e3o, passando por [&hellip;]<\/p>\n","protected":false},"author":2,"featured_media":1514,"comment_status":"open","ping_status":"open","sticky":false,"template":"","format":"standard","meta":{"footnotes":""},"categories":[25],"tags":[],"class_list":{"0":"post-1513","1":"post","2":"type-post","3":"status-publish","4":"format-standard","5":"has-post-thumbnail","7":"category-calendariodeeventos"},"_links":{"self":[{"href":"https:\/\/tveventos.tv.br\/index.php?rest_route=\/wp\/v2\/posts\/1513","targetHints":{"allow":["GET"]}}],"collection":[{"href":"https:\/\/tveventos.tv.br\/index.php?rest_route=\/wp\/v2\/posts"}],"about":[{"href":"https:\/\/tveventos.tv.br\/index.php?rest_route=\/wp\/v2\/types\/post"}],"author":[{"embeddable":true,"href":"https:\/\/tveventos.tv.br\/index.php?rest_route=\/wp\/v2\/users\/2"}],"replies":[{"embeddable":true,"href":"https:\/\/tveventos.tv.br\/index.php?rest_route=%2Fwp%2Fv2%2Fcomments&post=1513"}],"version-history":[{"count":1,"href":"https:\/\/tveventos.tv.br\/index.php?rest_route=\/wp\/v2\/posts\/1513\/revisions"}],"predecessor-version":[{"id":1515,"href":"https:\/\/tveventos.tv.br\/index.php?rest_route=\/wp\/v2\/posts\/1513\/revisions\/1515"}],"wp:featuredmedia":[{"embeddable":true,"href":"https:\/\/tveventos.tv.br\/index.php?rest_route=\/wp\/v2\/media\/1514"}],"wp:attachment":[{"href":"https:\/\/tveventos.tv.br\/index.php?rest_route=%2Fwp%2Fv2%2Fmedia&parent=1513"}],"wp:term":[{"taxonomy":"category","embeddable":true,"href":"https:\/\/tveventos.tv.br\/index.php?rest_route=%2Fwp%2Fv2%2Fcategories&post=1513"},{"taxonomy":"post_tag","embeddable":true,"href":"https:\/\/tveventos.tv.br\/index.php?rest_route=%2Fwp%2Fv2%2Ftags&post=1513"}],"curies":[{"name":"wp","href":"https:\/\/api.w.org\/{rel}","templated":true}]}}