{"id":1519,"date":"2024-04-30T16:46:23","date_gmt":"2024-04-30T19:46:23","guid":{"rendered":"https:\/\/tveventos.tv.br\/?p=1519"},"modified":"2024-04-30T16:46:25","modified_gmt":"2024-04-30T19:46:25","slug":"oiweek-latam","status":"publish","type":"post","link":"https:\/\/tveventos.tv.br\/?p=1519","title":{"rendered":"Oiweek Latam"},"content":{"rendered":"\n<p>A Oiweek receber\u00e1 os principais l\u00edderes da inova\u00e7\u00e3o e empreendedorismo da Am\u00e9rica Latina em um evento que integrar\u00e1 os ecossistemas latino-americanos e criar\u00e1 novas oportunidades de colabora\u00e7\u00e3o por meio da open innovation. Esta edi\u00e7\u00e3o especial traz pela primeira vez ao Brasil o 13ST-Prodem, maior encontro de l\u00edderes de ecossistemas de empreendedorismo e inova\u00e7\u00e3o da Am\u00e9rica Latina.<\/p>\n\n\n\n<p>Junte-se a n\u00f3s, nos dias 14 \u00e0 17 de maio das 09h \u00e0s 18h, no Amcham Business Center.<\/p>\n\n\n\n<p>Endere\u00e7o: Rua da Paz, 1431 &#8211; Ch\u00e1cara Santo Ant\u00f4nio, S\u00e3o Paulo.<\/p>\n","protected":false},"excerpt":{"rendered":"<p>A Oiweek receber\u00e1 os principais l\u00edderes da inova\u00e7\u00e3o e empreendedorismo da Am\u00e9rica Latina em um evento que integrar\u00e1 os ecossistemas latino-americanos e criar\u00e1 novas oportunidades de colabora\u00e7\u00e3o por meio da open innovation. Esta edi\u00e7\u00e3o especial traz pela primeira vez ao Brasil o 13ST-Prodem, maior encontro de l\u00edderes de ecossistemas de empreendedorismo e inova\u00e7\u00e3o da Am\u00e9rica [&hellip;]<\/p>\n","protected":false},"author":2,"featured_media":1520,"comment_status":"open","ping_status":"open","sticky":false,"template":"","format":"standard","meta":{"footnotes":""},"categories":[25],"tags":[],"class_list":{"0":"post-1519","1":"post","2":"type-post","3":"status-publish","4":"format-standard","5":"has-post-thumbnail","7":"category-calendariodeeventos"},"_links":{"self":[{"href":"https:\/\/tveventos.tv.br\/index.php?rest_route=\/wp\/v2\/posts\/1519","targetHints":{"allow":["GET"]}}],"collection":[{"href":"https:\/\/tveventos.tv.br\/index.php?rest_route=\/wp\/v2\/posts"}],"about":[{"href":"https:\/\/tveventos.tv.br\/index.php?rest_route=\/wp\/v2\/types\/post"}],"author":[{"embeddable":true,"href":"https:\/\/tveventos.tv.br\/index.php?rest_route=\/wp\/v2\/users\/2"}],"replies":[{"embeddable":true,"href":"https:\/\/tveventos.tv.br\/index.php?rest_route=%2Fwp%2Fv2%2Fcomments&post=1519"}],"version-history":[{"count":1,"href":"https:\/\/tveventos.tv.br\/index.php?rest_route=\/wp\/v2\/posts\/1519\/revisions"}],"predecessor-version":[{"id":1521,"href":"https:\/\/tveventos.tv.br\/index.php?rest_route=\/wp\/v2\/posts\/1519\/revisions\/1521"}],"wp:featuredmedia":[{"embeddable":true,"href":"https:\/\/tveventos.tv.br\/index.php?rest_route=\/wp\/v2\/media\/1520"}],"wp:attachment":[{"href":"https:\/\/tveventos.tv.br\/index.php?rest_route=%2Fwp%2Fv2%2Fmedia&parent=1519"}],"wp:term":[{"taxonomy":"category","embeddable":true,"href":"https:\/\/tveventos.tv.br\/index.php?rest_route=%2Fwp%2Fv2%2Fcategories&post=1519"},{"taxonomy":"post_tag","embeddable":true,"href":"https:\/\/tveventos.tv.br\/index.php?rest_route=%2Fwp%2Fv2%2Ftags&post=1519"}],"curies":[{"name":"wp","href":"https:\/\/api.w.org\/{rel}","templated":true}]}}