{"id":1528,"date":"2024-05-02T13:53:35","date_gmt":"2024-05-02T16:53:35","guid":{"rendered":"https:\/\/tveventos.tv.br\/?p=1528"},"modified":"2024-05-02T13:53:38","modified_gmt":"2024-05-02T16:53:38","slug":"corecon-sp-abre-inscricoes-para-6a-edicao-do-cafe-com-economistas","status":"publish","type":"post","link":"https:\/\/tveventos.tv.br\/?p=1528","title":{"rendered":"Corecon-SP abre inscri\u00e7\u00f5es para 6\u00aa edi\u00e7\u00e3o do &#8220;Caf\u00e9 com Economistas&#8221;"},"content":{"rendered":"\n<p><em>Evento gratuito acontece pela primeira vez em Santos e ir\u00e1 debater sobre o desenvolvimento do setor e desafios para os profissionais da regi\u00e3o<\/em><\/p>\n\n\n\n<p>O Conselho Regional de Economia de S\u00e3o Paulo (Corecon-SP) realiza, no dia 24 de maio, a sexta edi\u00e7\u00e3o do \u201cCaf\u00e9 com Economistas\u201d. Pela primeira vez, o encontro acontecer\u00e1 na cidade de Santos. O objetivo \u00e9 reunir especialistas para debater quest\u00f5es econ\u00f4micas atuais, apresentar os projetos do Conselho e promover o compartilhamento de experi\u00eancias, gerando o desenvolvimento e a valoriza\u00e7\u00e3o da profiss\u00e3o, especialmente na regi\u00e3o da Baixada Santista. A edi\u00e7\u00e3o est\u00e1 marcada para \u00e0s 18h, na sede da Associa\u00e7\u00e3o Comercial de Santos (ACS) (Rua XV de Novembro, 137, Centro Hist\u00f3rico de Santos).&nbsp;<\/p>\n\n\n\n<p>O evento contar\u00e1 com um caf\u00e9 de abertura, seguido de duas palestras: a primeira, sobre &#8220;Os Impactos da Intelig\u00eancia Artificial na Economia de Santos e Litoral Paulista&#8221;, ser\u00e1 ministrada por Welinton dos Santos, economista e conselheiro do Corecon-SP.<\/p>\n\n\n\n<p>Em seguida, Viviam Ester de Souza, delegada adjunta de Santos, economista e diretora da Faculdade de Tecnologia de Praia Grande (Fatec Praia Grande), falar\u00e1 sobre &#8220;O Ensino Tecnol\u00f3gico no contexto dos desafios da realidade Econ\u00f4mica Nacional e Internacional&#8221;.<\/p>\n\n\n\n<p>As inscri\u00e7\u00f5es s\u00e3o limitadas e podem ser feitas gratuitamente pelo<a href=\"https:\/\/docs.google.com\/forms\/d\/e\/1FAIpQLSdym03G2PSLAElsqthcjIfTQASUyqVc_mQx_pn2PSgHH48afQ\/viewform\"> formul\u00e1rio<\/a> disponibilizado pela entidade.<\/p>\n","protected":false},"excerpt":{"rendered":"<p>Evento gratuito acontece pela primeira vez em Santos e ir\u00e1 debater sobre o desenvolvimento do setor e desafios para os profissionais da regi\u00e3o O Conselho Regional de Economia de S\u00e3o Paulo (Corecon-SP) realiza, no dia 24 de maio, a sexta edi\u00e7\u00e3o do \u201cCaf\u00e9 com Economistas\u201d. Pela primeira vez, o encontro acontecer\u00e1 na cidade de Santos. [&hellip;]<\/p>\n","protected":false},"author":2,"featured_media":1529,"comment_status":"open","ping_status":"open","sticky":false,"template":"","format":"standard","meta":{"footnotes":""},"categories":[1],"tags":[],"class_list":{"0":"post-1528","1":"post","2":"type-post","3":"status-publish","4":"format-standard","5":"has-post-thumbnail","7":"category-workshopsepalestras"},"_links":{"self":[{"href":"https:\/\/tveventos.tv.br\/index.php?rest_route=\/wp\/v2\/posts\/1528","targetHints":{"allow":["GET"]}}],"collection":[{"href":"https:\/\/tveventos.tv.br\/index.php?rest_route=\/wp\/v2\/posts"}],"about":[{"href":"https:\/\/tveventos.tv.br\/index.php?rest_route=\/wp\/v2\/types\/post"}],"author":[{"embeddable":true,"href":"https:\/\/tveventos.tv.br\/index.php?rest_route=\/wp\/v2\/users\/2"}],"replies":[{"embeddable":true,"href":"https:\/\/tveventos.tv.br\/index.php?rest_route=%2Fwp%2Fv2%2Fcomments&post=1528"}],"version-history":[{"count":1,"href":"https:\/\/tveventos.tv.br\/index.php?rest_route=\/wp\/v2\/posts\/1528\/revisions"}],"predecessor-version":[{"id":1530,"href":"https:\/\/tveventos.tv.br\/index.php?rest_route=\/wp\/v2\/posts\/1528\/revisions\/1530"}],"wp:featuredmedia":[{"embeddable":true,"href":"https:\/\/tveventos.tv.br\/index.php?rest_route=\/wp\/v2\/media\/1529"}],"wp:attachment":[{"href":"https:\/\/tveventos.tv.br\/index.php?rest_route=%2Fwp%2Fv2%2Fmedia&parent=1528"}],"wp:term":[{"taxonomy":"category","embeddable":true,"href":"https:\/\/tveventos.tv.br\/index.php?rest_route=%2Fwp%2Fv2%2Fcategories&post=1528"},{"taxonomy":"post_tag","embeddable":true,"href":"https:\/\/tveventos.tv.br\/index.php?rest_route=%2Fwp%2Fv2%2Ftags&post=1528"}],"curies":[{"name":"wp","href":"https:\/\/api.w.org\/{rel}","templated":true}]}}