{"id":1531,"date":"2024-05-02T14:44:09","date_gmt":"2024-05-02T17:44:09","guid":{"rendered":"https:\/\/tveventos.tv.br\/?p=1531"},"modified":"2024-05-02T14:44:11","modified_gmt":"2024-05-02T17:44:11","slug":"fevest-trend-2024-antecipa-realizacao-para-junho-com-o-dobro-de-expositores-e-ja-com-area-totalmente-comercializada","status":"publish","type":"post","link":"https:\/\/tveventos.tv.br\/?p=1531","title":{"rendered":"Fevest Trend 2024 antecipa realiza\u00e7\u00e3o para junho com o dobro de expositores e j\u00e1 com \u00e1rea totalmente comercializada"},"content":{"rendered":"\n<p><em>Reunindo 200 expositores da ind\u00fastria do vestu\u00e1rio e t\u00eaxtil, a Fevest Trend 2024 est\u00e1 confirmada para o per\u00edodo de 25 a 27 de junho, no Nova Friburgo Country Clube<\/em>.<\/p>\n\n\n\n<p>No evento, que chega \u00e0 sua 33\u00aa edi\u00e7\u00e3o, s\u00e3o apresentadas, anualmente, as principais tend\u00eancias no mundo da lingerie, moda praia, fitness e mat\u00e9ria-prima. A Fevest Trend 2024 representa uma feira de abrang\u00eancia nacional, projetada para unir moda, sustentabilidade, tecnologia e beleza. Esse ano, o evento traz ainda mais conceito para lan\u00e7ar tend\u00eancias para o mundo! Reconhecida como a maior feira de lingerie realizada na Am\u00e9rica Latina, a iniciativa \u00e9 voltada para empres\u00e1rios, compradores, fornecedores e entidades ligadas \u00e0 cadeia t\u00eaxtil de todo Brasil. Al\u00e9m disso, em tr\u00eas dias de muito network, neg\u00f3cios e lan\u00e7amentos, se consolida como a principal interface na gera\u00e7\u00e3o de grandes neg\u00f3cios entre produtores e revendedores do setor. A programa\u00e7\u00e3o e inscri\u00e7\u00f5es poder\u00e3o ser conferidas no site: <a href=\"https:\/\/fevest.com\/\">https:\/\/fevest.com\/<\/a><\/p>\n\n\n\n<p><strong><em>\u201c<\/em><\/strong><em>Ap\u00f3s o sucesso da edi\u00e7\u00e3o de 2023, a Fevest Trend foi planejada para ser duas vezes maior. O dobro de expositores, mais sucesso, mais inova\u00e7\u00e3o, mais tend\u00eancia. Estamos trazendo um espa\u00e7o de exposi\u00e7\u00e3o ampliado, que promete superar todas as expectativas e gerar ainda mais neg\u00f3cios\u201d, exalta Gustavo Moraes, presidente do Sindicato das Ind\u00fastrias do Vestu\u00e1rio de Nova Friburgo e Regi\u00e3o\/RJ \u2013 Sindvest, realizador do evento.<\/em><\/p>\n\n\n\n<p>Considerado o principal showroom do ramo, a Fevest Trend tem o importante papel de fomentar a economia de pequenos e micro neg\u00f3cios que hoje correspondem a 95% do setor. A feira \u00e9 tamb\u00e9m uma oportunidade para que novos empreendedores conhe\u00e7am o polo de lingerie de Nova Friburgo, conhecida como \u201cA Capital Nacional da Lingerie\u201d, no Rio de Janeiro, para ver de perto a arte da produ\u00e7\u00e3o, desde a idealiza\u00e7\u00e3o, confec\u00e7\u00e3o e lan\u00e7amento dos produtos.<\/p>\n\n\n\n<p>Crescendo em todos os aspectos e disponibilizando uma \u00e1rea duas vezes maior em compara\u00e7\u00e3o com a edi\u00e7\u00e3o de 2023, a feira apresentar\u00e1 uma verdadeira revolu\u00e7\u00e3o, trazendo novidades das ind\u00fastrias de confec\u00e7\u00e3o, mat\u00e9ria-prima, servi\u00e7o e tecnologia.<\/p>\n\n\n\n<p>Sempre pensando em inova\u00e7\u00e3o e acelera\u00e7\u00e3o da ind\u00fastria t\u00eaxtil e superando o sucesso da \u00faltima edi\u00e7\u00e3o, a Fevest Trend traz ainda mais glamour, tend\u00eancia e inova\u00e7\u00e3o. A programa\u00e7\u00e3o contar\u00e1 com dois desfiles por dia, palestras com temas do setor, al\u00e9m de amostras, talk shows e mesas-redondas com convidados relevantes da \u00e1rea.<\/p>\n\n\n\n<p>De acordo com os dados levantados pelo Sindvest, a regi\u00e3o possui cerca de 3,7 mil f\u00e1bricas de lingerie, moda praia e fitness, o que mostra a import\u00e2ncia do setor. O Polo de Nova Friburgo representa o desenvolvimento industrial da pequena e m\u00e9dia empresa no Brasil, produzindo cerca de 336 milh\u00f5es de pe\u00e7as por ano. Esse n\u00famero representa 35% da produ\u00e7\u00e3o nacional de lingerie, moda praia e fitness, e gera em torno de 28 mil empregos diretos e indiretos. Destes postos de trabalho, 80% da m\u00e3o de obra e lideran\u00e7a das empresas ficam a cargo de mulheres, al\u00e9m de possuir a menor taxa de desemprego feminino do estado.<\/p>\n\n\n\n<p>Em 2023, a Fevest recebeu cerca de 9 mil visitantes de mais de 20 estados brasileiros, al\u00e9m de pa\u00edses como Chile, EUA, Portugal, It\u00e1lia e Alemanha.<\/p>\n\n\n\n<p>A Fevest Trend 2024 &#8211; Feira de Lingerie, Moda Praia, Fitness e Mat\u00e9ria-prima &#8211; \u00e9 uma realiza\u00e7\u00e3o do Sindvest (Sindicato das Ind\u00fastrias do Vestu\u00e1rio de Nova Friburgo e Regi\u00e3o), com patroc\u00ednio da Firjan Senai; apoio \u00c1guas de Nova Friburgo; Bling, Correios; Energisa, Frionline e VINILSUL; apoio institucional da Prefeitura de Nova Friburgo.<\/p>\n\n\n\n<p><strong>Servi\u00e7o:&nbsp;<\/strong><\/p>\n\n\n\n<p>Data: 25 a 27 de junho de 2024 (ter\u00e7a-feira a quinta-feira)<\/p>\n\n\n\n<p>Hor\u00e1rio: das 11h \u00e0s 21h<\/p>\n\n\n\n<p>Entrada: Gratuita mediante credenciamento pelo site<\/p>\n\n\n\n<p>Local: Nova Friburgo Country Clube (Av Conselheiro Julius Arp, 140 \u2013 Centro \u2013 Nova Friburgo\/RJ)<\/p>\n\n\n\n<p>Site: <a href=\"http:\/\/www.fevest.com\/\">http:\/\/www.fevest.com\/<\/a><\/p>\n","protected":false},"excerpt":{"rendered":"<p>Reunindo 200 expositores da ind\u00fastria do vestu\u00e1rio e t\u00eaxtil, a Fevest Trend 2024 est\u00e1 confirmada para o per\u00edodo de 25 a 27 de junho, no Nova Friburgo Country Clube. No evento, que chega \u00e0 sua 33\u00aa edi\u00e7\u00e3o, s\u00e3o apresentadas, anualmente, as principais tend\u00eancias no mundo da lingerie, moda praia, fitness e mat\u00e9ria-prima. A Fevest Trend [&hellip;]<\/p>\n","protected":false},"author":2,"featured_media":1532,"comment_status":"open","ping_status":"open","sticky":false,"template":"","format":"standard","meta":{"footnotes":""},"categories":[1],"tags":[],"class_list":{"0":"post-1531","1":"post","2":"type-post","3":"status-publish","4":"format-standard","5":"has-post-thumbnail","7":"category-workshopsepalestras"},"_links":{"self":[{"href":"https:\/\/tveventos.tv.br\/index.php?rest_route=\/wp\/v2\/posts\/1531","targetHints":{"allow":["GET"]}}],"collection":[{"href":"https:\/\/tveventos.tv.br\/index.php?rest_route=\/wp\/v2\/posts"}],"about":[{"href":"https:\/\/tveventos.tv.br\/index.php?rest_route=\/wp\/v2\/types\/post"}],"author":[{"embeddable":true,"href":"https:\/\/tveventos.tv.br\/index.php?rest_route=\/wp\/v2\/users\/2"}],"replies":[{"embeddable":true,"href":"https:\/\/tveventos.tv.br\/index.php?rest_route=%2Fwp%2Fv2%2Fcomments&post=1531"}],"version-history":[{"count":2,"href":"https:\/\/tveventos.tv.br\/index.php?rest_route=\/wp\/v2\/posts\/1531\/revisions"}],"predecessor-version":[{"id":1534,"href":"https:\/\/tveventos.tv.br\/index.php?rest_route=\/wp\/v2\/posts\/1531\/revisions\/1534"}],"wp:featuredmedia":[{"embeddable":true,"href":"https:\/\/tveventos.tv.br\/index.php?rest_route=\/wp\/v2\/media\/1532"}],"wp:attachment":[{"href":"https:\/\/tveventos.tv.br\/index.php?rest_route=%2Fwp%2Fv2%2Fmedia&parent=1531"}],"wp:term":[{"taxonomy":"category","embeddable":true,"href":"https:\/\/tveventos.tv.br\/index.php?rest_route=%2Fwp%2Fv2%2Fcategories&post=1531"},{"taxonomy":"post_tag","embeddable":true,"href":"https:\/\/tveventos.tv.br\/index.php?rest_route=%2Fwp%2Fv2%2Ftags&post=1531"}],"curies":[{"name":"wp","href":"https:\/\/api.w.org\/{rel}","templated":true}]}}