{"id":1547,"date":"2024-05-07T17:56:43","date_gmt":"2024-05-07T20:56:43","guid":{"rendered":"https:\/\/tveventos.tv.br\/?p=1547"},"modified":"2024-05-07T17:56:51","modified_gmt":"2024-05-07T20:56:51","slug":"beauty-nutrition-expo-reune-profissionais-e-industria-em-sao-paulo","status":"publish","type":"post","link":"https:\/\/tveventos.tv.br\/?p=1547","title":{"rendered":"Beauty &amp; Nutrition Expo re\u00fane profissionais e ind\u00fastria em S\u00e3o Paulo"},"content":{"rendered":"\n<p class=\"has-text-align-center\"><em>A maior feira de suplementos, nutrac\u00eauticos e superfoods dedicada \u00e0 nutri\u00e7\u00e3o cl\u00ednica para a sa\u00fade e beleza da mulher, acontece nos dias 17 e 18 de maio no Centro de Conven\u00e7\u00f5es Frei Caneca, reunindo as principais marcas e profissionais do setor<\/em><\/p>\n\n\n\n<p>Nos dias 17 e 18 de maio, S\u00e3o Paulo se tornar\u00e1 o epicentro da inova\u00e7\u00e3o em sa\u00fade e beleza da mulher com a realiza\u00e7\u00e3o da Beauty &amp; Nutrition Expo 2024. A feira, que acontece em paralelo ao Meeting Brasileiro de Nutri\u00e7\u00e3o Est\u00e9tica (MBNE), \u00e9 organizada e promovida pela E4 Ag\u00eancia, trazendo o que h\u00e1 de mais novo no mercado de suplementos, nutrac\u00eauticos e superfoods voltados para a nutri\u00e7\u00e3o cl\u00ednica.<\/p>\n\n\n\n<p>Aberta exclusivamente para nutricionistas, m\u00e9dicos, farmac\u00eauticos, lojistas, esteticistas e demais profissionais da sa\u00fade, a feira contar\u00e1 com a participa\u00e7\u00e3o de mais de 50 marcas expositoras.&nbsp;A edi\u00e7\u00e3o de 2024 espera receber aproximadamente 2.800 visitantes, 40% a mais do que o ano anterior.<\/p>\n\n\n\n<p>\u201cNesses nove anos de Beauty Nutrition Expo, j\u00e1 recebemos mais de 12.000 profissionais de diversos estados e cidades do Brasil e mais de 100 marcas expositoras.&nbsp; Al\u00e9m disso, nosso p\u00fablico, apesar de ser majoritariamente do sudeste (75%), vem de todas as regi\u00f5es. N\u00f3s tamb\u00e9m contamos com a presen\u00e7a de pessoas do Sul e do Nordeste (ambas com 8%), do Centro-Oeste (6%) e do Norte (3%).\u201d&nbsp; comenta Gustavo Negrini, CEO da E4.&nbsp;<\/p>\n\n\n\n<p>Entre as marcas e expositores j\u00e1 confirmados est\u00e3o: Ah Natu!, AMVI, Biofito, Dermaflora, Dietbox, Equaliv, Essentia Group, Florien, Galena, Herbalife, Huma, IPGS, Lucyanna Kalluf, M\u00e3e Terra, Naiak, Noorskin, Ocean Drop, Plenitude Educa\u00e7\u00e3o, Puravida, Rubio Editora, Rousselot, Vida Veg, Vitafor, Vitalis, e muitas outras.<\/p>\n\n\n\n<p>Gustavo ainda destaca a import\u00e2ncia e o impacto da feira: \u201cA Beauty Nutrition Expo, al\u00e9m de reunir as melhores e mais prescritas marcas do mercado, \u00e9 uma oportunidade para os profissionais ficarem por dentro das mais recentes tend\u00eancias, estabelecer conex\u00f5es e engajar-se em discuss\u00f5es sobre as inova\u00e7\u00f5es do setor\u2019\u2019.<\/p>\n\n\n\n<p>H\u00e1 17 anos no mercado, a E4 traz em seu DNA a inova\u00e7\u00e3o, o profissionalismo e o compromisso com a sustentabilidade. Al\u00e9m de ser pioneira em marketing nutricional, tamb\u00e9m se destaca na organiza\u00e7\u00e3o dos principais Congressos de Nutri\u00e7\u00e3o do Brasil, sempre priorizando pr\u00e1ticas sustent\u00e1veis e respeitosas com o meio ambiente. A montagem de todos os &#8220;Eco Estandes&#8221; \u00e9 feita exclusivamente com madeiras reaproveitadas. Mais de 80 mil garrafas PET j\u00e1 foram retiradas do meio ambiente em iniciativas lideradas pela ag\u00eancia. Al\u00e9m disso, a E4 recebeu a certifica\u00e7\u00e3o dos selos &#8220;Eu Reciclo&#8221; e &#8220;Sou Res\u00edduo Zero&#8221; por sua contribui\u00e7\u00e3o na reciclagem de 30 toneladas de lixo.<\/p>\n\n\n\n<p>O evento recebe o patroc\u00ednio especial da ABFIT, A Natural\u00edssima, APAN, Carioca Zen, d&#8217; Raiz, Good Truck, IBNF, IPGS, Natureza Positiva, Phitoteca, PratiEnsino e Sociedade Vegetariana Brasileira.<\/p>\n\n\n\n<p>Para saber mais sobre o evento e adquirir o seu ingresso, visite o site:&nbsp;<a href=\"https:\/\/nutricaoesteticabrasil.com.br\/beauty-nutrition\/\" target=\"_blank\" rel=\"noreferrer noopener\">https:\/\/nutricaoesteticabrasil.com.br\/beauty-nutrition\/<\/a>&nbsp;<\/p>\n","protected":false},"excerpt":{"rendered":"<p>A maior feira de suplementos, nutrac\u00eauticos e superfoods dedicada \u00e0 nutri\u00e7\u00e3o cl\u00ednica para a sa\u00fade e beleza da mulher, acontece nos dias 17 e 18 de maio no Centro de Conven\u00e7\u00f5es Frei Caneca, reunindo as principais marcas e profissionais do setor Nos dias 17 e 18 de maio, S\u00e3o Paulo se tornar\u00e1 o epicentro da [&hellip;]<\/p>\n","protected":false},"author":2,"featured_media":1548,"comment_status":"open","ping_status":"open","sticky":false,"template":"","format":"standard","meta":{"footnotes":""},"categories":[1],"tags":[],"class_list":{"0":"post-1547","1":"post","2":"type-post","3":"status-publish","4":"format-standard","5":"has-post-thumbnail","7":"category-workshopsepalestras"},"_links":{"self":[{"href":"https:\/\/tveventos.tv.br\/index.php?rest_route=\/wp\/v2\/posts\/1547","targetHints":{"allow":["GET"]}}],"collection":[{"href":"https:\/\/tveventos.tv.br\/index.php?rest_route=\/wp\/v2\/posts"}],"about":[{"href":"https:\/\/tveventos.tv.br\/index.php?rest_route=\/wp\/v2\/types\/post"}],"author":[{"embeddable":true,"href":"https:\/\/tveventos.tv.br\/index.php?rest_route=\/wp\/v2\/users\/2"}],"replies":[{"embeddable":true,"href":"https:\/\/tveventos.tv.br\/index.php?rest_route=%2Fwp%2Fv2%2Fcomments&post=1547"}],"version-history":[{"count":1,"href":"https:\/\/tveventos.tv.br\/index.php?rest_route=\/wp\/v2\/posts\/1547\/revisions"}],"predecessor-version":[{"id":1549,"href":"https:\/\/tveventos.tv.br\/index.php?rest_route=\/wp\/v2\/posts\/1547\/revisions\/1549"}],"wp:featuredmedia":[{"embeddable":true,"href":"https:\/\/tveventos.tv.br\/index.php?rest_route=\/wp\/v2\/media\/1548"}],"wp:attachment":[{"href":"https:\/\/tveventos.tv.br\/index.php?rest_route=%2Fwp%2Fv2%2Fmedia&parent=1547"}],"wp:term":[{"taxonomy":"category","embeddable":true,"href":"https:\/\/tveventos.tv.br\/index.php?rest_route=%2Fwp%2Fv2%2Fcategories&post=1547"},{"taxonomy":"post_tag","embeddable":true,"href":"https:\/\/tveventos.tv.br\/index.php?rest_route=%2Fwp%2Fv2%2Ftags&post=1547"}],"curies":[{"name":"wp","href":"https:\/\/api.w.org\/{rel}","templated":true}]}}