{"id":1551,"date":"2024-05-08T15:47:22","date_gmt":"2024-05-08T18:47:22","guid":{"rendered":"https:\/\/tveventos.tv.br\/?p=1551"},"modified":"2024-05-08T15:47:25","modified_gmt":"2024-05-08T18:47:25","slug":"33a-edicao-da-futureprint-acontece-de-10-a-13-de-julho-no-expo-center-norte","status":"publish","type":"post","link":"https:\/\/tveventos.tv.br\/?p=1551","title":{"rendered":"33\u00aa edi\u00e7\u00e3o da FuturePrint acontece de 10 a 13 de julho no Expo Center Norte"},"content":{"rendered":"\n<p><em>A maior feira de tecnologia para comunica\u00e7\u00e3o visual, impress\u00e3o digital e serigrafia re\u00fane mais 280 expositores, com entrada gratuita.<\/em><\/p>\n\n\n\n<p>A 33\u00aa edi\u00e7\u00e3o da Feira FuturePrint, o principal evento da Am\u00e9rica Latina para os setores de serigrafia, sublima\u00e7\u00e3o, comunica\u00e7\u00e3o visual e impress\u00e3o digital t\u00eaxtil, acontecer\u00e1 em S\u00e3o Paulo, entre os dias 10 e 13 de julho, na Expo Center Norte. A expectativa para a nova edi\u00e7\u00e3o \u00e9 de mais de 40.000 visitantes e mais de 600 marcas. O evento representa uma excelente oportunidade para se inteirar das \u00faltimas novidades do mercado, aprimorar habilidades profissionais e estabelecer conex\u00f5es de neg\u00f3cios nos segmentos de impress\u00e3o e comunica\u00e7\u00e3o visual. A entrada \u00e9 gratuita e o registro pode ser feito no site oficial do evento.<\/p>\n\n\n\n<p>A FuturePrint \u00e9 a mais completa feira para gera\u00e7\u00e3o e transforma\u00e7\u00e3o de neg\u00f3cios, est\u00edmulo ao conhecimento empresarial e profissional e apoio \u00e0 evolu\u00e7\u00e3o de mercados e segmentos da ind\u00fastria da impress\u00e3o e comunica\u00e7\u00e3o visual. A exposi\u00e7\u00e3o reunir\u00e1 fabricantes e distribuidores de equipamentos para impress\u00e3o digital, impress\u00e3o digital t\u00eaxtil, serigrafia, sinaliza\u00e7\u00e3o digital, softwares, acabamentos e acess\u00f3rios, brindes e materiais promocionais, comunica\u00e7\u00e3o visual e sinaliza\u00e7\u00e3o, corte e grava\u00e7\u00e3o, embalagens e r\u00f3tulos, impress\u00e3o 3D.<\/p>\n\n\n\n<p>A feira est\u00e1 aberta aos profissionais da ind\u00fastria de impress\u00e3o e comunica\u00e7\u00e3o, como ag\u00eancias de publicidade, bir\u00f4s de impress\u00e3o e gr\u00e1ficas, confec\u00e7\u00f5es, designers gr\u00e1ficos, designers de interiores, empresas de comunica\u00e7\u00e3o visual e cenografia, estamparias, ind\u00fastria da moda, empresas de materiais promocionais e brindes, ser\u00edgrafos, signmakers, revendedores e distribuidores, bem como a novos empreendedores interessados em ingressar nesses setores.<\/p>\n\n\n\n<p>O Expo Center Norte conta com um estacionamento em frente \u00e0 entrada (com gest\u00e3o da Estapar) e a FuturePrint oferece transporte gratuito a partir da esta\u00e7\u00e3o de metr\u00f4 Portuguesa-Tiet\u00ea.<\/p>\n\n\n\n<p><strong>A\u00e7\u00f5es Formativas e Atualiza\u00e7\u00e3o Profissional<\/strong><\/p>\n\n\n\n<p>A FuturePrint oferece espa\u00e7os dedicados \u00e0 dissemina\u00e7\u00e3o de conhecimento e \u00e0 aprendizagem pr\u00e1tica. Por meio de palestras e workshops, os visitantes ter\u00e3o a oportunidade de se atualizar sobre os mercados de comunica\u00e7\u00e3o visual e impress\u00e3o digital t\u00eaxtil, bem como aprender sobre serigrafia e sublima\u00e7\u00e3o.<\/p>\n\n\n\n<p>Entre as atividades programadas, destacam-se o F\u00f3rum FuturePrint, com a participa\u00e7\u00e3o de renomados profissionais da \u00e1rea de comunica\u00e7\u00e3o visual, que ministrar\u00e3o palestras sobre novas t\u00e9cnicas, inova\u00e7\u00e3o, gest\u00e3o de neg\u00f3cios, empreendedorismo e tend\u00eancias de mercado; e o Talks Future T\u00eaxtil ser\u00e1 dedicado a apresentar aos visitantes as diversas possibilidades e solu\u00e7\u00f5es que as t\u00e9cnicas de impress\u00e3o digital podem oferecer ao setor t\u00eaxtil.<\/p>\n\n\n\n<p>Al\u00e9m dos f\u00f3runs, a FuturePrint 2024 reserva dois espa\u00e7os exclusivos para serigrafia e sublima\u00e7\u00e3o. O Serigrafia em A\u00e7\u00e3o oferecer\u00e1 demonstra\u00e7\u00f5es pr\u00e1ticas de diversas t\u00e9cnicas e possibilidades dos processos de impress\u00e3o serigr\u00e1fica, contando com a participa\u00e7\u00e3o de empresas, estamparias e lojistas do mercado para destacar a versatilidade e as oportunidades nesse segmento, abrangendo tintas, insumos, t\u00e9cnicas de separa\u00e7\u00e3o de cores, pr\u00e9-impress\u00e3o e equipamentos. J\u00e1 o Sublima\u00e7\u00e3o em A\u00e7\u00e3o explorar\u00e1 todas as facetas da sublima\u00e7\u00e3o, desde aspectos de marketing e finan\u00e7as at\u00e9 estrat\u00e9gias de vendas, proporcionando valiosas informa\u00e7\u00f5es sobre essa arte, aplic\u00e1vel em diversos setores, como moda e brindes personalizados, por meio da experi\u00eancia de professores, influenciadores e palestrantes.<\/p>\n\n\n\n<p><strong>Lounge dos Embaixadores<\/strong><\/p>\n\n\n\n<p>A FuturePrint 2024 trar\u00e1 de volta uma atra\u00e7\u00e3o popular da edi\u00e7\u00e3o anterior, em 2023: o Lounge dos Embaixadores. Este espa\u00e7o exclusivo ser\u00e1 um ponto de encontro para a troca de experi\u00eancias entre os embaixadores da feira e os visitantes interessados em networking e conhecimento.<\/p>\n\n\n\n<p>O Lounge dos Embaixadores oferece um ambiente prop\u00edcio para networking com figuras proeminentes do segmento, proporcionando a oportunidade de interagir com influenciadores e estabelecer conex\u00f5es significativas com l\u00edderes de opini\u00e3o e especialistas do setor.<\/p>\n\n\n\n<p><strong>Tecnologia Sustent\u00e1vel<\/strong><\/p>\n\n\n\n<p>A Informa Markets, organizadora da FuturePrint, est\u00e1 comprometida com a sustentabilidade e promove um programa de metas para incorporar pr\u00e1ticas sustent\u00e1veis em todas as suas a\u00e7\u00f5es e incentivar os clientes a fazerem o mesmo.<\/p>\n\n\n\n<p>A nova edi\u00e7\u00e3o mantem o compromisso e as iniciativas da edi\u00e7\u00e3o anterior, como a reutiliza\u00e7\u00e3o de 80% dos carpetes, a ilumina\u00e7\u00e3o dos estandes com l\u00e2mpadas de LED, o incentivo aos expositores para a constru\u00e7\u00e3o de estandes sustent\u00e1veis, a disponibiliza\u00e7\u00e3o de diversos pontos de coleta seletiva de materiais org\u00e2nicos e recicl\u00e1veis e o apoio ao projeto &#8220;Quebrada Alimentada&#8221;, que distribui marmitas e alimentos para fam\u00edlias de baixa renda da Zona Norte de S\u00e3o Paulo, entre outras atividades.<\/p>\n\n\n\n<p><strong>Sobre a FuturePrint<\/strong><\/p>\n\n\n\n<p>Acompanhando a evolu\u00e7\u00e3o e integrando as solu\u00e7\u00f5es e tecnologias de impress\u00e3o nos mercados de serigrafia, comunica\u00e7\u00e3o visual e t\u00eaxtil, a FuturePrint reposicionou-se em 2019 com sua nova marca. A feira, anteriormente conhecida como Serigrafia SIGN FutureTEXTIL, agora tem um maior foco em pessoas, inova\u00e7\u00f5es e entrega de valor.<\/p>\n\n\n\n<p><strong>Servi\u00e7o<\/strong><\/p>\n\n\n\n<p>Local: Expo Center Norte \u2013 Rua Jos\u00e9 Bernardo Pinto, 333 \u2013 Vila Guilherme \u2013 S\u00e3o Paulo\/SP.<\/p>\n\n\n\n<p>Datas: 10 a 13 de julho de 2024. Quarta a sexta, das 13h \u00e0s 20h. S\u00e1bado, das 10h \u00e0s 17h.<\/p>\n\n\n\n<p>Ingressos: Gratuitos.<\/p>\n\n\n\n<p>Credenciamento (individual, para caravanas ou universidades):<\/p>\n\n\n\n<p><a href=\"https:\/\/www.feirafutureprint.com.br\/pt\/landing-pages\/inscricao.html\">https:\/\/www.feirafutureprint.com.br\/pt\/landing-pages\/inscricao.html<\/a><\/p>\n\n\n\n<p>Site: <a href=\"http:\/\/www.feirafutureprint.com.br\/\">www.feirafutureprint.com.br<\/a><\/p>\n","protected":false},"excerpt":{"rendered":"<p>A maior feira de tecnologia para comunica\u00e7\u00e3o visual, impress\u00e3o digital e serigrafia re\u00fane mais 280 expositores, com entrada gratuita. A 33\u00aa edi\u00e7\u00e3o da Feira FuturePrint, o principal evento da Am\u00e9rica Latina para os setores de serigrafia, sublima\u00e7\u00e3o, comunica\u00e7\u00e3o visual e impress\u00e3o digital t\u00eaxtil, acontecer\u00e1 em S\u00e3o Paulo, entre os dias 10 e 13 de julho, [&hellip;]<\/p>\n","protected":false},"author":2,"featured_media":1552,"comment_status":"open","ping_status":"open","sticky":false,"template":"","format":"standard","meta":{"footnotes":""},"categories":[1],"tags":[],"class_list":{"0":"post-1551","1":"post","2":"type-post","3":"status-publish","4":"format-standard","5":"has-post-thumbnail","7":"category-workshopsepalestras"},"_links":{"self":[{"href":"https:\/\/tveventos.tv.br\/index.php?rest_route=\/wp\/v2\/posts\/1551","targetHints":{"allow":["GET"]}}],"collection":[{"href":"https:\/\/tveventos.tv.br\/index.php?rest_route=\/wp\/v2\/posts"}],"about":[{"href":"https:\/\/tveventos.tv.br\/index.php?rest_route=\/wp\/v2\/types\/post"}],"author":[{"embeddable":true,"href":"https:\/\/tveventos.tv.br\/index.php?rest_route=\/wp\/v2\/users\/2"}],"replies":[{"embeddable":true,"href":"https:\/\/tveventos.tv.br\/index.php?rest_route=%2Fwp%2Fv2%2Fcomments&post=1551"}],"version-history":[{"count":1,"href":"https:\/\/tveventos.tv.br\/index.php?rest_route=\/wp\/v2\/posts\/1551\/revisions"}],"predecessor-version":[{"id":1553,"href":"https:\/\/tveventos.tv.br\/index.php?rest_route=\/wp\/v2\/posts\/1551\/revisions\/1553"}],"wp:featuredmedia":[{"embeddable":true,"href":"https:\/\/tveventos.tv.br\/index.php?rest_route=\/wp\/v2\/media\/1552"}],"wp:attachment":[{"href":"https:\/\/tveventos.tv.br\/index.php?rest_route=%2Fwp%2Fv2%2Fmedia&parent=1551"}],"wp:term":[{"taxonomy":"category","embeddable":true,"href":"https:\/\/tveventos.tv.br\/index.php?rest_route=%2Fwp%2Fv2%2Fcategories&post=1551"},{"taxonomy":"post_tag","embeddable":true,"href":"https:\/\/tveventos.tv.br\/index.php?rest_route=%2Fwp%2Fv2%2Ftags&post=1551"}],"curies":[{"name":"wp","href":"https:\/\/api.w.org\/{rel}","templated":true}]}}