{"id":1554,"date":"2024-05-08T16:44:40","date_gmt":"2024-05-08T19:44:40","guid":{"rendered":"https:\/\/tveventos.tv.br\/?p=1554"},"modified":"2024-05-08T16:44:43","modified_gmt":"2024-05-08T19:44:43","slug":"exposec-2024-credenciamento-imprensa","status":"publish","type":"post","link":"https:\/\/tveventos.tv.br\/?p=1554","title":{"rendered":"\u00a0EXPOSEC 2024 &#8211; Credenciamento Imprensa"},"content":{"rendered":"\n<p><em>4 a 6 de junho &#8211; S\u00e3o Paulo Expo &#8211; 13h \u00e0s 20h<\/em>.<\/p>\n\n\n\n<p>S\u00e3o Paulo, maio de 2024 &#8211; Est\u00e1 aberto o credenciamento online para jornalistas, assessores das marcas e influenciadores digitais que desejam fazer a cobertura da Exposec 2024 \u2013 25\u00aa Feira Internacional de Seguran\u00e7a. Organizada pela Fiera Milano Brasil em parceria com a ABESE &#8211; Associa\u00e7\u00e3o Brasileira das Empresas de Sistemas Eletr\u00f4nicos de Seguran\u00e7a, a feira re\u00fane, entre os dias 4 e 6 de junho, no S\u00e3o Paulo Expo, as mais recentes tecnologias em produtos e servi\u00e7os para o setor de seguran\u00e7a, atraindo compradores nacionais e internacionais de toda a cadeia produtiva, oferecendo o ambiente prop\u00edcio para a gera\u00e7\u00e3o de neg\u00f3cios.<br>&nbsp;<\/p>\n\n\n\n<p>O evento se tornou o principal ponto de encontro e de neg\u00f3cios e tem mobilizado o setor como palco de inova\u00e7\u00f5es e de debates sobre seguran\u00e7a. Os n\u00fameros positivos refor\u00e7am essa tend\u00eancia. De acordo com a ABESE, o setor de seguran\u00e7a eletr\u00f4nica faturou R$12 bilh\u00f5es em 2023, indicando um crescimento de 13,75% em rela\u00e7\u00e3o a 2022. Para 2024, a ABESE prev\u00ea alta de 18,5%, com projetos de intelig\u00eancia artificial e automa\u00e7\u00e3o.<br>&nbsp;<\/p>\n\n\n\n<p>Fa\u00e7a seu credenciamento antecipado pelo <a href=\"https:\/\/easyexpo.com.br\/v3\/exposec\/24\/indimpr\">Link<br><\/a>&nbsp;&nbsp;<\/p>\n\n\n\n<p><strong>Sobre a Fiera Milano Brasil<\/strong><\/p>\n\n\n\n<p>A Fiera Milano Brasil \u00e9 a filial brasileira da Fiera Milano, um dos maiores players de feiras e congressos do mundo que a cada ano atraem aproximadamente 30 mil expositores e mais de cinco milh\u00f5es de visitantes. No Brasil, s\u00e3o realizadas nove feiras que representam os mais diversos segmentos da economia, como seguran\u00e7a, energias limpas e renov\u00e1veis, tubos e conex\u00f5es, cabos, sa\u00fade no trabalho, tecnologias em reabilita\u00e7\u00e3o, inclus\u00e3o e acessibilidade, entre outras. Entre as principais marcas do portf\u00f3lio est\u00e3o Exposec, Fisp, Fire Show, Congresso Ecoenergy, Fruit Attraction S\u00e3o Paulo, em parceria com IFEMA Madrid, Reatech, Tubotech, wire Brasil e Esquadria Show, em parceria com N\u00fcrnbergMesse Brasil. Mais informa\u00e7\u00f5es acesse <a href=\"https:\/\/www.fieramilanobrasil.com.br\/\">aqui<\/a>&nbsp;<\/p>\n","protected":false},"excerpt":{"rendered":"<p>4 a 6 de junho &#8211; S\u00e3o Paulo Expo &#8211; 13h \u00e0s 20h. S\u00e3o Paulo, maio de 2024 &#8211; Est\u00e1 aberto o credenciamento online para jornalistas, assessores das marcas e influenciadores digitais que desejam fazer a cobertura da Exposec 2024 \u2013 25\u00aa Feira Internacional de Seguran\u00e7a. Organizada pela Fiera Milano Brasil em parceria com a [&hellip;]<\/p>\n","protected":false},"author":2,"featured_media":1555,"comment_status":"open","ping_status":"open","sticky":false,"template":"","format":"standard","meta":{"footnotes":""},"categories":[1],"tags":[],"class_list":{"0":"post-1554","1":"post","2":"type-post","3":"status-publish","4":"format-standard","5":"has-post-thumbnail","7":"category-workshopsepalestras"},"_links":{"self":[{"href":"https:\/\/tveventos.tv.br\/index.php?rest_route=\/wp\/v2\/posts\/1554","targetHints":{"allow":["GET"]}}],"collection":[{"href":"https:\/\/tveventos.tv.br\/index.php?rest_route=\/wp\/v2\/posts"}],"about":[{"href":"https:\/\/tveventos.tv.br\/index.php?rest_route=\/wp\/v2\/types\/post"}],"author":[{"embeddable":true,"href":"https:\/\/tveventos.tv.br\/index.php?rest_route=\/wp\/v2\/users\/2"}],"replies":[{"embeddable":true,"href":"https:\/\/tveventos.tv.br\/index.php?rest_route=%2Fwp%2Fv2%2Fcomments&post=1554"}],"version-history":[{"count":1,"href":"https:\/\/tveventos.tv.br\/index.php?rest_route=\/wp\/v2\/posts\/1554\/revisions"}],"predecessor-version":[{"id":1556,"href":"https:\/\/tveventos.tv.br\/index.php?rest_route=\/wp\/v2\/posts\/1554\/revisions\/1556"}],"wp:featuredmedia":[{"embeddable":true,"href":"https:\/\/tveventos.tv.br\/index.php?rest_route=\/wp\/v2\/media\/1555"}],"wp:attachment":[{"href":"https:\/\/tveventos.tv.br\/index.php?rest_route=%2Fwp%2Fv2%2Fmedia&parent=1554"}],"wp:term":[{"taxonomy":"category","embeddable":true,"href":"https:\/\/tveventos.tv.br\/index.php?rest_route=%2Fwp%2Fv2%2Fcategories&post=1554"},{"taxonomy":"post_tag","embeddable":true,"href":"https:\/\/tveventos.tv.br\/index.php?rest_route=%2Fwp%2Fv2%2Ftags&post=1554"}],"curies":[{"name":"wp","href":"https:\/\/api.w.org\/{rel}","templated":true}]}}