{"id":1903,"date":"2024-05-10T17:36:41","date_gmt":"2024-05-10T20:36:41","guid":{"rendered":"https:\/\/tveventos.tv.br\/?p=1903"},"modified":"2024-05-10T17:40:33","modified_gmt":"2024-05-10T20:40:33","slug":"sonia-simoes-colombo-ceo-humus-educacao","status":"publish","type":"post","link":"https:\/\/tveventos.tv.br\/?p=1903","title":{"rendered":"Sonia Sim\u00f5es Colombo, CEO HUMUS Educa\u00e7\u00e3o."},"content":{"rendered":"\n<p><\/p>\n\n\n\n<p>Sonia Sim\u00f5es Colombo, CEO na HUMUS Educa\u00e7\u00e3o e Head de Conte\u00fado do GEduc, psic\u00f3loga, com especializa\u00e7\u00e3o em Administra\u00e7\u00e3o de Empresas, com forma\u00e7\u00f5es em gest\u00e3o educacional na Finl\u00e2ndia, Inglaterra, USA, Portugal, Espanha e Chile, vai partilhar conosco a sua trajet\u00f3ria inspiradora no ramo da educa\u00e7\u00e3o e compartilhar dicas valiosas e ressaltar como os estudos moldam o car\u00e1ter e inspiram as pessoas a sonhar.<\/p>\n\n\n\n<p>Quando mais nova, sua m\u00e3e a levava para a escola onde trabalhava e, enquanto esperava o hor\u00e1rio do in\u00edcio das suas aulas, ela aproveitava para estimular Sonia a ficar na biblioteca, folheando os livros, pois sempre dizia que aquele espa\u00e7o era o melhor lugar do mundo para se ficar.<\/p>\n\n\n\n<p>\u201cLuiza, minha m\u00e3e, era inspetora de alunos e abria a escola, portanto t\u00ednhamos que chegar muito cedo. Como ela tinha v\u00e1rias atividades para realizar, eu n\u00e3o podia atrapalh\u00e1-la e permanecia quietinha na Biblioteca olhando os livros e revistas do local.\u201d diz, Sonia.<\/p>\n\n\n\n<p>Sua m\u00e3e era muito simples e com poucos estudos, por\u00e9m, por trabalhar na escola, sabia da relev\u00e2ncia da educa\u00e7\u00e3o e a sua import\u00e2ncia para formar bons cidad\u00e3os. Incentivo esse que n\u00e3o foi apenas para Sonia, mas tamb\u00e9m para suas duas irm\u00e3s mais velhas, onde enfatiza a valoriza\u00e7\u00e3o dos estudos. \u201cDesta maneira, eu fui crescendo, convivendo com o mundo dos livros e interagindo com muitas professoras da escola. Esta influ\u00eancia inicial me incentivou a atuar com o segmento educacional.\u201d comentou.<\/p>\n\n\n\n<p>Com certeza esta paix\u00e3o renderia bons resultados e o fruto disto s\u00e3o os 6 livros sobre gest\u00e3o educacional, tais como:<\/p>\n\n\n\n<ol class=\"wp-block-list\">\n<li>Escolas de Sucesso<\/li>\n\n\n\n<li>Gest\u00e3o Educacional: uma nova vis\u00e3o<\/li>\n\n\n\n<li>Nos Bastidores da Educa\u00e7\u00e3o Brasileira: a gest\u00e3o vista por dentro<\/li>\n\n\n\n<li>Desafios da gest\u00e3o universit\u00e1ria contempor\u00e2nea<\/li>\n\n\n\n<li>Gest\u00e3o universit\u00e1rias: os caminhos para a excel\u00eancia<\/li>\n\n\n\n<li>Marketing educacional em a\u00e7\u00e3o<\/li>\n<\/ol>\n\n\n\n<p>Quando questionado sobre os desafios da \u00e1rea e como se tornou CEO, Sonia comentou que iniciou como estagi\u00e1ria de Psicologia em uma empresa multinacional e, ap\u00f3s forma\u00e7\u00e3o, trabalhou em Recrutamento\/Sele\u00e7\u00e3o e Treinamento\/Desenvolvimento, sendo esta \u00faltima sua prefer\u00eancia. Teve uma evolu\u00e7\u00e3o significativa de assistente \u00e0 gerente de Recursos Humanos.<\/p>\n\n\n\n<p>Insatisfeita com a cultura organizacional de onde trabalhava, deixou o cargo de Gerente de RH e fundou sua pr\u00f3pria empresa de consultoria e, com base no seu bom relacionamento com os diretores da sua antiga empresa, ofertaram um ano de contrato para prestar consultoria a eles, iniciando assim na carreira de empreendedora. Em paralelo com a HUMUS, continuou como professora de Gradua\u00e7\u00e3o e P\u00f3s-Gradua\u00e7\u00e3o em cursos de Psicologia e Administra\u00e7\u00e3o de Empresas, o que facilitou o desenvolvimento das suas pesquisas que culminaram nas obras citadas acima.<\/p>\n\n\n\n<p>Com base nesse conjunto, tornou-se CEO da HUMUS e atualmente \u00e9 Head de conte\u00fados do GEduc \u2013 um grande congresso de gest\u00e3o educacional voltado para l\u00edderes de escolas e universidades. Sobre suas dificuldades na \u00e1rea da educa\u00e7\u00e3o, n\u00e3o teve problemas, sempre foi bem acolhida por seus l\u00edderes e respeitada.<\/p>\n\n\n\n<p>Sonia Sim\u00f5es Colombo deixou um conselho valioso para o sucesso, \u201cPara alcan\u00e7ar o sucesso profissional precisamos ter foco, dedica\u00e7\u00e3o e muita persist\u00eancia.\u201d e ressaltou que ao longo do caminho encontramos v\u00e1rios obst\u00e1culos que precisam ser enfrentados, \u201c\u00c9 fundamental desenvolvermos a resili\u00eancia e n\u00e3o desistir, oportunidades sempre existir\u00e3o e se estivermos preparados, com certeza, \u00f3timos resultados ser\u00e3o alcan\u00e7ados.\u201d respondeu Sonia, encerrando nossa entrevista.<\/p>\n\n\n\n<p><strong>Sobre GEduc<\/strong><\/p>\n\n\n\n<p>Reconhecido nacionalmente como o principal congresso de gest\u00e3o educacional do Brasil, desde a sua 1\u00aa edi\u00e7\u00e3o, em 2003, o GEduc re\u00fane os mais relevantes players da \u00e1rea para tr\u00eas dias de imers\u00e3o que envolvem conte\u00fados de alto n\u00edvel.<\/p>\n\n\n\n<p><strong>Sobre HUMUS<\/strong><\/p>\n\n\n\n<p>A HUMUS \u00e9 uma empresa que realiza capacita\u00e7\u00f5es para gestores de universidades e escolas, al\u00e9m de possuir solu\u00e7\u00f5es em consultoria e sele\u00e7\u00e3o de profissionais \u2013 servi\u00e7os tamb\u00e9m exclusivos para o segmento educacional.<\/p>\n\n\n\n<p>Texto por: Vit\u00f3ria Rocha.<\/p>\n","protected":false},"excerpt":{"rendered":"<p>Sonia Sim\u00f5es Colombo, CEO na HUMUS Educa\u00e7\u00e3o e Head de Conte\u00fado do GEduc, psic\u00f3loga, com especializa\u00e7\u00e3o em Administra\u00e7\u00e3o de Empresas, com forma\u00e7\u00f5es em gest\u00e3o educacional na Finl\u00e2ndia, Inglaterra, USA, Portugal, Espanha e Chile, vai partilhar conosco a sua trajet\u00f3ria inspiradora no ramo da educa\u00e7\u00e3o e compartilhar dicas valiosas e ressaltar como os estudos moldam o [&hellip;]<\/p>\n","protected":false},"author":2,"featured_media":1907,"comment_status":"open","ping_status":"open","sticky":false,"template":"","format":"standard","meta":{"footnotes":""},"categories":[24],"tags":[],"class_list":{"0":"post-1903","1":"post","2":"type-post","3":"status-publish","4":"format-standard","5":"has-post-thumbnail","7":"category-perfis"},"_links":{"self":[{"href":"https:\/\/tveventos.tv.br\/index.php?rest_route=\/wp\/v2\/posts\/1903","targetHints":{"allow":["GET"]}}],"collection":[{"href":"https:\/\/tveventos.tv.br\/index.php?rest_route=\/wp\/v2\/posts"}],"about":[{"href":"https:\/\/tveventos.tv.br\/index.php?rest_route=\/wp\/v2\/types\/post"}],"author":[{"embeddable":true,"href":"https:\/\/tveventos.tv.br\/index.php?rest_route=\/wp\/v2\/users\/2"}],"replies":[{"embeddable":true,"href":"https:\/\/tveventos.tv.br\/index.php?rest_route=%2Fwp%2Fv2%2Fcomments&post=1903"}],"version-history":[{"count":2,"href":"https:\/\/tveventos.tv.br\/index.php?rest_route=\/wp\/v2\/posts\/1903\/revisions"}],"predecessor-version":[{"id":1906,"href":"https:\/\/tveventos.tv.br\/index.php?rest_route=\/wp\/v2\/posts\/1903\/revisions\/1906"}],"wp:featuredmedia":[{"embeddable":true,"href":"https:\/\/tveventos.tv.br\/index.php?rest_route=\/wp\/v2\/media\/1907"}],"wp:attachment":[{"href":"https:\/\/tveventos.tv.br\/index.php?rest_route=%2Fwp%2Fv2%2Fmedia&parent=1903"}],"wp:term":[{"taxonomy":"category","embeddable":true,"href":"https:\/\/tveventos.tv.br\/index.php?rest_route=%2Fwp%2Fv2%2Fcategories&post=1903"},{"taxonomy":"post_tag","embeddable":true,"href":"https:\/\/tveventos.tv.br\/index.php?rest_route=%2Fwp%2Fv2%2Ftags&post=1903"}],"curies":[{"name":"wp","href":"https:\/\/api.w.org\/{rel}","templated":true}]}}