{"id":1909,"date":"2024-05-13T15:22:16","date_gmt":"2024-05-13T18:22:16","guid":{"rendered":"https:\/\/tveventos.tv.br\/?p=1909"},"modified":"2024-05-13T15:22:19","modified_gmt":"2024-05-13T18:22:19","slug":"tecnocarne-credenciamento-imprensa","status":"publish","type":"post","link":"https:\/\/tveventos.tv.br\/?p=1909","title":{"rendered":"TECNOCARNE &#8211; CREDENCIAMENTO IMPRENSA"},"content":{"rendered":"\n<p class=\"has-text-align-center\">18 a 21 de junho &#8211; S\u00e3o Paulo Expo<\/p>\n\n\n\n<p>Est\u00e1 aberto o credenciamento online para jornalistas, assessores das marcas e influenciadores digitais que desejam fazer a cobertura da 17\u00aa edi\u00e7\u00e3o da <a href=\"https:\/\/www.tecnocarne.com.br\/pt\/home.html\" target=\"_blank\" rel=\"noreferrer noopener\"><u>TecnoCarne<\/u><\/a><strong>,\u00a0<\/strong>um dos principais eventos do setor de prote\u00edna animal do pa\u00eds.Organizada e promovida pela Informa Markets, a feira acontece simultaneamente \u00e0\u00a0<a href=\"https:\/\/www.fispaltecnologia.com.br\/pt\/home.html\" target=\"_blank\" rel=\"noreferrer noopener\"><u>Fispal Tecnologia<\/u><\/a>, entre os dias 18 e 21 de junho, no S\u00e3o Paulo Expo.<br>\u00a0\u2005\u2003\u2006\u200b\u200a\u200b<\/p>\n\n\n\n<p>S\u00e3o esperados mais de 450 marcas expositoras para ambas as feiras, e 44 mil visitantes, entre frigor\u00edficos, casas de carnes e a\u00e7ougues. O objetivo \u00e9 reunir, em um s\u00f3 lugar, inova\u00e7\u00f5es, tecnologias e tend\u00eancias que moldam o futuro da ind\u00fastria.<br>&nbsp;\u2005\u2003\u2006\u200b\u200a\u200b<\/p>\n\n\n\n<p>Fa\u00e7a seu credenciamento antecipado pelo&nbsp;<a href=\"https:\/\/regtronweb.com.br\/informa\/imprensa\/login.php?ev=TECNOCARNE24&amp;l=pt\" target=\"_blank\" rel=\"noreferrer noopener\"><u>Link<\/u><\/a><br>&nbsp;\u2005\u2003\u2006\u200b\u200a\u200b<\/p>\n\n\n\n<p>Seu pedido ser\u00e1 analisado pela 2PR\u00d3 Comunica\u00e7\u00e3o, assessoria de imprensa oficial do evento, que levar\u00e1 em considera\u00e7\u00e3o crit\u00e9rios como linha editorial, audi\u00eancia, engajamento e relev\u00e2ncia.<br>&nbsp;\u2005\u2003\u2006\u200b\u200a\u200b<\/p>\n\n\n\n<p>Em caso de d\u00favida, entre em contato com a equipe da 2PR\u00d3 pelo e-mail:&nbsp;<a href=\"mailto:teresa.silva@2pro.com.br\" target=\"_blank\" rel=\"noreferrer noopener\">teresa.silva@2pro.com.br<\/a>&nbsp;ou pelo telefone 11-3030-9463.<\/p>\n\n\n\n<p><strong>Servi\u00e7o:<\/strong><\/p>\n\n\n\n<p><strong>TecnoCarne<\/strong><\/p>\n\n\n\n<p>Data: 18 a 21 de junho de 2024<\/p>\n\n\n\n<p>Hor\u00e1rios: Ter\u00e7a a quinta-feira: 13h \u00e0s 20h. Sexta-feira: 13h \u00e0s 18h<\/p>\n\n\n\n<p>Local: S\u00e3o Paulo Expo Exhibition &amp; Convention Center<\/p>\n\n\n\n<p><br><strong>Sobre a Fispal Tecnologia &amp; TecnoCarne<\/strong><\/p>\n\n\n\n<p>A Fispal Tecnologia e a TecnoCarne s\u00e3o a principal plataforma de conex\u00e3o entre as ind\u00fastrias de alimentos, bebidas e prote\u00ednas. Por meio do evento f\u00edsico, que acontece no S\u00e3o Paulo Expo, e da plataforma digital, as duas oferecem networking, conte\u00fado e oportunidades de neg\u00f3cios aos profissionais do setor durante os 365 dias do ano.<\/p>\n\n\n\n<p><strong>Sobre a Informa Markets\u202f<\/strong>&nbsp;<\/p>\n\n\n\n<p>A Informa Markets cria plataformas para ind\u00fastrias e mercados especializados em fazer neg\u00f3cios, inovar e crescer. Seu portf\u00f3lio global \u00e9 composto por mais de 550 eventos e marcas internacionais, sendo mais de 30 no Brasil, em mercados como Ind\u00fastria, Sa\u00fade e Nutri\u00e7\u00e3o, Infraestrutura, Constru\u00e7\u00e3o, Alimentos e Bebidas, Agroneg\u00f3cio, Tecnologia e Telecom, entre outros. Oferecendo aos clientes e parceiros em todo o mundo oportunidades de networking, de viver experi\u00eancias e de fazer neg\u00f3cios por meio de feiras e eventos h\u00edbridos, conte\u00fado digital especializado e solu\u00e7\u00f5es de intelig\u00eancia de mercado, a Informa Markets segue construindo uma jornada de relacionamento e neg\u00f3cios entre empresas e mercados 365 dias por ano.&nbsp;Para mais informa\u00e7\u00f5es, visite o&nbsp;<a href=\"https:\/\/www.informamarkets.com.br\/\" target=\"_blank\" rel=\"noreferrer noopener\">site<\/a>&nbsp;ou entre em contato pelo e-mail&nbsp;<a href=\"mailto:institucional@informa.com\" target=\"_blank\" rel=\"noreferrer noopener\">institucional@informa.com<\/a>.<\/p>\n","protected":false},"excerpt":{"rendered":"<p>18 a 21 de junho &#8211; S\u00e3o Paulo Expo Est\u00e1 aberto o credenciamento online para jornalistas, assessores das marcas e influenciadores digitais que desejam fazer a cobertura da 17\u00aa edi\u00e7\u00e3o da TecnoCarne,\u00a0um dos principais eventos do setor de prote\u00edna animal do pa\u00eds.Organizada e promovida pela Informa Markets, a feira acontece simultaneamente \u00e0\u00a0Fispal Tecnologia, entre os [&hellip;]<\/p>\n","protected":false},"author":2,"featured_media":1911,"comment_status":"open","ping_status":"open","sticky":false,"template":"","format":"standard","meta":{"footnotes":""},"categories":[23],"tags":[],"class_list":{"0":"post-1909","1":"post","2":"type-post","3":"status-publish","4":"format-standard","5":"has-post-thumbnail","7":"category-feirasdenegocios"},"_links":{"self":[{"href":"https:\/\/tveventos.tv.br\/index.php?rest_route=\/wp\/v2\/posts\/1909","targetHints":{"allow":["GET"]}}],"collection":[{"href":"https:\/\/tveventos.tv.br\/index.php?rest_route=\/wp\/v2\/posts"}],"about":[{"href":"https:\/\/tveventos.tv.br\/index.php?rest_route=\/wp\/v2\/types\/post"}],"author":[{"embeddable":true,"href":"https:\/\/tveventos.tv.br\/index.php?rest_route=\/wp\/v2\/users\/2"}],"replies":[{"embeddable":true,"href":"https:\/\/tveventos.tv.br\/index.php?rest_route=%2Fwp%2Fv2%2Fcomments&post=1909"}],"version-history":[{"count":1,"href":"https:\/\/tveventos.tv.br\/index.php?rest_route=\/wp\/v2\/posts\/1909\/revisions"}],"predecessor-version":[{"id":1912,"href":"https:\/\/tveventos.tv.br\/index.php?rest_route=\/wp\/v2\/posts\/1909\/revisions\/1912"}],"wp:featuredmedia":[{"embeddable":true,"href":"https:\/\/tveventos.tv.br\/index.php?rest_route=\/wp\/v2\/media\/1911"}],"wp:attachment":[{"href":"https:\/\/tveventos.tv.br\/index.php?rest_route=%2Fwp%2Fv2%2Fmedia&parent=1909"}],"wp:term":[{"taxonomy":"category","embeddable":true,"href":"https:\/\/tveventos.tv.br\/index.php?rest_route=%2Fwp%2Fv2%2Fcategories&post=1909"},{"taxonomy":"post_tag","embeddable":true,"href":"https:\/\/tveventos.tv.br\/index.php?rest_route=%2Fwp%2Fv2%2Ftags&post=1909"}],"curies":[{"name":"wp","href":"https:\/\/api.w.org\/{rel}","templated":true}]}}