{"id":1913,"date":"2024-05-13T15:54:26","date_gmt":"2024-05-13T18:54:26","guid":{"rendered":"https:\/\/tveventos.tv.br\/?p=1913"},"modified":"2024-05-13T15:54:29","modified_gmt":"2024-05-13T18:54:29","slug":"fce-pharma-e-fce-cosmetique-2024-terao-maior-edicao-da-historia","status":"publish","type":"post","link":"https:\/\/tveventos.tv.br\/?p=1913","title":{"rendered":"FCE Pharma e FCE Cosmetique 2024 ter\u00e3o maior edi\u00e7\u00e3o da hist\u00f3ria"},"content":{"rendered":"\n<p class=\"has-text-align-center\"><em>Em 27 edi\u00e7\u00f5es do evento, esta ser\u00e1 a maior edi\u00e7\u00e3o em \u00e1rea e em n\u00famero de expositores. Todos os espa\u00e7os foram comercializados. &#8220;Se tiv\u00e9ssemos mais \u00e1rea, tamb\u00e9m ter\u00edamos vendido&#8221;, disse Nadja Bento, Diretora do n\u00facleo lifescience da N\u00fcrnbergMesse Brasil<\/em><\/p>\n\n\n\n<p>As edi\u00e7\u00f5es de 2024 da FCE Pharma e FCE Cosmetique est\u00e3o confirmadas entre os dias 4 e 6 de junho no S\u00e3o Paulo Expo, na capital paulista, e ser\u00e3o as maiores da hist\u00f3ria do evento, realizado h\u00e1 27 anos. Ao todo, as duas feiras v\u00e3o ocupar uma \u00e1rea de 40 mil metros quadrados, uma \u00e1rea recorde. Apenas no in\u00edcio dos anos 2000, os dois eventos chegaram a ocupar uma \u00e1rea t\u00e3o grande.<\/p>\n\n\n\n<p>Com mais de 600 marcas confirmadas, os dois eventos &#8211; que acontecem simultaneamente &#8211; foram totalmente comercializados. \u201cSe tiv\u00e9ssemos mais espa\u00e7o tamb\u00e9m ter\u00edamos vendido porque a FCE Pharma \u00e9 o \u00fanico e o maior evento da Am\u00e9rica Latina da ind\u00fastria farmac\u00eautica, tornou-se um shopping de solu\u00e7\u00f5es para o setor, trazendo as novidades, lan\u00e7amentos e tend\u00eancias. Os profissionais da ind\u00fastria comparecem em peso a fim de se atualizarem, fechar neg\u00f3cios e fazer network\u201d, disse Nadja Bento, Diretora do n\u00facleo lifescience da N\u00fcrnbergMesse Brasil, organizadora dos dois eventos.<\/p>\n\n\n\n<p>J\u00e1 a FCE Cosmetique \u00e9 hoje o \u00fanico evento do setor que contempla toda a cadeia de produ\u00e7\u00e3o e re\u00fane em um s\u00f3 lugar os l\u00edderes de mercado e os pequenos fabricantes, grandes impulsionadores de inova\u00e7\u00f5es na \u00e1rea de sa\u00fade e beleza. Para os dois eventos, o p\u00fablico esperado \u00e9 de mais de 21 mil pessoas.<\/p>\n\n\n\n<p><strong>SERVI\u00c7O<\/strong><\/p>\n\n\n\n<p><strong>FCE Pharma e FCE Cosmetique<\/strong><\/p>\n\n\n\n<p>Dia: 04 a 06 de junho<\/p>\n\n\n\n<p>Hor\u00e1rio: 11h \u00e0s 19h<\/p>\n\n\n\n<p>Local: S\u00e3o Paulo Expo &#8211; Rodovia dos Imigrantes, 1,5 km &#8211; S\u00e3o Paulo &#8211; SP<\/p>\n\n\n\n<p><strong>Entrada gratuita.<\/strong><\/p>\n","protected":false},"excerpt":{"rendered":"<p>Em 27 edi\u00e7\u00f5es do evento, esta ser\u00e1 a maior edi\u00e7\u00e3o em \u00e1rea e em n\u00famero de expositores. Todos os espa\u00e7os foram comercializados. &#8220;Se tiv\u00e9ssemos mais \u00e1rea, tamb\u00e9m ter\u00edamos vendido&#8221;, disse Nadja Bento, Diretora do n\u00facleo lifescience da N\u00fcrnbergMesse Brasil As edi\u00e7\u00f5es de 2024 da FCE Pharma e FCE Cosmetique est\u00e3o confirmadas entre os dias 4 [&hellip;]<\/p>\n","protected":false},"author":2,"featured_media":1914,"comment_status":"open","ping_status":"open","sticky":false,"template":"","format":"standard","meta":{"footnotes":""},"categories":[23],"tags":[],"class_list":{"0":"post-1913","1":"post","2":"type-post","3":"status-publish","4":"format-standard","5":"has-post-thumbnail","7":"category-feirasdenegocios"},"_links":{"self":[{"href":"https:\/\/tveventos.tv.br\/index.php?rest_route=\/wp\/v2\/posts\/1913","targetHints":{"allow":["GET"]}}],"collection":[{"href":"https:\/\/tveventos.tv.br\/index.php?rest_route=\/wp\/v2\/posts"}],"about":[{"href":"https:\/\/tveventos.tv.br\/index.php?rest_route=\/wp\/v2\/types\/post"}],"author":[{"embeddable":true,"href":"https:\/\/tveventos.tv.br\/index.php?rest_route=\/wp\/v2\/users\/2"}],"replies":[{"embeddable":true,"href":"https:\/\/tveventos.tv.br\/index.php?rest_route=%2Fwp%2Fv2%2Fcomments&post=1913"}],"version-history":[{"count":1,"href":"https:\/\/tveventos.tv.br\/index.php?rest_route=\/wp\/v2\/posts\/1913\/revisions"}],"predecessor-version":[{"id":1915,"href":"https:\/\/tveventos.tv.br\/index.php?rest_route=\/wp\/v2\/posts\/1913\/revisions\/1915"}],"wp:featuredmedia":[{"embeddable":true,"href":"https:\/\/tveventos.tv.br\/index.php?rest_route=\/wp\/v2\/media\/1914"}],"wp:attachment":[{"href":"https:\/\/tveventos.tv.br\/index.php?rest_route=%2Fwp%2Fv2%2Fmedia&parent=1913"}],"wp:term":[{"taxonomy":"category","embeddable":true,"href":"https:\/\/tveventos.tv.br\/index.php?rest_route=%2Fwp%2Fv2%2Fcategories&post=1913"},{"taxonomy":"post_tag","embeddable":true,"href":"https:\/\/tveventos.tv.br\/index.php?rest_route=%2Fwp%2Fv2%2Ftags&post=1913"}],"curies":[{"name":"wp","href":"https:\/\/api.w.org\/{rel}","templated":true}]}}