{"id":1919,"date":"2024-05-13T16:04:38","date_gmt":"2024-05-13T19:04:38","guid":{"rendered":"https:\/\/tveventos.tv.br\/?p=1919"},"modified":"2024-05-13T16:04:40","modified_gmt":"2024-05-13T19:04:40","slug":"frotas-conectadas-2024-da-inteligencia-artificial-aos-veiculos-autonomos","status":"publish","type":"post","link":"https:\/\/tveventos.tv.br\/?p=1919","title":{"rendered":"Frotas\u00a0Conectadas\u00a02024: da intelig\u00eancia artificial aos ve\u00edculos aut\u00f4nomos"},"content":{"rendered":"\n<p class=\"has-text-align-center\">Reunindo os maiores especialistas e executivos dos setores de Log\u00edstica, Transporte e Tecnologia em dois dias de intensa atividade<\/p>\n\n\n\n<p>O evento&nbsp;<strong>Frotas&nbsp;Conectadas&nbsp;2024<\/strong>&nbsp;est\u00e1 se preparando para oferecer dois dias de intensa atividade (21 e 22 de maio), quando os maiores especialistas e executivos dos setores de log\u00edstica, transporte e tecnologia se reunir\u00e3o para discutir os temas mais prementes e inovadores que moldam o futuro das&nbsp;frotas&nbsp;comerciais.<\/p>\n\n\n\n<p>Este ano, os debates estar\u00e3o focados em uma ampla gama de t\u00f3picos essenciais, abrangendo desde o papel da intelig\u00eancia artificial at\u00e9 a revolu\u00e7\u00e3o iminente dos ve\u00edculos aut\u00f4nomos. Os temas que ser\u00e3o debatidos incluem:<\/p>\n\n\n\n<ol class=\"wp-block-list\">\n<li><strong>Intelig\u00eancia Artificial e Machine Learning no Gerenciamento de\u00a0Frotas<\/strong>: como as tecnologias emergentes est\u00e3o capacitando as\u00a0frotas\u00a0a tomar decis\u00f5es mais inteligentes e eficientes, aumentando a seguran\u00e7a e reduzindo custos.<\/li>\n\n\n\n<li><strong>Conectividade e IoT (Internet das Coisas) em Ve\u00edculos Comerciais:<\/strong>\u00a0explorando o potencial da conectividade para otimizar a manuten\u00e7\u00e3o, rastreamento e gest\u00e3o de\u00a0frotas\u00a0em tempo real.<\/li>\n\n\n\n<li><strong>Ve\u00edculos Aut\u00f4nomos e o Futuro da Log\u00edstica<\/strong>: as implica\u00e7\u00f5es dos ve\u00edculos aut\u00f4nomos na cadeia de suprimentos e na log\u00edstica urbana, e como as empresas podem se preparar para essa revolu\u00e7\u00e3o iminente.<\/li>\n\n\n\n<li><strong>Seguran\u00e7a Cibern\u00e9tica em Ve\u00edculos Conectados:<\/strong>\u00a0abordando os desafios e solu\u00e7\u00f5es para proteger as\u00a0frotas\u00a0e os dados sens\u00edveis contra amea\u00e7as cibern\u00e9ticas em um mundo cada vez mais digitalizado.<\/li>\n\n\n\n<li><strong>Sustentabilidade e Efici\u00eancia Energ\u00e9tica:<\/strong>\u00a0explorando as tecnologias e pr\u00e1ticas inovadoras que est\u00e3o ajudando as\u00a0frotas\u00a0a reduzir sua pegada ambiental e se tornarem mais sustent\u00e1veis em suas opera\u00e7\u00f5es.<\/li>\n\n\n\n<li><strong>Big Data e An\u00e1lise Preditiva na Gest\u00e3o de\u00a0Frotas:<\/strong>\u00a0como as an\u00e1lises avan\u00e7adas de dados est\u00e3o sendo usadas para prever tend\u00eancias de manuten\u00e7\u00e3o, demanda de transporte e otimiza\u00e7\u00e3o de rotas.<\/li>\n\n\n\n<li><strong>Eletromobilidade e Ve\u00edculos El\u00e9tricos Comerciais:<\/strong>\u00a0explorando os avan\u00e7os em ve\u00edculos el\u00e9tricos e como eles est\u00e3o sendo integrados \u00e0s\u00a0frotas\u00a0comerciais para reduzir custos operacionais e impacto ambiental.<\/li>\n\n\n\n<li><strong>Realidade Aumentada e Virtual na Manuten\u00e7\u00e3o de Ve\u00edculos:<\/strong>\u00a0como a realidade aumentada e virtual est\u00e3o sendo utilizadas para simplificar processos de manuten\u00e7\u00e3o, treinamento de pessoal e resolu\u00e7\u00e3o de problemas em tempo real.<\/li>\n\n\n\n<li><strong>Novos Modelos de Neg\u00f3cios para Opera\u00e7\u00f5es de Log\u00edstica e Transporte mais \u2018Asset Light\u2019<\/strong>: como a utiliza\u00e7\u00e3o de modelos como \u201cloca\u00e7\u00e3o\u201d e \u201cve\u00edculos por Assinatura\u201d est\u00e3o transformando a forma como as\u00a0frotas\u00a0s\u00e3o adquiridas, gerenciadas e mantidas, proporcionando maior flexibilidade e efici\u00eancia operacional.<\/li>\n\n\n\n<li><strong>Infraestrutura Inovadora para Abastecimento de\u00a0Frotas:<\/strong>\u00a0considerando ve\u00edculos el\u00e9tricos e movidos \u00e0 hidrog\u00eanio, explorando as solu\u00e7\u00f5es e desafios na constru\u00e7\u00e3o de uma infraestrutura robusta e sustent\u00e1vel para o abastecimento de\u00a0frotas\u00a0comerciais do futuro.<\/li>\n\n\n\n<li><strong>5G e Comunica\u00e7\u00e3o Ve\u00edculo-Ve\u00edculo (V2V) e Ve\u00edculo-Infraestrutura (V2I<\/strong>): explorando o potencial do 5G para melhorar a comunica\u00e7\u00e3o entre ve\u00edculos, infraestrutura e sistemas de gerenciamento de tr\u00e1fego, aumentando a seguran\u00e7a e efici\u00eancia nas estradas.<\/li>\n<\/ol>\n\n\n\n<p>O&nbsp;<strong>Frotas&nbsp;Conectadas&nbsp;2024<\/strong>&nbsp;oferecer\u00e1 uma plataforma \u00fanica para colabora\u00e7\u00e3o, aprendizado e networking, com um showcase abrangente de produtos e servi\u00e7os aplicados a&nbsp;frotas, ocupando um espa\u00e7o de exposi\u00e7\u00e3o de 4.000 m\u00b2 \u2013 no Transam\u00e9rica Expo, na zona sul de S\u00e3o Paulo, SP<\/p>\n\n\n\n<p>Para mais informa\u00e7\u00f5es sobre o\u00a0<strong>Frotas\u00a0Conectadas\u00a02024<\/strong>, visite\u00a0\u00a0<a href=\"https:\/\/click.presskit.com.br\/url\/1004103c3ae\/223594440f3\" target=\"_blank\" rel=\"noreferrer noopener\">FROTAS\u00a0CONECTADAS<\/a>.<\/p>\n","protected":false},"excerpt":{"rendered":"<p>Reunindo os maiores especialistas e executivos dos setores de Log\u00edstica, Transporte e Tecnologia em dois dias de intensa atividade O evento&nbsp;Frotas&nbsp;Conectadas&nbsp;2024&nbsp;est\u00e1 se preparando para oferecer dois dias de intensa atividade (21 e 22 de maio), quando os maiores especialistas e executivos dos setores de log\u00edstica, transporte e tecnologia se reunir\u00e3o para discutir os temas mais [&hellip;]<\/p>\n","protected":false},"author":2,"featured_media":1920,"comment_status":"open","ping_status":"open","sticky":false,"template":"","format":"standard","meta":{"footnotes":""},"categories":[23],"tags":[],"class_list":{"0":"post-1919","1":"post","2":"type-post","3":"status-publish","4":"format-standard","5":"has-post-thumbnail","7":"category-feirasdenegocios"},"_links":{"self":[{"href":"https:\/\/tveventos.tv.br\/index.php?rest_route=\/wp\/v2\/posts\/1919","targetHints":{"allow":["GET"]}}],"collection":[{"href":"https:\/\/tveventos.tv.br\/index.php?rest_route=\/wp\/v2\/posts"}],"about":[{"href":"https:\/\/tveventos.tv.br\/index.php?rest_route=\/wp\/v2\/types\/post"}],"author":[{"embeddable":true,"href":"https:\/\/tveventos.tv.br\/index.php?rest_route=\/wp\/v2\/users\/2"}],"replies":[{"embeddable":true,"href":"https:\/\/tveventos.tv.br\/index.php?rest_route=%2Fwp%2Fv2%2Fcomments&post=1919"}],"version-history":[{"count":1,"href":"https:\/\/tveventos.tv.br\/index.php?rest_route=\/wp\/v2\/posts\/1919\/revisions"}],"predecessor-version":[{"id":1921,"href":"https:\/\/tveventos.tv.br\/index.php?rest_route=\/wp\/v2\/posts\/1919\/revisions\/1921"}],"wp:featuredmedia":[{"embeddable":true,"href":"https:\/\/tveventos.tv.br\/index.php?rest_route=\/wp\/v2\/media\/1920"}],"wp:attachment":[{"href":"https:\/\/tveventos.tv.br\/index.php?rest_route=%2Fwp%2Fv2%2Fmedia&parent=1919"}],"wp:term":[{"taxonomy":"category","embeddable":true,"href":"https:\/\/tveventos.tv.br\/index.php?rest_route=%2Fwp%2Fv2%2Fcategories&post=1919"},{"taxonomy":"post_tag","embeddable":true,"href":"https:\/\/tveventos.tv.br\/index.php?rest_route=%2Fwp%2Fv2%2Ftags&post=1919"}],"curies":[{"name":"wp","href":"https:\/\/api.w.org\/{rel}","templated":true}]}}