{"id":1926,"date":"2024-05-14T14:41:29","date_gmt":"2024-05-14T17:41:29","guid":{"rendered":"https:\/\/tveventos.tv.br\/?p=1926"},"modified":"2024-05-14T14:41:32","modified_gmt":"2024-05-14T17:41:32","slug":"apas-anuncia-doacao-de-r-1-milhao-para-as-vitimas-das-chuvas-no-rs-durante-abertura-da-38a-apas-show","status":"publish","type":"post","link":"https:\/\/tveventos.tv.br\/?p=1926","title":{"rendered":"APAS anuncia doa\u00e7\u00e3o de R$ 1 milh\u00e3o para as v\u00edtimas das chuvas no RS, durante abertura da 38\u00aa APAS SHOW"},"content":{"rendered":"\n<p class=\"has-text-align-center\"><em>Situa\u00e7\u00e3o do Sul foi um dos temas abordados pelo presidente da entidade, Pedro Lopes, na maior feira supermercadista do mundo. Durante solenidade, que contou com a participa\u00e7\u00e3o do vice-presidente Geraldo Alckmin, Associa\u00e7\u00e3o, juntamente com o Procon, criaram C\u00e2mara T\u00e9cnica do Com\u00e9rcio Supermercadista<\/em><\/p>\n\n\n\n<p>A Associa\u00e7\u00e3o Paulista de Supermercados (APAS) vai doar 1 milh\u00e3o de reais para auxiliar \u00e0s v\u00edtimas da trag\u00e9dia clim\u00e1tica que acomete grande parte da popula\u00e7\u00e3o do Rio Grande do Sul. O an\u00fancio foi feito pelo presidente da entidade, Pedro Lopes, nesta segunda-feira (13) durante a solenidade de abertura da 38\u00aa APAS SHOW, a maior feira supermercadista do mundo e o maior evento de Alimentos e Bebidas das Am\u00e9ricas. \u201cEstamos consternados e sens\u00edveis \u00e0s necessidades da popula\u00e7\u00e3o do Rio Grande do Sul\u201d, afirmou.<\/p>\n\n\n\n<p>Cerca de 200 supermercados foram inundados com as fortes chuvas no Estado, de acordo com levantamento da Associa\u00e7\u00e3o Ga\u00facha de Supermercados (AGAS). \u201cEsse \u00e9 o papel das entidades representativas, nos unirmos para auxiliar a popula\u00e7\u00e3o na maior trag\u00e9dia da hist\u00f3ria do povo ga\u00facho\u201d, afirmou o presidente da AGAS, Antonio Cesar Longo, que, com os recursos, deve promover a distribui\u00e7\u00e3o de mais de 100 mil kits de alimentos e produtos de limpeza para a popula\u00e7\u00e3o atingida.<\/p>\n\n\n\n<p>Tamb\u00e9m estiveram presentes na solenidade, o vice-presidente Geraldo Alckmin e ministro do Desenvolvimento, Ind\u00fastria, Com\u00e9rcio e Servi\u00e7os; M\u00e1rcio Fran\u00e7a, ministro do Empreendimento, da Microempresa e da Empresa de Pequeno Porte; Felipe Ramuth, governador de S\u00e3o Paulo em exerc\u00edcio; al\u00e9m de prefeitos, deputados, vereadores, secret\u00e1rios e demais autoridades.<\/p>\n\n\n\n<p><strong>Conv\u00eanio com o Procon<\/strong><\/p>\n\n\n\n<p>Na ocasi\u00e3o, foi assinado um conv\u00eanio entre APAS e Procon\/SP, que cria a C\u00e2mara T\u00e9cnica do Com\u00e9rcio Supermercadista, com o objetivo de aproximar o \u00f3rg\u00e3o de defesa do consumidor das entidades representativas do setor. O secret\u00e1rio de Justi\u00e7a e Cidadania do Estado, F\u00e1bio Prieto, comemorou a parceria: \u201cA iniciativa \u00e9 importante, pois tem tudo para melhorar nossa rela\u00e7\u00e3o com os supermercados e, consequentemente, com os consumidores\u201d, avaliou.<\/p>\n\n\n\n<p>Para o presidente Pedro Lopes os \u00f3rg\u00e3os reguladores t\u00eam um papel educativo que possibilita recursos aos empres\u00e1rios com uma atua\u00e7\u00e3o transparente, \u00e9tica e coerente. \u201cRefor\u00e7o esse compromisso do setor com a assinatura do termo de conv\u00eanio da C\u00e2mara T\u00e9cnica APAS com o Procon e o IPEM\u201d.<\/p>\n\n\n<div class=\"wp-block-image\">\n<figure class=\"aligncenter size-full is-resized\"><img loading=\"lazy\" decoding=\"async\" width=\"800\" height=\"532\" src=\"https:\/\/tveventos.tv.br\/wp-content\/uploads\/2024\/05\/image.png\" alt=\"\" class=\"wp-image-1927\" style=\"width:800px;height:auto\" srcset=\"https:\/\/tveventos.tv.br\/wp-content\/uploads\/2024\/05\/image.png 800w, https:\/\/tveventos.tv.br\/wp-content\/uploads\/2024\/05\/image-300x200.png 300w, https:\/\/tveventos.tv.br\/wp-content\/uploads\/2024\/05\/image-768x511.png 768w, https:\/\/tveventos.tv.br\/wp-content\/uploads\/2024\/05\/image-632x420.png 632w, https:\/\/tveventos.tv.br\/wp-content\/uploads\/2024\/05\/image-696x463.png 696w\" sizes=\"auto, (max-width: 800px) 100vw, 800px\" \/><\/figure>\n<\/div>\n\n\n<p>J\u00e1 a parceria com o Instituto de Pesos e Medidas (IPEM\/SP) vai ajudar na dissemina\u00e7\u00e3o de conhecimento e pr\u00e1ticas preventivas no setor supermercadista, abrangendo atividades de orienta\u00e7\u00e3o, boas pr\u00e1ticas operacionais, preven\u00e7\u00e3o de inconformidades t\u00e9cnicas e legais. Essa coopera\u00e7\u00e3o leva aos consumidores mais seguran\u00e7a e confian\u00e7a na aquisi\u00e7\u00e3o dos produtos adquiridos na rede supermercadista paulista.<\/p>\n\n\n\n<p><strong>Custo Brasil<\/strong><\/p>\n\n\n\n<p>Durante a abertura da APAS SHOW, o vice-presidente Geraldo Alckmin chamou a aten\u00e7\u00e3o para a necessidade de redu\u00e7\u00e3o do \u201cCusto Brasil\u201d. \u201cA carga tribut\u00e1ria ainda \u00e9 alta, mas com a simplifica\u00e7\u00e3o dos tributos podemos desonerar investimentos e as exporta\u00e7\u00f5es, um dos entraves para o crescimento do pa\u00eds\u201d. Segundo o vice-presidente, as exporta\u00e7\u00f5es podem aumentar em 17% com a aprova\u00e7\u00e3o da reforma tribut\u00e1ria.<\/p>\n\n\n\n<p><strong>Grandiosidade da feira<\/strong><\/p>\n\n\n\n<p>Os n\u00fameros superlativos da APAS SHOW foi destaque na apresenta\u00e7\u00e3o do diretor-geral da APAS e da feira, Carlos Correa. Neste ano, o evento traz mais 850 expositores, sendo 200 internacionais, com perspectiva de ultrapassar a marca de R$ 14 bilh\u00f5es em neg\u00f3cios gerados. \u201cNeste ano, a APAS SHOW foi inclu\u00edda no Calend\u00e1rio de Eventos estrat\u00e9gicos da Prefeitura de S\u00e3o Paulo, um reconhecimento do poder p\u00fablico a este cen\u00e1rio positivo de in\u00fameros avan\u00e7os conquistados nos \u00faltimos anos\u201d, ressaltou.<\/p>\n\n\n\n<p><strong>Sobre a APAS<\/strong>&nbsp;<\/p>\n\n\n\n<p>Com 50 anos de tradi\u00e7\u00e3o, a Associa\u00e7\u00e3o Paulista de Supermercados representa o essencial setor supermercadista no estado de S\u00e3o Paulo e busca integrar toda a cadeia de abastecimento com a sociedade. A entidade, que possui 3 distritais na cidade de S\u00e3o Paulo e 13 regionais distribu\u00eddas estrategicamente pelo estado, conta hoje com 1.500 supermercados associados que somam 4.315 lojas.<\/p>\n","protected":false},"excerpt":{"rendered":"<p>Situa\u00e7\u00e3o do Sul foi um dos temas abordados pelo presidente da entidade, Pedro Lopes, na maior feira supermercadista do mundo. Durante solenidade, que contou com a participa\u00e7\u00e3o do vice-presidente Geraldo Alckmin, Associa\u00e7\u00e3o, juntamente com o Procon, criaram C\u00e2mara T\u00e9cnica do Com\u00e9rcio Supermercadista A Associa\u00e7\u00e3o Paulista de Supermercados (APAS) vai doar 1 milh\u00e3o de reais para [&hellip;]<\/p>\n","protected":false},"author":2,"featured_media":1928,"comment_status":"open","ping_status":"open","sticky":false,"template":"","format":"standard","meta":{"footnotes":""},"categories":[23],"tags":[],"class_list":{"0":"post-1926","1":"post","2":"type-post","3":"status-publish","4":"format-standard","5":"has-post-thumbnail","7":"category-feirasdenegocios"},"_links":{"self":[{"href":"https:\/\/tveventos.tv.br\/index.php?rest_route=\/wp\/v2\/posts\/1926","targetHints":{"allow":["GET"]}}],"collection":[{"href":"https:\/\/tveventos.tv.br\/index.php?rest_route=\/wp\/v2\/posts"}],"about":[{"href":"https:\/\/tveventos.tv.br\/index.php?rest_route=\/wp\/v2\/types\/post"}],"author":[{"embeddable":true,"href":"https:\/\/tveventos.tv.br\/index.php?rest_route=\/wp\/v2\/users\/2"}],"replies":[{"embeddable":true,"href":"https:\/\/tveventos.tv.br\/index.php?rest_route=%2Fwp%2Fv2%2Fcomments&post=1926"}],"version-history":[{"count":1,"href":"https:\/\/tveventos.tv.br\/index.php?rest_route=\/wp\/v2\/posts\/1926\/revisions"}],"predecessor-version":[{"id":1929,"href":"https:\/\/tveventos.tv.br\/index.php?rest_route=\/wp\/v2\/posts\/1926\/revisions\/1929"}],"wp:featuredmedia":[{"embeddable":true,"href":"https:\/\/tveventos.tv.br\/index.php?rest_route=\/wp\/v2\/media\/1928"}],"wp:attachment":[{"href":"https:\/\/tveventos.tv.br\/index.php?rest_route=%2Fwp%2Fv2%2Fmedia&parent=1926"}],"wp:term":[{"taxonomy":"category","embeddable":true,"href":"https:\/\/tveventos.tv.br\/index.php?rest_route=%2Fwp%2Fv2%2Fcategories&post=1926"},{"taxonomy":"post_tag","embeddable":true,"href":"https:\/\/tveventos.tv.br\/index.php?rest_route=%2Fwp%2Fv2%2Ftags&post=1926"}],"curies":[{"name":"wp","href":"https:\/\/api.w.org\/{rel}","templated":true}]}}