{"id":1931,"date":"2024-05-14T14:46:34","date_gmt":"2024-05-14T17:46:34","guid":{"rendered":"https:\/\/tveventos.tv.br\/?p=1931"},"modified":"2024-05-14T14:46:36","modified_gmt":"2024-05-14T17:46:36","slug":"tecnocarne-reune-lideres-e-especialistas-do-mercado-de-proteina-animal-para-discutir-exportacao-inovacao-ia-e-esg","status":"publish","type":"post","link":"https:\/\/tveventos.tv.br\/?p=1931","title":{"rendered":"TecnoCarne re\u00fane l\u00edderes e especialistas do mercado de prote\u00edna animal para discutir exporta\u00e7\u00e3o, inova\u00e7\u00e3o, IA e ESG"},"content":{"rendered":"\n<p class=\"has-text-align-center\"><em>Arena de Conte\u00fado \u00e9 uma das principais atra\u00e7\u00f5es do evento e, atrav\u00e9s de palestras e pain\u00e9is, oferece insights e debates sobre os temas mais relevantes do setor. Tecnocarne ser\u00e1 realizada entre os dias 18 e 21 de junho, em S\u00e3o Paulo<\/em><\/p>\n\n\n\n<p>A TecnoCarne, um dos principais eventos do setor de prote\u00edna animal do pa\u00eds, chega \u00e0 sua&nbsp;17\u00aa&nbsp;edi\u00e7\u00e3o com a presen\u00e7a garantida de expositores l\u00edderes de mercado, especialistas renomados e parceiros de influ\u00eancia. A feira acontecer\u00e1 em S\u00e3o Paulo, entre os dias 18 e 21 de junho, no S\u00e3o Paulo Expo, e tem entre suas principais atra\u00e7\u00f5es a Arena de Conte\u00fado.<br>&nbsp;\u2005\u2003\u2006\u200b\u200a\u200b<\/p>\n\n\n\n<p>A Arena de Conte\u00fado TecnoCarne \u00e9 um espa\u00e7o essencial dentro do evento, projetado para oferecer insights valiosos e debates estimulantes sobre os temas mais relevantes e emergentes no setor de prote\u00edna animal. Por isso, atrai profissionais, especialistas e l\u00edderes que se re\u00fanem para compartilhar ideias, discutir tend\u00eancias e explorar as inova\u00e7\u00f5es que moldam o futuro da ind\u00fastria.<br>&nbsp;\u2005\u2003\u2006\u200b\u200a\u200b<\/p>\n\n\n\n<p>\u201cTrabalhamos com uma equipe especializada para entender quais s\u00e3o as tend\u00eancias mundiais do mercado e o que o nosso p\u00fablico deseja assistir\u201d, diz Marina Cappi, gerente de neg\u00f3cios da TecnoCarne. \u201cAo longo dos tr\u00eas dias de palestras e pain\u00e9is, o p\u00fablico far\u00e1 um verdadeiro mergulho em temas como ESG, Ind\u00fastria 4.0, rastreabilidade da cadeia de produ\u00e7\u00e3o e exporta\u00e7\u00e3o\u201d.<br>&nbsp;\u2005\u2003\u2006\u200b\u200a\u200b<\/p>\n\n\n\n<p>Os debates ser\u00e3o divididos em tr\u00eas f\u00f3runs tem\u00e1ticos. No dia 18 de junho, ser\u00e1 realizado o F\u00f3rum Inova\u00e7\u00e3o, com t\u00f3picos como evolu\u00e7\u00e3o nos processos industriais e intelig\u00eancia artificial nos frigor\u00edficos. No dia 19, espa\u00e7o aberto para o F\u00f3rum ESG, que abordar\u00e1 estrat\u00e9gias de neg\u00f3cio sustent\u00e1veis e solu\u00e7\u00f5es inovadoras para reduzir emiss\u00e3o de carbono, por exemplo. Por fim, no dia 20, chega o Frigor\u00edfico Legal, com discuss\u00f5es acerca de exig\u00eancias e requisitos para a exporta\u00e7\u00e3o, seguran\u00e7a alimentar do futuro e import\u00e2ncia da embalagem para o crescimento.<br>&nbsp;\u2005\u2003\u2006\u200b\u200a\u200b<\/p>\n\n\n\n<p>\u201cOs debates na Arena de Conte\u00fado s\u00e3o cuidadosamente planejados para oferecer uma perspectiva abrangente e aprofundada sobre os desafios e oportunidades enfrentados pelo setor de prote\u00edna animal\u201d, aponta Cappi. \u201cAl\u00e9m disso, os participantes t\u00eam a chance de interagir diretamente com os palestrantes, fazer perguntas e compartilhar suas pr\u00f3prias experi\u00eancias, criando um ambiente colaborativo e enriquecedor\u201d.<br>&nbsp;\u2005\u2003\u2006\u200b\u200a\u200b<\/p>\n\n\n\n<p>A TecnoCarne, vale lembrar, ser\u00e1 realizada simultaneamente \u00e0 Fispal Tecnologia &#8211; ambos organizados pela Informa Markets. S\u00e3o esperados mais de 450 expositores para ambas as feiras, bem como 44 mil visitantes, entre frigor\u00edficos, casas de carnes e a\u00e7ougues. O objetivo \u00e9 oferecer uma plataforma de conex\u00e3o entre empresas e compradores de diversas partes do mundo, e solu\u00e7\u00f5es de neg\u00f3cios, conte\u00fado e networking no ambiente f\u00edsico e digital.<br>&nbsp;\u2005\u2003\u2006\u200b\u200a\u200b<\/p>\n\n\n\n<p>Para se inteirar da programa\u00e7\u00e3o completa da Arena de Conte\u00fado, visite&nbsp;<a href=\"https:\/\/www.tecnocarne.com.br\/pt\/atracoes\/arena-conteudo-tecnocarne.html\" target=\"_blank\" rel=\"noreferrer noopener\">https:\/\/www.tecnocarne.com.br\/pt\/atracoes\/arena-conteudo-tecnocarne.html<\/a>. J\u00e1 o credenciamento para visitar a TecnoCarne est\u00e1 dispon\u00edvel em&nbsp;<a href=\"https:\/\/www.tecnocarne.com.br\/pt\/credenciamento.html\" target=\"_blank\" rel=\"noreferrer noopener\">Link<\/a>&nbsp;e \u00e9 exclusivo para profissionais do setor.<br>&nbsp;\u2005\u2003\u2006\u200b\u200a\u200b<\/p>\n\n\n\n<p><strong>Servi\u00e7o:<\/strong><\/p>\n\n\n\n<p><strong>TecnoCarne<\/strong><\/p>\n\n\n\n<p>Data: 18 a 21 de junho de 2024<\/p>\n\n\n\n<p>Hor\u00e1rios: Ter\u00e7a a quinta-feira: 13h \u00e0s 20h. Sexta-feira: 13h \u00e0s 18h<\/p>\n\n\n\n<p>Local: S\u00e3o Paulo Expo Exhibition &amp; Convention Center<\/p>\n\n\n\n<p>Promo\u00e7\u00e3o e Organiza\u00e7\u00e3o: Informa Markets Brasil<\/p>\n\n\n\n<p><strong>Sobre a Fispal Tecnologia &amp; TecnoCarne<\/strong><\/p>\n\n\n\n<p>A Fispal Tecnologia e a TecnoCarne s\u00e3o a principal plataforma de conex\u00e3o entre as ind\u00fastrias de alimentos, bebidas e prote\u00ednas. Por meio do evento f\u00edsico, que acontece no S\u00e3o Paulo Expo, e da plataforma digital, as duas oferecem networking, conte\u00fado e oportunidades de neg\u00f3cios aos profissionais do setor durante os 365 dias do ano.<\/p>\n\n\n\n<p><strong>Sobre a Informa Markets\u202f<\/strong>&nbsp;<\/p>\n\n\n\n<p>A Informa Markets cria plataformas para ind\u00fastrias e mercados especializados em fazer neg\u00f3cios, inovar e crescer. Seu portf\u00f3lio global \u00e9 composto por mais de 550 eventos e marcas internacionais, sendo mais de 30 no Brasil, em mercados como Ind\u00fastria, Sa\u00fade e Nutri\u00e7\u00e3o, Infraestrutura, Constru\u00e7\u00e3o, Alimentos e Bebidas, Agroneg\u00f3cio, Tecnologia e Telecom, entre outros. Oferecendo aos clientes e parceiros em todo o mundo oportunidades de networking, de viver experi\u00eancias e de fazer neg\u00f3cios por meio de feiras e eventos h\u00edbridos, conte\u00fado digital especializado e solu\u00e7\u00f5es de intelig\u00eancia de mercado, a Informa Markets segue construindo uma jornada de relacionamento e neg\u00f3cios entre empresas e mercados 365 dias por ano.&nbsp;Para mais informa\u00e7\u00f5es, visite o&nbsp;<a href=\"https:\/\/www.informamarkets.com.br\/\" target=\"_blank\" rel=\"noreferrer noopener\">site<\/a>&nbsp;ou entre em contato pelo e-mail&nbsp;<a href=\"mailto:institucional@informa.com\" target=\"_blank\" rel=\"noreferrer noopener\">institucional@informa.com<\/a>.<\/p>\n","protected":false},"excerpt":{"rendered":"<p>Arena de Conte\u00fado \u00e9 uma das principais atra\u00e7\u00f5es do evento e, atrav\u00e9s de palestras e pain\u00e9is, oferece insights e debates sobre os temas mais relevantes do setor. Tecnocarne ser\u00e1 realizada entre os dias 18 e 21 de junho, em S\u00e3o Paulo A TecnoCarne, um dos principais eventos do setor de prote\u00edna animal do pa\u00eds, chega [&hellip;]<\/p>\n","protected":false},"author":2,"featured_media":1932,"comment_status":"open","ping_status":"open","sticky":false,"template":"","format":"standard","meta":{"footnotes":""},"categories":[23],"tags":[],"class_list":{"0":"post-1931","1":"post","2":"type-post","3":"status-publish","4":"format-standard","5":"has-post-thumbnail","7":"category-feirasdenegocios"},"_links":{"self":[{"href":"https:\/\/tveventos.tv.br\/index.php?rest_route=\/wp\/v2\/posts\/1931","targetHints":{"allow":["GET"]}}],"collection":[{"href":"https:\/\/tveventos.tv.br\/index.php?rest_route=\/wp\/v2\/posts"}],"about":[{"href":"https:\/\/tveventos.tv.br\/index.php?rest_route=\/wp\/v2\/types\/post"}],"author":[{"embeddable":true,"href":"https:\/\/tveventos.tv.br\/index.php?rest_route=\/wp\/v2\/users\/2"}],"replies":[{"embeddable":true,"href":"https:\/\/tveventos.tv.br\/index.php?rest_route=%2Fwp%2Fv2%2Fcomments&post=1931"}],"version-history":[{"count":1,"href":"https:\/\/tveventos.tv.br\/index.php?rest_route=\/wp\/v2\/posts\/1931\/revisions"}],"predecessor-version":[{"id":1933,"href":"https:\/\/tveventos.tv.br\/index.php?rest_route=\/wp\/v2\/posts\/1931\/revisions\/1933"}],"wp:featuredmedia":[{"embeddable":true,"href":"https:\/\/tveventos.tv.br\/index.php?rest_route=\/wp\/v2\/media\/1932"}],"wp:attachment":[{"href":"https:\/\/tveventos.tv.br\/index.php?rest_route=%2Fwp%2Fv2%2Fmedia&parent=1931"}],"wp:term":[{"taxonomy":"category","embeddable":true,"href":"https:\/\/tveventos.tv.br\/index.php?rest_route=%2Fwp%2Fv2%2Fcategories&post=1931"},{"taxonomy":"post_tag","embeddable":true,"href":"https:\/\/tveventos.tv.br\/index.php?rest_route=%2Fwp%2Fv2%2Ftags&post=1931"}],"curies":[{"name":"wp","href":"https:\/\/api.w.org\/{rel}","templated":true}]}}