{"id":1935,"date":"2024-05-15T17:02:51","date_gmt":"2024-05-15T20:02:51","guid":{"rendered":"https:\/\/tveventos.tv.br\/?p=1935"},"modified":"2024-05-15T17:02:53","modified_gmt":"2024-05-15T20:02:53","slug":"medical-cannabis-fair-em-sao-paulo-promete-unificar-ciencia-enegocios-no-setor-da-cannabis-medicinal","status":"publish","type":"post","link":"https:\/\/tveventos.tv.br\/?p=1935","title":{"rendered":"Medical Cannabis Fair em S\u00e3o Paulo promete unificar ci\u00eancia eneg\u00f3cios no setor da cannabis medicinal"},"content":{"rendered":"\n<p class=\"has-text-align-center\">Evento se consolida como refer\u00eancia no Brasil e atrai participantes de diversas partes do mundo S\u00e3o Paulo<\/p>\n\n\n\n<p>A terceira edi\u00e7\u00e3o da Medical Cannabis Fair (MCF) est\u00e1 apresentando as diferentes formas de utiliza\u00e7\u00e3o da Cannabis sativa L., planta rica em propriedades medicinais e que tamb\u00e9m pode trazer in\u00fameras solu\u00e7\u00f5es para a ind\u00fastria. Organizada pela Sechat, plataforma voltada para Educa\u00e7\u00e3o, Neg\u00f3cios e Informa\u00e7\u00e3o sobre terapia canabinoide, o evento se destaca como ponto de encontro entre o mundo cient\u00edfico e empresarial do setor da cannabis medicinal e promete agitar a capital de S\u00e3o Paulo, abrindo caminhos para a ci\u00eancia e despertando ainda mais interesse em rela\u00e7\u00e3o ao tema.<\/p>\n\n\n\n<p>\u00a0&#8220;Desde a cria\u00e7\u00e3o da feira, nosso objetivo sempre foi unificar dois mundos: o cient\u00edfico, composto por m\u00e9dicos, pesquisadores e todos os profissionais da \u00e1rea da sa\u00fade, e o empresarial, formado por empresas, investidores, advogados e legisladores envolvidos nesse setor&#8221;, explica Daniel Jord\u00e3o, diretor da Start-UP respons\u00e1vel pelo evento.<\/p>\n\n\n\n<p>Com uma abordagem classificada como &#8220;cient\u00edfico-profissional&#8221;, a feira visa proporcionar um ambiente onde profissionais da sa\u00fade podem conhecer de perto os produtos, lan\u00e7amentos, inova\u00e7\u00f5es e tipos de dosagem relacionados \u00e0 cannabis medicinal. Ao mesmo tempo, as empresas t\u00eam a oportunidade de trocar experi\u00eancias e tecnologia.<\/p>\n\n\n\n<p><strong>O mercado nacional<\/strong><\/p>\n\n\n\n<p>De acordo com dados da Kaya Mind, aproximadamente 430 mil brasileiros est\u00e3o em tratamento com produtos \u00e0 base da planta no pa\u00eds. No ano passado, o mercado nacional de cannabis medicinal atingiu um faturamento de R$ 700 milh\u00f5es, com proje\u00e7\u00f5es indicando R$ 1 bilh\u00e3o para 2024. Em rela\u00e7\u00e3o aos investimentos p\u00fablicos, foram destinados R$ 165,8 milh\u00f5es para o fornecimento p\u00fablico desses derivados, desde 2015 at\u00e9 meados de 2023.<\/p>\n\n\n\n<p>\u00a0&#8220;Quando analisamos esses n\u00fameros, percebemos que apenas uma pequena parte da popula\u00e7\u00e3o tem acesso aos produtos \u00e0 base de cannabis no pa\u00eds. Ao aprofundarmos nosso entendimento sobre o potencial terap\u00eautico da cannabis e seus benef\u00edcios no tratamento de diversas patologias, notamos um enorme potencial de crescimento desse mercado&#8221;, comenta Daniel Jord\u00e3o.<\/p>\n\n\n\n<p>O evento, que acontecer\u00e1 nos dias 23, 24 e 25 de Maio de 2024 no Expo Center Norte em S\u00e3o Paulo, contar\u00e1 com mais de 60 estandes e 100 marcas expondo seus neg\u00f3cios na \u00e1rea medicinal da cannabis e c\u00e2nhamo industrial. Empresas do Brasil e do mundo apresentar\u00e3o suas marcas, novos medicamentos, tecnologias, equipamentos de laborat\u00f3rios e cultivo industrial, al\u00e9m de tecnologias para cultivo, educa\u00e7\u00e3o, servi\u00e7os financeiros e processos industriais do c\u00e2nhamo nas \u00e1reas t\u00eaxtil e de cosmetologia.<\/p>\n\n\n\n<p>Uma novidade na edi\u00e7\u00e3o de 2024 ser\u00e1 a inclus\u00e3o de um dia exclusivo para profissionais da \u00e1rea da sa\u00fade, que acontecer\u00e1 no s\u00e1bado. M\u00e9dicos, dentistas, veterin\u00e1rios e outros profissionais ter\u00e3o a oportunidade de interagir com os expositores e conhecer os principais produtos dispon\u00edveis no mercado brasileiro.<\/p>\n\n\n\n<p>\u00a0&#8220;O Brasil j\u00e1 \u00e9 uma refer\u00eancia do setor na Am\u00e9rica Latina. Prova disso \u00e9 a presen\u00e7a de empresas do Uruguai, Col\u00f4mbia e outras na\u00e7\u00f5es, como Estados Unidos e Israel, participando do nosso evento. Estamos conquistando um p\u00fablico cada vez maior por meio do nosso trabalho de promo\u00e7\u00e3o e divulga\u00e7\u00e3o&#8221;, conclui Daniel Jord\u00e3o.<\/p>\n\n\n\n<p><strong>\u00a0Em paralelo \u00e0 MCF 2024, acontece o Congresso Brasileiro da Cannabis Medicinal<\/strong><\/p>\n\n\n\n<p>\u00a0O 3\u00b0 Congresso Brasileiro de Cannabis Medicinal (CBCM), agendado para os dias 23 a 25 de maio, reunir\u00e1 cerca de 100 palestrantes em S\u00e3o Paulo para discutir os avan\u00e7os e desafios da cannabis medicinal e industrial no Brasil e na Am\u00e9rica Latina. Com uma programa\u00e7\u00e3o abrangente, o evento abordar\u00e1 desde aspectos t\u00e9cnicos, como o funcionamento do sistema endocanabinoide, at\u00e9 quest\u00f5es pr\u00e1ticas, como a aplica\u00e7\u00e3o da cannabis em diversas especialidades m\u00e9dicas. Espera-se a participa\u00e7\u00e3o de aproximadamente 1.200 congressistas nos tr\u00eas dias de evento, no Expo Center Norte.<\/p>\n\n\n\n<p>Um destaque do CBCM24 ser\u00e1 a explora\u00e7\u00e3o de m\u00f3dulos interdisciplinares, discutindo temas como intera\u00e7\u00e3o medicamentosa, tratamento de doen\u00e7as neurodegenerativas e avan\u00e7os no manejo de epilepsias refrat\u00e1rias. O sistema endocanabinoide receber\u00e1 aten\u00e7\u00e3o especial, com an\u00e1lises detalhadas de sua intera\u00e7\u00e3o com a fisiologia, farmacologia e aplica\u00e7\u00f5es terap\u00eauticas, incluindo tratamentos com psicod\u00e9licos e estudos de casos cl\u00ednicos reais.<\/p>\n\n\n\n<p>O neurocirurgi\u00e3o Pedro Pierro, diretor cient\u00edfico da Sechat &#8211; plataforma de Educa\u00e7\u00e3o, Neg\u00f3cios e Informa\u00e7\u00e3o voltada para a cannabis medicinal e organizadora do CBCM, destaca a import\u00e2ncia terap\u00eautica da subst\u00e2ncia, afirmando que &#8220;permite controlar sintomas de epilepsia, ansiedade, depress\u00e3o, entre outros&#8221;.<\/p>\n\n\n\n<p>A psiquiatra Ana Hounie, confirmada para o m\u00f3dulo MedCan Sistema Endocanabinoide, ir\u00e1 abordar o papel da cannabis medicinal no per\u00edodo p\u00f3s-pandemia Covid-19. &#8220;Convido todos interessados a participarem deste evento importante da medicina endocanabinoide&#8221;, destaca Ana Hounie.<\/p>\n\n\n\n<p>Em rela\u00e7\u00e3o aos aspectos comerciais, Pierro enfatiza que &#8220;Cannabis sempre foi sin\u00f4nimo de dinheiro&#8221;, destacando a necessidade de conversas com empreendedores, investidores e profissionais da sa\u00fade para impulsionar o mercado.<\/p>\n\n\n\n<p>\u00a0\u201cQueremos dialogar com os empreendedores e investidores, bem como com m\u00e9dicos, odont\u00f3logos e veterin\u00e1rios, que representam o gargalo da prescri\u00e7\u00e3o. O produto necessita da prescri\u00e7\u00e3o de um profissional para ser vendido. Mais prescri\u00e7\u00f5es significam mais produ\u00e7\u00e3o e mais dinheiro, por conseguinte, entrando nesse mercado\u201d, afirma Pedro Pierro.<\/p>\n\n\n\n<p>Al\u00e9m disso, as discuss\u00f5es sobre legisla\u00e7\u00e3o e regulamenta\u00e7\u00e3o ser\u00e3o temas abordados por especialistas no assunto. Rodrigo Mesquita, advogado membro da Comiss\u00e3o Especial de Assuntos Regulat\u00f3rios da OAB Nacional e do Comit\u00ea Cient\u00edfico do CBCM 2024, ressalta a import\u00e2ncia do evento para o debate sobre a lacuna regulat\u00f3ria que ainda afeta o setor, visando garantir produtos eficazes, seguros e acess\u00edveis \u00e0 popula\u00e7\u00e3o.<\/p>\n\n\n\n<p>\u00a0\u201cO Congresso Brasileiro da Cannabis Medicinal se consolidou como um espa\u00e7o fundamental para pensar o mercado da cannabis medicinal no pa\u00eds e hoje ganha import\u00e2ncia pelo debate que vem sendo feito a respeito da lacuna regulat\u00f3ria que ainda impede o pleno desenvolvimento do setor. Nesta edi\u00e7\u00e3o podemos esperar por discuss\u00f5es ainda mais qualificadas, a partir das evid\u00eancias mais recentes, para superarmos definitivamente o preconceito e a desinforma\u00e7\u00e3o e assim garantirmos produtos eficazes, seguros e acess\u00edveis \u00e0 popula\u00e7\u00e3o\u201d, ressalta.<\/p>\n","protected":false},"excerpt":{"rendered":"<p>Evento se consolida como refer\u00eancia no Brasil e atrai participantes de diversas partes do mundo S\u00e3o Paulo A terceira edi\u00e7\u00e3o da Medical Cannabis Fair (MCF) est\u00e1 apresentando as diferentes formas de utiliza\u00e7\u00e3o da Cannabis sativa L., planta rica em propriedades medicinais e que tamb\u00e9m pode trazer in\u00fameras solu\u00e7\u00f5es para a ind\u00fastria. Organizada pela Sechat, plataforma [&hellip;]<\/p>\n","protected":false},"author":2,"featured_media":1936,"comment_status":"open","ping_status":"open","sticky":false,"template":"","format":"standard","meta":{"footnotes":""},"categories":[23],"tags":[],"class_list":{"0":"post-1935","1":"post","2":"type-post","3":"status-publish","4":"format-standard","5":"has-post-thumbnail","7":"category-feirasdenegocios"},"_links":{"self":[{"href":"https:\/\/tveventos.tv.br\/index.php?rest_route=\/wp\/v2\/posts\/1935","targetHints":{"allow":["GET"]}}],"collection":[{"href":"https:\/\/tveventos.tv.br\/index.php?rest_route=\/wp\/v2\/posts"}],"about":[{"href":"https:\/\/tveventos.tv.br\/index.php?rest_route=\/wp\/v2\/types\/post"}],"author":[{"embeddable":true,"href":"https:\/\/tveventos.tv.br\/index.php?rest_route=\/wp\/v2\/users\/2"}],"replies":[{"embeddable":true,"href":"https:\/\/tveventos.tv.br\/index.php?rest_route=%2Fwp%2Fv2%2Fcomments&post=1935"}],"version-history":[{"count":1,"href":"https:\/\/tveventos.tv.br\/index.php?rest_route=\/wp\/v2\/posts\/1935\/revisions"}],"predecessor-version":[{"id":1937,"href":"https:\/\/tveventos.tv.br\/index.php?rest_route=\/wp\/v2\/posts\/1935\/revisions\/1937"}],"wp:featuredmedia":[{"embeddable":true,"href":"https:\/\/tveventos.tv.br\/index.php?rest_route=\/wp\/v2\/media\/1936"}],"wp:attachment":[{"href":"https:\/\/tveventos.tv.br\/index.php?rest_route=%2Fwp%2Fv2%2Fmedia&parent=1935"}],"wp:term":[{"taxonomy":"category","embeddable":true,"href":"https:\/\/tveventos.tv.br\/index.php?rest_route=%2Fwp%2Fv2%2Fcategories&post=1935"},{"taxonomy":"post_tag","embeddable":true,"href":"https:\/\/tveventos.tv.br\/index.php?rest_route=%2Fwp%2Fv2%2Ftags&post=1935"}],"curies":[{"name":"wp","href":"https:\/\/api.w.org\/{rel}","templated":true}]}}