{"id":1951,"date":"2024-05-16T11:40:32","date_gmt":"2024-05-16T14:40:32","guid":{"rendered":"https:\/\/tveventos.tv.br\/?p=1951"},"modified":"2024-05-16T11:40:34","modified_gmt":"2024-05-16T14:40:34","slug":"fomentando-inovacao-minas-summit-segue-com-novas-datas-e-parceiros","status":"publish","type":"post","link":"https:\/\/tveventos.tv.br\/?p=1951","title":{"rendered":"Fomentando inova\u00e7\u00e3o Minas Summit segue com novas datas e parceiros"},"content":{"rendered":"\n<p class=\"has-text-align-center\"><em>Maior evento de inova\u00e7\u00e3o corporativa da capital mineira ganha mais um dia de realiza\u00e7\u00e3o; entre 26 e 27 de junho, mais de 300 painelistas se re\u00fanem em cinco palcos simult\u00e2neos<\/em><\/p>\n\n\n\n<p>O Minas Summit, uma iniciativa da FCJ Group,&nbsp; do&nbsp;\u00d3rbi Conecta&nbsp;e do San Pedro Valley, destaca-se como um dos principais eventos de inova\u00e7\u00e3o corporativa no Brasil. Em sua segunda edi\u00e7\u00e3o, foi expandido para dois dias, oferecendo uma programa\u00e7\u00e3o ainda mais completa, com palestras, workshops e oportunidades de&nbsp;<em>networking<\/em>. Programado para 26 e 27 de junho, em Belo Horizonte (MG), a iniciativa vai reunir cerca de 300 painelistas em cinco palcos simult\u00e2neos. Estima-se a presen\u00e7a de mais de 1,5 mil startups e 8 mil visitantes em mais de 40 horas de conte\u00fado inspirador.<\/p>\n\n\n\n<p>O evento contar\u00e1 com o patroc\u00ednio da Azul Linhas A\u00e9reas, Yazo, CRA MG, Governo de Minas, Codemge, al\u00e9m de outros nomes que ser\u00e3o anunciados em breve. Para acompanhar todas as novidades e ficar conectado com tudo o que vai acontecer, os interessados j\u00e1 podem baixar o aplicativo Minas Summit, dispon\u00edvel nas plataformas Android e iOS e acessar o site:<a href=\"http:\/\/www.minassummit.com.br\/\" target=\"_blank\" rel=\"noreferrer noopener\">&nbsp;<\/a><a href=\"http:\/\/www.minassummit.com.br\/\" target=\"_blank\" rel=\"noreferrer noopener\">www.minassummit.com.br<\/a><\/p>\n\n\n\n<p>\u201cA ideia, nesse ano, \u00e9 ir al\u00e9m da inova\u00e7\u00e3o que acontece entre as montanhas de Minas. O evento cresce em dias, em palcos, em participa\u00e7\u00e3o de comunidades, em nomes que s\u00e3o refer\u00eancia no pa\u00eds e fora. Somos um time grande de curadores, que incluem a TroposLab, Overdub, 100 Open Startups, al\u00e9m de embaixadores em todo o Brasil. Assim tamb\u00e9m teremos mais diversidade\u201d, afirma Dany Carvalho,&nbsp;CEO do \u00d3rbi Conecta.<\/p>\n\n\n\n<p>Para a FCJ Group, o encontro promete fortalecer mais uma vez todo o ecossistema mineiro. \u201cO Minas Summit \u00e9 reconhecido por promover aprendizado din\u00e2mico e interativo e, com essa amplia\u00e7\u00e3o, queremos atrair um p\u00fablico maior e mais diverso. Esperamos trazer empresas de diversos segmentos e democratizar o acesso \u00e0 tecnologia e inova\u00e7\u00e3o\u201d, conclui Paulo Justino, fundador e CEO da FCJ Group.<\/p>\n\n\n\n<p>Em 2023, a primeira edi\u00e7\u00e3o ultrapassou as expectativas ao alcan\u00e7ar mais de 4 mil participantes, mais de 100 palestrantes e painelistas, mais de 900 startups e mais de 20 horas de conte\u00fado. O evento contou com representantes de grandes corpora\u00e7\u00f5es, universidades, institui\u00e7\u00f5es governamentais e empreendedores.<\/p>\n\n\n\n<p><strong><u>Servi\u00e7o<\/u><\/strong><\/p>\n\n\n\n<p><strong><u>Minas Summit<\/u><\/strong><\/p>\n\n\n\n<p>Data: 26 e 27 de junho.<\/p>\n\n\n\n<p>Local: Minascentro &#8211; Av. Augusto de Lima, 785 \u2013 Centro, Belo Horizonte (MG).<\/p>\n\n\n\n<p>Mais informa\u00e7\u00f5es:<a href=\"https:\/\/minassummit.com\/\" target=\"_blank\" rel=\"noreferrer noopener\">&nbsp;<\/a><a href=\"https:\/\/minassummit.com\/\" target=\"_blank\" rel=\"noreferrer noopener\">https:\/\/minassummit.com\/.<\/a><\/p>\n\n\n\n<p><strong><u>Sobre a FCJ Group<\/u><\/strong><\/p>\n\n\n\n<p>Criada em 2013, em Belo Horizonte (MG), a FCJGroup, o maior grupo de venture builder da Am\u00e9rica Latina, \u00e9 uma multinacional que conecta investidores, startups, corpora\u00e7\u00f5es e universidades para desenvolver neg\u00f3cios inovadores que impactam a vida das pessoas. Com o objetivo de favorecer o ecossistema de inova\u00e7\u00e3o do Brasil, hoje \u00e9 l\u00edder do segmento e possui venture builders espalhadas pelo mundo. Para mais informa\u00e7\u00f5es, acesse:<a href=\"https:\/\/fcjventurebuilder.com\/\" target=\"_blank\" rel=\"noreferrer noopener\">&nbsp;<\/a><a href=\"https:\/\/fcjventurebuilder.com\/\" target=\"_blank\" rel=\"noreferrer noopener\">https:\/\/fcjventurebuilder.com\/<\/a>.<\/p>\n","protected":false},"excerpt":{"rendered":"<p>Maior evento de inova\u00e7\u00e3o corporativa da capital mineira ganha mais um dia de realiza\u00e7\u00e3o; entre 26 e 27 de junho, mais de 300 painelistas se re\u00fanem em cinco palcos simult\u00e2neos O Minas Summit, uma iniciativa da FCJ Group,&nbsp; do&nbsp;\u00d3rbi Conecta&nbsp;e do San Pedro Valley, destaca-se como um dos principais eventos de inova\u00e7\u00e3o corporativa no Brasil. [&hellip;]<\/p>\n","protected":false},"author":2,"featured_media":1952,"comment_status":"open","ping_status":"open","sticky":false,"template":"","format":"standard","meta":{"footnotes":""},"categories":[23],"tags":[],"class_list":{"0":"post-1951","1":"post","2":"type-post","3":"status-publish","4":"format-standard","5":"has-post-thumbnail","7":"category-feirasdenegocios"},"_links":{"self":[{"href":"https:\/\/tveventos.tv.br\/index.php?rest_route=\/wp\/v2\/posts\/1951","targetHints":{"allow":["GET"]}}],"collection":[{"href":"https:\/\/tveventos.tv.br\/index.php?rest_route=\/wp\/v2\/posts"}],"about":[{"href":"https:\/\/tveventos.tv.br\/index.php?rest_route=\/wp\/v2\/types\/post"}],"author":[{"embeddable":true,"href":"https:\/\/tveventos.tv.br\/index.php?rest_route=\/wp\/v2\/users\/2"}],"replies":[{"embeddable":true,"href":"https:\/\/tveventos.tv.br\/index.php?rest_route=%2Fwp%2Fv2%2Fcomments&post=1951"}],"version-history":[{"count":1,"href":"https:\/\/tveventos.tv.br\/index.php?rest_route=\/wp\/v2\/posts\/1951\/revisions"}],"predecessor-version":[{"id":1953,"href":"https:\/\/tveventos.tv.br\/index.php?rest_route=\/wp\/v2\/posts\/1951\/revisions\/1953"}],"wp:featuredmedia":[{"embeddable":true,"href":"https:\/\/tveventos.tv.br\/index.php?rest_route=\/wp\/v2\/media\/1952"}],"wp:attachment":[{"href":"https:\/\/tveventos.tv.br\/index.php?rest_route=%2Fwp%2Fv2%2Fmedia&parent=1951"}],"wp:term":[{"taxonomy":"category","embeddable":true,"href":"https:\/\/tveventos.tv.br\/index.php?rest_route=%2Fwp%2Fv2%2Fcategories&post=1951"},{"taxonomy":"post_tag","embeddable":true,"href":"https:\/\/tveventos.tv.br\/index.php?rest_route=%2Fwp%2Fv2%2Ftags&post=1951"}],"curies":[{"name":"wp","href":"https:\/\/api.w.org\/{rel}","templated":true}]}}