{"id":1954,"date":"2024-05-16T11:44:21","date_gmt":"2024-05-16T14:44:21","guid":{"rendered":"https:\/\/tveventos.tv.br\/?p=1954"},"modified":"2024-05-16T11:44:23","modified_gmt":"2024-05-16T14:44:23","slug":"mega-artesanal-anuncia-edicao-de-2024","status":"publish","type":"post","link":"https:\/\/tveventos.tv.br\/?p=1954","title":{"rendered":"Mega Artesanal anuncia edi\u00e7\u00e3o de 2024"},"content":{"rendered":"\n<p class=\"has-text-align-center\"><em>Maior feira de produtos e t\u00e9cnicas para arte, artesanato e artes manuais da Am\u00e9rica Latina acontece de 27 a 31 de julho no S\u00e3o Paulo Expo<\/em><\/p>\n\n\n\n<p>A Mega Artesanal, maior feira de produtos e t\u00e9cnicas para arte, artesanato e artes manuais da Am\u00e9rica Latina, anuncia sua pr\u00f3xima edi\u00e7\u00e3o, marcada para os dias 27 a 31 de julho, em S\u00e3o Paulo. Voltada para empresas e profissionais da ind\u00fastria e do com\u00e9rcio ligados ao artesanato, decora\u00e7\u00e3o de festas e \u00e0 confeitaria, a edi\u00e7\u00e3o de 2024 espera receber cerca de 100 mil pessoas no S\u00e3o Paulo Expo, na capital paulista, reunindo marcas como Pilot, Brother, Singer, C\u00edrculo, Feltros Santa F\u00e9, Fitas Progresso, Cake Scrap Brasil, Linhas Corrente, entre outras.<\/p>\n\n\n\n<p>Na edi\u00e7\u00e3o de 2023, o evento recebeu mais de 120 mil visitantes ao longo dos seis dias de evento, 630 caravanas de todo o Brasil, ultrapassando a expectativa de p\u00fablico. Foram cerca de 400 expositores, incluindo ind\u00fastria, com\u00e9rcio, ateli\u00eas, artes\u00e3os e artistas, que ditam as tend\u00eancias do setor. Segundo dados do Sebrae, a ind\u00fastria do artesanato movimenta mais de R$ 100 bilh\u00f5es por ano no Brasil.<\/p>\n\n\n\n<p>\u201cA edi\u00e7\u00e3o de 2024 vem com for\u00e7a nos itens de decora\u00e7\u00e3o e artesanato na moda. Os fios s\u00e3o grandes coadjuvantes e, como sempre, o artesanato mostra sua for\u00e7a e diversidade com materiais e t\u00e9cnicas\u201d, ressalta a diretora da WR S\u00e3o Paulo, Rita Mazzotti.<\/p>\n\n\n\n<p>A Mega Artesanal \u00e9 uma feira completa, realizada h\u00e1 mais de 15 anos.&nbsp;Oferece in\u00fameras oportunidades para o p\u00fablico que gosta e faz arte, artesanato e artes manuais. O evento oferece milhares de cursos e demonstra\u00e7\u00f5es, al\u00e9m de apresentar as tecnologias, tend\u00eancias e lan\u00e7amentos do setor, venda de produtos, mat\u00e9rias primas, m\u00e1quinas, ferramentas, projetos, desafios, exposi\u00e7\u00f5es, encontros, neg\u00f3cios, entre outras oportunidades.<\/p>\n\n\n\n<p>O segundo lote de ingressos para a Mega Artesanal 2024 j\u00e1 est\u00e1 dispon\u00edvel com descontos pelo&nbsp;<a href=\"http:\/\/wrsaopaulo.com.br\/megaartesanal\" target=\"_blank\" rel=\"noreferrer noopener\">wrsaopaulo.com.br\/megaartesanal<\/a>.<\/p>\n\n\n\n<p>A WR \u00e9 especializada na promo\u00e7\u00e3o e organiza\u00e7\u00e3o de feiras e congressos, nacionais e internacionais. Em 2003, entrou no setor de arte, artesanato e artes manuais e, desde ent\u00e3o, responde pela realiza\u00e7\u00e3o das principais feiras do setor, com \u00eanfase na oferta de cursos, oficinas e workshops para capacita\u00e7\u00e3o e reciclagem de t\u00e9cnicas e de espa\u00e7os de inspira\u00e7\u00e3o, com exposi\u00e7\u00f5es, simula\u00e7\u00f5es de ambientes, instala\u00e7\u00f5es etc. Integram ainda o calend\u00e1rio de feiras a Artesanal Sul (Porto Alegre\/RS), a Artesanal Nordeste (Olinda\/PE), a Brazil Patchwork e Scrapbooking Show (S\u00e3o Paulo\/SP), e a Criativa SP (S\u00e3o Paulo\/SP).<\/p>\n\n\n\n<p><strong>Servi\u00e7o &#8211; MEGA ARTESANAL 2024<\/strong><\/p>\n\n\n\n<p><strong>Data<\/strong>: 27 a 31 de julho de 2024<\/p>\n\n\n\n<p><strong>Local<\/strong>: S\u00e3o Paulo Expo<\/p>\n\n\n\n<p><strong>Endere\u00e7o<\/strong>: Rodovia dos Imigrantes,&nbsp;Km 1,5, \u00c1gua Funda &#8211;&nbsp;S\u00e3o Paulo\/SP<\/p>\n\n\n\n<p><strong>Hor\u00e1rios:&nbsp;<\/strong>Das 10h \u00e0s 18h<\/p>\n\n\n\n<p><strong>Ingressos:<\/strong>&nbsp;2\u00ba lote com desconto dispon\u00edvel pelo&nbsp;<a href=\"http:\/\/wrsaopaulo.com.br\/megaartesanal\" target=\"_blank\" rel=\"noreferrer noopener\">wrsaopaulo.com.br\/megaartesanal<\/a><\/p>\n\n\n\n<p><strong>Valores<\/strong>: R$ 40 (inteira) \/ R$ 20 (meia) (at\u00e9 17 de julho).<\/p>\n\n\n\n<p><strong>Restri\u00e7\u00f5es<\/strong>: Proibida e entrada de menores de 12 anos, exceto lactentes de at\u00e9 2 anos.<\/p>\n\n\n\n<p><strong>Vans Gratuitas:<\/strong>&nbsp;Saindo do Metr\u00f4 S\u00e3o Judas<\/p>\n\n\n\n<p><strong>Outros detalhes<\/strong>:&nbsp;<a href=\"http:\/\/wrsaopaulo.com.br\/megaartesanal\" target=\"_blank\" rel=\"noreferrer noopener\">wrsaopaulo.com.br\/megaartesanal<\/a><\/p>\n","protected":false},"excerpt":{"rendered":"<p>Maior feira de produtos e t\u00e9cnicas para arte, artesanato e artes manuais da Am\u00e9rica Latina acontece de 27 a 31 de julho no S\u00e3o Paulo Expo A Mega Artesanal, maior feira de produtos e t\u00e9cnicas para arte, artesanato e artes manuais da Am\u00e9rica Latina, anuncia sua pr\u00f3xima edi\u00e7\u00e3o, marcada para os dias 27 a 31 [&hellip;]<\/p>\n","protected":false},"author":2,"featured_media":1955,"comment_status":"open","ping_status":"open","sticky":false,"template":"","format":"standard","meta":{"footnotes":""},"categories":[23],"tags":[],"class_list":{"0":"post-1954","1":"post","2":"type-post","3":"status-publish","4":"format-standard","5":"has-post-thumbnail","7":"category-feirasdenegocios"},"_links":{"self":[{"href":"https:\/\/tveventos.tv.br\/index.php?rest_route=\/wp\/v2\/posts\/1954","targetHints":{"allow":["GET"]}}],"collection":[{"href":"https:\/\/tveventos.tv.br\/index.php?rest_route=\/wp\/v2\/posts"}],"about":[{"href":"https:\/\/tveventos.tv.br\/index.php?rest_route=\/wp\/v2\/types\/post"}],"author":[{"embeddable":true,"href":"https:\/\/tveventos.tv.br\/index.php?rest_route=\/wp\/v2\/users\/2"}],"replies":[{"embeddable":true,"href":"https:\/\/tveventos.tv.br\/index.php?rest_route=%2Fwp%2Fv2%2Fcomments&post=1954"}],"version-history":[{"count":1,"href":"https:\/\/tveventos.tv.br\/index.php?rest_route=\/wp\/v2\/posts\/1954\/revisions"}],"predecessor-version":[{"id":1956,"href":"https:\/\/tveventos.tv.br\/index.php?rest_route=\/wp\/v2\/posts\/1954\/revisions\/1956"}],"wp:featuredmedia":[{"embeddable":true,"href":"https:\/\/tveventos.tv.br\/index.php?rest_route=\/wp\/v2\/media\/1955"}],"wp:attachment":[{"href":"https:\/\/tveventos.tv.br\/index.php?rest_route=%2Fwp%2Fv2%2Fmedia&parent=1954"}],"wp:term":[{"taxonomy":"category","embeddable":true,"href":"https:\/\/tveventos.tv.br\/index.php?rest_route=%2Fwp%2Fv2%2Fcategories&post=1954"},{"taxonomy":"post_tag","embeddable":true,"href":"https:\/\/tveventos.tv.br\/index.php?rest_route=%2Fwp%2Fv2%2Ftags&post=1954"}],"curies":[{"name":"wp","href":"https:\/\/api.w.org\/{rel}","templated":true}]}}