{"id":1957,"date":"2024-05-16T17:54:04","date_gmt":"2024-05-16T20:54:04","guid":{"rendered":"https:\/\/tveventos.tv.br\/?p=1957"},"modified":"2024-05-16T17:54:08","modified_gmt":"2024-05-16T20:54:08","slug":"febratex-busca-se-tornar-um-evento-com-selo-lixo-zero","status":"publish","type":"post","link":"https:\/\/tveventos.tv.br\/?p=1957","title":{"rendered":"Febratex busca se tornar um evento com selo Lixo Zero"},"content":{"rendered":"\n<p class=\"has-text-align-center\"><em>O Febratex Group j\u00e1 conta com essa certifica\u00e7\u00e3o no Febratex Summit, evento que promove conhecimento sobre inova\u00e7\u00e3o e sustentabilidade na ind\u00fastria t\u00eaxtil<\/em><\/p>\n\n\n\n<p>A ind\u00fastria t\u00eaxtil e da moda tem mirado uma produ\u00e7\u00e3o mais sustent\u00e1vel como o principal objetivo desta e das pr\u00f3ximas d\u00e9cadas, com compromissos para reduzir a emiss\u00e3o de gases do efeito estufa e tornar outros processos ambientalmente adequados. Seguindo o caminho da sustentabilidade, a <a href=\"https:\/\/febratex.com.br\/a-feira\/\">Febratex<\/a>, maior feira de tecnologia t\u00eaxtil das Am\u00e9ricas, busca ter na edi\u00e7\u00e3o de 2004 o selo <a href=\"https:\/\/certificacaolixozero.com\/\">Lixo Zero<\/a>,&nbsp; refor\u00e7ando o compromisso com a sustentabilidade.&nbsp;<\/p>\n\n\n\n<p>A certifica\u00e7\u00e3o, reconhecida globalmente, \u00e9 concedida para eventos que conseguem encaminhar corretamente mais de 90% dos res\u00edduos gerados. <strong>Giordana Madeira, <\/strong>diretora executiva do Febratex Group, conta que em 2023, o Febratex Group em parceria com a Euro Ambiental, obtiveram a certifica\u00e7\u00e3o do Febratex Summit, evento que promove conhecimento sobre inova\u00e7\u00e3o e sustentabilidade na ind\u00fastria t\u00eaxtil. \u201cEssa conquista foi motivo de muito orgulho para n\u00f3s, afinal, defendemos a sustentabilidade na ind\u00fastria t\u00eaxtil em nossas feiras, trazendo desde novidades, conhecimentos e a\u00e7\u00f5es que reafirmam nosso compromisso\u201d, destaca.&nbsp;<\/p>\n\n\n\n<p><strong>A busca pela certifica\u00e7\u00e3o&nbsp;<\/strong><\/p>\n\n\n\n<p>A busca pela certifica\u00e7\u00e3o Lixo Zero demonstra o comprometimento do Febratex Group em liderar um exemplo e inspirar outras empresas e eventos a adotarem pr\u00e1ticas mais respons\u00e1veis em prol de um futuro sustent\u00e1vel para todos, transformando a ind\u00fastria t\u00eaxtil em uma for\u00e7a positiva para o meio ambiente. Exemplo disso \u00e9 que o grupo esteve presente recentemente no primeiro Anu\u00e1rio de Certifica\u00e7\u00e3o Lixo Zero, realizado no AYA Earth, recebendo a certifica\u00e7\u00e3o obtida em 2023.&nbsp;<\/p>\n\n\n\n<p>\u201cAnalisando as empresas certificadas, em 2023 foram gerados 85.4 milh\u00f5es de toneladas de res\u00edduos, sendo que 10.9 milh\u00f5es de toneladas foram recicladas e 72.3 milh\u00f5es de toneladas foram para <a href=\"https:\/\/ciclovivo.com.br\/planeta\/desenvolvimento\/franca-implementa-compostagem-obrigatoria-em-todo-o-pais\/\">compostagem<\/a>. O evento trouxe \u00e0 tona discuss\u00f5es ricas e importantes sobre as oportunidades de desenvolvimento econ\u00f4mico a partir dos res\u00edduos. O Brasil \u00e9 um pa\u00eds rico em mat\u00e9ria prima, ao analisar as tecnologias globais e brasileiras, vimos que \u00e9 poss\u00edvel sim ter uma ind\u00fastria mais sustent\u00e1vel, promovendo o reuso\u201d, pontua.&nbsp;<\/p>\n\n\n\n<p><strong>Febratex e Lixo Zero<\/strong><\/p>\n\n\n\n<p>A iniciativa do Febratex Summit foi liderada pela Euro Ambiental, empresa refer\u00eancia no segmento de solu\u00e7\u00f5es ambientais para a ind\u00fastria t\u00eaxtil. <strong>Gabriel Cristofolini, CEO da Euro Ambiental<\/strong>, destaca que no Brasil somente 4% dos res\u00edduos gerados s\u00e3o efetivamente reciclados e o restante da conta acaba sendo destinado para aterros ou lix\u00f5es.&nbsp;&nbsp;<\/p>\n\n\n\n<p>Com mais de 35 mil m\u00b2 de evento, a Febratex explora as \u00faltimas inova\u00e7\u00f5es, tend\u00eancias e solu\u00e7\u00f5es tecnol\u00f3gicas no setor t\u00eaxtil, sempre preservando o pilar sustent\u00e1vel da cadeia. Por isso, Giordana refor\u00e7a que o selo \u00e9 concedido a partir de pr\u00e1ticas exemplares para minimizar o desperd\u00edcio, reduzir a polui\u00e7\u00e3o e promover a economia circular &#8211; que faz parte de modelos sustent\u00e1veis &#8211; e solu\u00e7\u00f5es ambientalmente respons\u00e1veis em todas as etapas da cadeia produtiva. \u201cEstamos muito felizes em participar desse processo,&nbsp; acreditamos que ser\u00e1 um marco para a feira de tecnologia t\u00eaxtil das Am\u00e9ricas\u201d.&nbsp;<\/p>\n\n\n\n<p>A certifica\u00e7\u00e3o Lixo Zero da Febratex n\u00e3o se limita apenas ao evento em si, mas tamb\u00e9m abrange a participa\u00e7\u00e3o de expositores, fornecedores e visitantes. Cristofolini explica que todos s\u00e3o incentivados a adotar pr\u00e1ticas sustent\u00e1veis e a colaborar com a correta separa\u00e7\u00e3o e destina\u00e7\u00e3o dos res\u00edduos gerados durante o evento. \u201cAssim que esta edi\u00e7\u00e3o da Febratex foi lan\u00e7ada, estamos trabalhando para alcan\u00e7ar a meta, ou seja, estamos fazendo diversas a\u00e7\u00f5es para evitar a gera\u00e7\u00e3o de res\u00edduos\u201d.&nbsp;<\/p>\n\n\n\n<p>Para se inscrever e garantir a participa\u00e7\u00e3o na 18\u00aa edi\u00e7\u00e3o da Febratex, basta acessar o<a href=\"https:\/\/sigevent.pro\/fcemeventos\/visitantes\/index.php?id_edicao=378&amp;linguagem=portugues\"> site<\/a> e preencher o formul\u00e1rio de inscri\u00e7\u00e3o.&nbsp;&nbsp;<\/p>\n\n\n\n<p>D\u00favidas, informa\u00e7\u00f5es e inscri\u00e7\u00f5es:<a href=\"https:\/\/febratex.com.br\/\"> <\/a><a href=\"https:\/\/febratex.com.br\">https:\/\/febratex.com.br<\/a>.<\/p>\n","protected":false},"excerpt":{"rendered":"<p>O Febratex Group j\u00e1 conta com essa certifica\u00e7\u00e3o no Febratex Summit, evento que promove conhecimento sobre inova\u00e7\u00e3o e sustentabilidade na ind\u00fastria t\u00eaxtil A ind\u00fastria t\u00eaxtil e da moda tem mirado uma produ\u00e7\u00e3o mais sustent\u00e1vel como o principal objetivo desta e das pr\u00f3ximas d\u00e9cadas, com compromissos para reduzir a emiss\u00e3o de gases do efeito estufa e [&hellip;]<\/p>\n","protected":false},"author":2,"featured_media":1959,"comment_status":"open","ping_status":"open","sticky":false,"template":"","format":"standard","meta":{"footnotes":""},"categories":[23],"tags":[],"class_list":{"0":"post-1957","1":"post","2":"type-post","3":"status-publish","4":"format-standard","5":"has-post-thumbnail","7":"category-feirasdenegocios"},"_links":{"self":[{"href":"https:\/\/tveventos.tv.br\/index.php?rest_route=\/wp\/v2\/posts\/1957","targetHints":{"allow":["GET"]}}],"collection":[{"href":"https:\/\/tveventos.tv.br\/index.php?rest_route=\/wp\/v2\/posts"}],"about":[{"href":"https:\/\/tveventos.tv.br\/index.php?rest_route=\/wp\/v2\/types\/post"}],"author":[{"embeddable":true,"href":"https:\/\/tveventos.tv.br\/index.php?rest_route=\/wp\/v2\/users\/2"}],"replies":[{"embeddable":true,"href":"https:\/\/tveventos.tv.br\/index.php?rest_route=%2Fwp%2Fv2%2Fcomments&post=1957"}],"version-history":[{"count":1,"href":"https:\/\/tveventos.tv.br\/index.php?rest_route=\/wp\/v2\/posts\/1957\/revisions"}],"predecessor-version":[{"id":1960,"href":"https:\/\/tveventos.tv.br\/index.php?rest_route=\/wp\/v2\/posts\/1957\/revisions\/1960"}],"wp:featuredmedia":[{"embeddable":true,"href":"https:\/\/tveventos.tv.br\/index.php?rest_route=\/wp\/v2\/media\/1959"}],"wp:attachment":[{"href":"https:\/\/tveventos.tv.br\/index.php?rest_route=%2Fwp%2Fv2%2Fmedia&parent=1957"}],"wp:term":[{"taxonomy":"category","embeddable":true,"href":"https:\/\/tveventos.tv.br\/index.php?rest_route=%2Fwp%2Fv2%2Fcategories&post=1957"},{"taxonomy":"post_tag","embeddable":true,"href":"https:\/\/tveventos.tv.br\/index.php?rest_route=%2Fwp%2Fv2%2Ftags&post=1957"}],"curies":[{"name":"wp","href":"https:\/\/api.w.org\/{rel}","templated":true}]}}