{"id":1966,"date":"2024-05-17T18:40:19","date_gmt":"2024-05-17T21:40:19","guid":{"rendered":"https:\/\/tveventos.tv.br\/?p=1966"},"modified":"2024-05-17T18:40:58","modified_gmt":"2024-05-17T21:40:58","slug":"beauty-nutrition-expo","status":"publish","type":"post","link":"https:\/\/tveventos.tv.br\/?p=1966","title":{"rendered":"Beauty &amp; Nutrition Expo"},"content":{"rendered":"\n<p>Nesse evento contemplamos o congresso cient\u00edfico e uma feira que apresenta a for\u00e7a e a import\u00e2ncia da nutri\u00e7\u00e3o est\u00e9tica e da prescri\u00e7\u00e3o do nutricionista em nutrac\u00eauticos, suplementos e superfoods abordando o conceito In&amp;Out.<\/p>\n\n\n\n<p>Para al\u00e9m da Est\u00e9tica, a Sa\u00fade da Mulher engloba condi\u00e7\u00f5es cl\u00ednicas que refletem na pele, cabelo, unhas, sistema reprodutivo, percep\u00e7\u00e3o corporal e sa\u00fade mental relacionadas a Nutri\u00e7\u00e3o e Alimenta\u00e7\u00e3o.<\/p>\n\n\n\n<p>Junte-se a n\u00f3s, nos dias 17 e 18 de maio das 08h \u00e0s 19h no Centro de Conven\u00e7\u00f5es Frei Caneca.<\/p>\n\n\n\n<p>Endere\u00e7o: Rua Frei Caneca, 569 &#8211; S\u00e3o Paulo\/SP.<\/p>\n","protected":false},"excerpt":{"rendered":"<p>Nesse evento contemplamos o congresso cient\u00edfico e uma feira que apresenta a for\u00e7a e a import\u00e2ncia da nutri\u00e7\u00e3o est\u00e9tica e da prescri\u00e7\u00e3o do nutricionista em nutrac\u00eauticos, suplementos e superfoods abordando o conceito In&amp;Out. Para al\u00e9m da Est\u00e9tica, a Sa\u00fade da Mulher engloba condi\u00e7\u00f5es cl\u00ednicas que refletem na pele, cabelo, unhas, sistema reprodutivo, percep\u00e7\u00e3o corporal e [&hellip;]<\/p>\n","protected":false},"author":2,"featured_media":1548,"comment_status":"open","ping_status":"open","sticky":false,"template":"","format":"standard","meta":{"footnotes":""},"categories":[25],"tags":[],"class_list":{"0":"post-1966","1":"post","2":"type-post","3":"status-publish","4":"format-standard","5":"has-post-thumbnail","7":"category-calendariodeeventos"},"_links":{"self":[{"href":"https:\/\/tveventos.tv.br\/index.php?rest_route=\/wp\/v2\/posts\/1966","targetHints":{"allow":["GET"]}}],"collection":[{"href":"https:\/\/tveventos.tv.br\/index.php?rest_route=\/wp\/v2\/posts"}],"about":[{"href":"https:\/\/tveventos.tv.br\/index.php?rest_route=\/wp\/v2\/types\/post"}],"author":[{"embeddable":true,"href":"https:\/\/tveventos.tv.br\/index.php?rest_route=\/wp\/v2\/users\/2"}],"replies":[{"embeddable":true,"href":"https:\/\/tveventos.tv.br\/index.php?rest_route=%2Fwp%2Fv2%2Fcomments&post=1966"}],"version-history":[{"count":1,"href":"https:\/\/tveventos.tv.br\/index.php?rest_route=\/wp\/v2\/posts\/1966\/revisions"}],"predecessor-version":[{"id":1968,"href":"https:\/\/tveventos.tv.br\/index.php?rest_route=\/wp\/v2\/posts\/1966\/revisions\/1968"}],"wp:featuredmedia":[{"embeddable":true,"href":"https:\/\/tveventos.tv.br\/index.php?rest_route=\/wp\/v2\/media\/1548"}],"wp:attachment":[{"href":"https:\/\/tveventos.tv.br\/index.php?rest_route=%2Fwp%2Fv2%2Fmedia&parent=1966"}],"wp:term":[{"taxonomy":"category","embeddable":true,"href":"https:\/\/tveventos.tv.br\/index.php?rest_route=%2Fwp%2Fv2%2Fcategories&post=1966"},{"taxonomy":"post_tag","embeddable":true,"href":"https:\/\/tveventos.tv.br\/index.php?rest_route=%2Fwp%2Fv2%2Ftags&post=1966"}],"curies":[{"name":"wp","href":"https:\/\/api.w.org\/{rel}","templated":true}]}}