{"id":1973,"date":"2024-05-17T18:50:02","date_gmt":"2024-05-17T21:50:02","guid":{"rendered":"https:\/\/tveventos.tv.br\/?p=1973"},"modified":"2024-05-17T18:50:05","modified_gmt":"2024-05-17T21:50:05","slug":"drone-show","status":"publish","type":"post","link":"https:\/\/tveventos.tv.br\/?p=1973","title":{"rendered":"Drone Show"},"content":{"rendered":"\n<p>O prop\u00f3sito desse evento interligado \u00e9 reunir fabricantes e importadores de drones, tecnologia embarcada, rob\u00f3tica, sistemas aut\u00f4nomos, equipamentos afins, plataformas de processamento de dados, al\u00e9m de prestadores de servi\u00e7os, entidades reguladoras, universidades, startups, usu\u00e1rios p\u00fablicos e privados destas tecnologias.<\/p>\n\n\n\n<p>Junte-se a n\u00f3s, nos dias 21 \u00e0 23 de maio das 09h \u00e0s 19h no Expo Center Norte.<\/p>\n\n\n\n<p>Endere\u00e7o: Rua Jos\u00e9 Bernardo Pinto, 333 &#8211; Vila Guilherme, S\u00e3o Paulo\/SP.<\/p>\n","protected":false},"excerpt":{"rendered":"<p>O prop\u00f3sito desse evento interligado \u00e9 reunir fabricantes e importadores de drones, tecnologia embarcada, rob\u00f3tica, sistemas aut\u00f4nomos, equipamentos afins, plataformas de processamento de dados, al\u00e9m de prestadores de servi\u00e7os, entidades reguladoras, universidades, startups, usu\u00e1rios p\u00fablicos e privados destas tecnologias. Junte-se a n\u00f3s, nos dias 21 \u00e0 23 de maio das 09h \u00e0s 19h no Expo [&hellip;]<\/p>\n","protected":false},"author":2,"featured_media":1974,"comment_status":"open","ping_status":"open","sticky":false,"template":"","format":"standard","meta":{"footnotes":""},"categories":[25],"tags":[],"class_list":{"0":"post-1973","1":"post","2":"type-post","3":"status-publish","4":"format-standard","5":"has-post-thumbnail","7":"category-calendariodeeventos"},"_links":{"self":[{"href":"https:\/\/tveventos.tv.br\/index.php?rest_route=\/wp\/v2\/posts\/1973","targetHints":{"allow":["GET"]}}],"collection":[{"href":"https:\/\/tveventos.tv.br\/index.php?rest_route=\/wp\/v2\/posts"}],"about":[{"href":"https:\/\/tveventos.tv.br\/index.php?rest_route=\/wp\/v2\/types\/post"}],"author":[{"embeddable":true,"href":"https:\/\/tveventos.tv.br\/index.php?rest_route=\/wp\/v2\/users\/2"}],"replies":[{"embeddable":true,"href":"https:\/\/tveventos.tv.br\/index.php?rest_route=%2Fwp%2Fv2%2Fcomments&post=1973"}],"version-history":[{"count":1,"href":"https:\/\/tveventos.tv.br\/index.php?rest_route=\/wp\/v2\/posts\/1973\/revisions"}],"predecessor-version":[{"id":1975,"href":"https:\/\/tveventos.tv.br\/index.php?rest_route=\/wp\/v2\/posts\/1973\/revisions\/1975"}],"wp:featuredmedia":[{"embeddable":true,"href":"https:\/\/tveventos.tv.br\/index.php?rest_route=\/wp\/v2\/media\/1974"}],"wp:attachment":[{"href":"https:\/\/tveventos.tv.br\/index.php?rest_route=%2Fwp%2Fv2%2Fmedia&parent=1973"}],"wp:term":[{"taxonomy":"category","embeddable":true,"href":"https:\/\/tveventos.tv.br\/index.php?rest_route=%2Fwp%2Fv2%2Fcategories&post=1973"},{"taxonomy":"post_tag","embeddable":true,"href":"https:\/\/tveventos.tv.br\/index.php?rest_route=%2Fwp%2Fv2%2Ftags&post=1973"}],"curies":[{"name":"wp","href":"https:\/\/api.w.org\/{rel}","templated":true}]}}