{"id":1976,"date":"2024-05-17T18:51:34","date_gmt":"2024-05-17T21:51:34","guid":{"rendered":"https:\/\/tveventos.tv.br\/?p=1976"},"modified":"2024-05-17T18:51:34","modified_gmt":"2024-05-17T21:51:34","slug":"space-br-show","status":"publish","type":"post","link":"https:\/\/tveventos.tv.br\/?p=1976","title":{"rendered":"SPACE BR SHOW"},"content":{"rendered":"\n<p>O prop\u00f3sito desta quarta edi\u00e7\u00e3o do evento \u00e9 mostrar o potencial de novos neg\u00f3cios provocados pela explora\u00e7\u00e3o espacial para a comunidade da Am\u00e9rica Latina. Para isso, o evento vai conectar empresas privadas, governo, universidades, institutos de pesquisa, startups, investidores e usu\u00e1rios das solu\u00e7\u00f5es que v\u00eam do espa\u00e7o.<\/p>\n\n\n\n<p>Junte-se a n\u00f3s, nos dias 21 \u00e0 23 de maio das 10h \u00e0s 18h no Pavilh\u00e3o Amarelo do Expo Center Norte.Endere\u00e7o: Rua Jos\u00e9 Bernardo Pinto, 333 &#8211; Vila Guilherme, S\u00e3o Paulo\/SP<\/p>\n","protected":false},"excerpt":{"rendered":"<p>O prop\u00f3sito desta quarta edi\u00e7\u00e3o do evento \u00e9 mostrar o potencial de novos neg\u00f3cios provocados pela explora\u00e7\u00e3o espacial para a comunidade da Am\u00e9rica Latina. Para isso, o evento vai conectar empresas privadas, governo, universidades, institutos de pesquisa, startups, investidores e usu\u00e1rios das solu\u00e7\u00f5es que v\u00eam do espa\u00e7o. Junte-se a n\u00f3s, nos dias 21 \u00e0 23 [&hellip;]<\/p>\n","protected":false},"author":2,"featured_media":1977,"comment_status":"open","ping_status":"open","sticky":false,"template":"","format":"standard","meta":{"footnotes":""},"categories":[25],"tags":[],"class_list":{"0":"post-1976","1":"post","2":"type-post","3":"status-publish","4":"format-standard","5":"has-post-thumbnail","7":"category-calendariodeeventos"},"_links":{"self":[{"href":"https:\/\/tveventos.tv.br\/index.php?rest_route=\/wp\/v2\/posts\/1976","targetHints":{"allow":["GET"]}}],"collection":[{"href":"https:\/\/tveventos.tv.br\/index.php?rest_route=\/wp\/v2\/posts"}],"about":[{"href":"https:\/\/tveventos.tv.br\/index.php?rest_route=\/wp\/v2\/types\/post"}],"author":[{"embeddable":true,"href":"https:\/\/tveventos.tv.br\/index.php?rest_route=\/wp\/v2\/users\/2"}],"replies":[{"embeddable":true,"href":"https:\/\/tveventos.tv.br\/index.php?rest_route=%2Fwp%2Fv2%2Fcomments&post=1976"}],"version-history":[{"count":1,"href":"https:\/\/tveventos.tv.br\/index.php?rest_route=\/wp\/v2\/posts\/1976\/revisions"}],"predecessor-version":[{"id":1978,"href":"https:\/\/tveventos.tv.br\/index.php?rest_route=\/wp\/v2\/posts\/1976\/revisions\/1978"}],"wp:featuredmedia":[{"embeddable":true,"href":"https:\/\/tveventos.tv.br\/index.php?rest_route=\/wp\/v2\/media\/1977"}],"wp:attachment":[{"href":"https:\/\/tveventos.tv.br\/index.php?rest_route=%2Fwp%2Fv2%2Fmedia&parent=1976"}],"wp:term":[{"taxonomy":"category","embeddable":true,"href":"https:\/\/tveventos.tv.br\/index.php?rest_route=%2Fwp%2Fv2%2Fcategories&post=1976"},{"taxonomy":"post_tag","embeddable":true,"href":"https:\/\/tveventos.tv.br\/index.php?rest_route=%2Fwp%2Fv2%2Ftags&post=1976"}],"curies":[{"name":"wp","href":"https:\/\/api.w.org\/{rel}","templated":true}]}}